{"id":11792,"date":"2021-05-11T10:01:52","date_gmt":"2021-05-11T10:01:52","guid":{"rendered":"https:\/\/reward.pt\/?p=11792"},"modified":"2023-01-03T15:19:46","modified_gmt":"2023-01-03T15:19:46","slug":"prazo-marcacao-ferias-termina-15-maio","status":"publish","type":"post","link":"https:\/\/reward.pt\/en\/prazo-marcacao-ferias-termina-15-maio\/","title":{"rendered":"Prazo para marca\u00e7\u00e3o de f\u00e9rias termina a 15 de maio"},"content":{"rendered":"<p>Devido \u00e0s dificuldades sentidas pelos empregadores devido \u00e0 crise causada pela pandemia o Governo optou por prolongar o prazo para marca\u00e7\u00e3o de f\u00e9rias at\u00e9 15 de maio. Este prolongamento do prazo aplica-se tanto ao setor privado como ao p\u00fablico.<\/p>\n<p>No ano de 2020 o Governo j\u00e1 tinha realizado mudan\u00e7as no prazo para marca\u00e7\u00e3o de f\u00e9rias. Estabeleceu que a aprova\u00e7\u00e3o e fixa\u00e7\u00e3o de mapas de f\u00e9rias ocorresse at\u00e9 10 ap\u00f3s o t\u00e9rmino do estado de emerg\u00eancia.<\/p>\n<p>Segundo o que consta no c\u00f3digo do trabalho, o per\u00edodo de f\u00e9rias \u00e9 marcado por acordo entre empregador e trabalhador, contempla geralmente o gozo de 22 dias de descanso e pode ser interpolado desde que em per\u00edodo de pelo menos 10 dias consecutivos. Em situa\u00e7\u00e3o que se verifique falta de acordo o empregador deve marcar as f\u00e9rias, respeitando um conjunto de regras e assegurando que estas n\u00e3o podem come\u00e7ar no dia de descanso semanal do colaborador.<\/p>\n<p>\u00c9 tamb\u00e9m da responsabilidade do empregador elaborar os mapas de f\u00e9rias, indicando o in\u00edcio e fim dos per\u00edodos de cada colaborador, mantendo-os afixados nos locais de trabalho at\u00e9 o fim do m\u00eas de outubro.<\/p>","protected":false},"excerpt":{"rendered":"<p>Devido \u00e0s dificuldades sentidas pelos empregadores devido \u00e0 crise causada pela pandemia o Governo optou por prolongar o prazo para marca\u00e7\u00e3o de f\u00e9rias at\u00e9 15 de maio. Este prolongamento do prazo aplica-se tanto ao setor privado como ao p\u00fablico. No ano de 2020 o Governo j\u00e1 tinha realizado mudan\u00e7as no prazo para marca\u00e7\u00e3o de f\u00e9rias. [&hellip;]<\/p>","protected":false},"author":1,"featured_media":13542,"comment_status":"closed","ping_status":"open","sticky":false,"template":"","format":"standard","meta":{"_acf_changed":false,"footnotes":""},"categories":[8,1,9],"tags":[75,68,76,77,78,79],"class_list":["post-11792","post","type-post","status-publish","format-standard","has-post-thumbnail","hentry","category-empreendedorismo","category-noticias","category-trabalho","tag-codigo-trabalho","tag-empresas","tag-ferias","tag-marcacao","tag-prazo","tag-prolongamento"],"acf":[],"_links":{"self":[{"href":"https:\/\/reward.pt\/en\/wp-json\/wp\/v2\/posts\/11792","targetHints":{"allow":["GET"]}}],"collection":[{"href":"https:\/\/reward.pt\/en\/wp-json\/wp\/v2\/posts"}],"about":[{"href":"https:\/\/reward.pt\/en\/wp-json\/wp\/v2\/types\/post"}],"author":[{"embeddable":true,"href":"https:\/\/reward.pt\/en\/wp-json\/wp\/v2\/users\/1"}],"replies":[{"embeddable":true,"href":"https:\/\/reward.pt\/en\/wp-json\/wp\/v2\/comments?post=11792"}],"version-history":[{"count":0,"href":"https:\/\/reward.pt\/en\/wp-json\/wp\/v2\/posts\/11792\/revisions"}],"wp:featuredmedia":[{"embeddable":true,"href":"https:\/\/reward.pt\/en\/wp-json\/wp\/v2\/media\/13542"}],"wp:attachment":[{"href":"https:\/\/reward.pt\/en\/wp-json\/wp\/v2\/media?parent=11792"}],"wp:term":[{"taxonomy":"category","embeddable":true,"href":"https:\/\/reward.pt\/en\/wp-json\/wp\/v2\/categories?post=11792"},{"taxonomy":"post_tag","embeddable":true,"href":"https:\/\/reward.pt\/en\/wp-json\/wp\/v2\/tags?post=11792"}],"curies":[{"name":"wp","href":"https:\/\/api.w.org\/{rel}","templated":true}]}}