{"id":11862,"date":"2021-05-27T14:51:57","date_gmt":"2021-05-27T14:51:57","guid":{"rendered":"https:\/\/reward.pt\/?p=11862"},"modified":"2025-01-06T10:46:54","modified_gmt":"2025-01-06T10:46:54","slug":"camara-municipal-oeiras-atribui-apoio-fundo-perdido-empresas-operam-no-municipio","status":"publish","type":"post","link":"https:\/\/reward.pt\/en\/camara-municipal-oeiras-atribui-apoio-fundo-perdido-empresas-operam-no-municipio\/","title":{"rendered":"C\u00e2mara Municipal de Oeiras atribui apoio a fundo perdido \u00e0s empresas que operam no Munic\u00edpio"},"content":{"rendered":"<p>A C\u00e2mara Municipal de Oeiras (CMO) est\u00e1 a atribuir \u00e0s empresas com sede fiscal e atividade desenvolvida no Concelho de Oeiras <strong>um<\/strong><strong> apoio a fundo perdido<\/strong> com vista \u00e0 recupera\u00e7\u00e3o econ\u00f3mica do Concelho no \u00e2mbito do Plano Operacional de refor\u00e7o das medidas de combate e mitiga\u00e7\u00e3o dos efeitos negativos do COVID-19. Esse apoio ir\u00e1 promover a economia local e manuten\u00e7\u00e3o dos postos de trabalho.<\/p>\n<p>Para tal ser poss\u00edvel o programa conta com um fundo no valor de 3 milh\u00f5es de euros que ser\u00e3o repartidos pelos operadores econ\u00f3micos que obede\u00e7am aos seguintes crit\u00e9rios de elegibilidade:<\/p>\n<ul>\n<li>Ter sede fiscal e atividade desenvolvida dentro do Concelho de Oeiras,<\/li>\n<li>Ter contabilidade organizada,<\/li>\n<li>Situa\u00e7\u00e3o fiscal e contributiva regularizada,<\/li>\n<li>N\u00e3o ter dividas ao Munic\u00edpio de Oeiras,<\/li>\n<li>N\u00e3o se encontrar em insolv\u00eancia, liquida\u00e7\u00e3o ou cessa\u00e7\u00e3o de atividade,<\/li>\n<li>Estar legalmente constitu\u00eddo desde 2019,<\/li>\n<li>Demonstrar volume de neg\u00f3cios at\u00e9 400.000\u20ac no ano de 2019,<\/li>\n<li>Apresentar quebras de fatura\u00e7\u00e3o iguais ou superiores a 30% no per\u00edodo entre 31 de mar\u00e7o e 31 de dezembro de 2020.<\/li>\n<\/ul>\n<p>Para requerer o apoio extraordin\u00e1rio os operadores podem realizar a marca\u00e7\u00e3o previamente atrav\u00e9s do contato 214\u00a0408 585 e\/ou do email <a href=\"mailto:investidor@oeiras.pt\">investidor@oeiras.pt<\/a>. Os operadores econ\u00f3micos devem apresentar estes pontos:<\/p>\n<ul>\n<li>C\u00f3digo de acesso \u00e0 certid\u00e3o permanente ou, no caso de ENI, comprovativo de situa\u00e7\u00e3o fiscal integrada via portal das finan\u00e7as.<\/li>\n<li>Certid\u00e3o comprovativa da situa\u00e7\u00e3o contributiva regularizada pela Seguran\u00e7a Social (ou autoriza\u00e7\u00e3o de acesso \u00e0 mesma)<\/li>\n<li>Certid\u00e3o comprovativa da situa\u00e7\u00e3o tribut\u00e1ria regularizada pela AT (ou autoriza\u00e7\u00e3o de acesso \u00e0 mesma).<\/li>\n<li>Comprovativo de Certifica\u00e7\u00e3o PME no caso de sociedades comerciais.<\/li>\n<li>Declara\u00e7\u00e3o de contabilista certificado.<\/li>\n<li>Comprovativo de IBAN do requerente.<\/li>\n<\/ul>","protected":false},"excerpt":{"rendered":"<p>A C\u00e2mara Municipal de Oeiras (CMO) est\u00e1 a atribuir \u00e0s empresas com sede fiscal e atividade desenvolvida no Concelho de Oeiras um apoio a fundo perdido com vista \u00e0 recupera\u00e7\u00e3o econ\u00f3mica do Concelho no \u00e2mbito do Plano Operacional de refor\u00e7o das medidas de combate e mitiga\u00e7\u00e3o dos efeitos negativos do COVID-19. Esse apoio ir\u00e1 promover [&hellip;]<\/p>","protected":false},"author":1,"featured_media":21982,"comment_status":"closed","ping_status":"open","sticky":false,"template":"","format":"standard","meta":{"_acf_changed":false,"footnotes":""},"categories":[8,27,1],"tags":[162,130,163,164,68,165,166,31],"class_list":["post-11862","post","type-post","status-publish","format-standard","has-post-thumbnail","hentry","category-empreendedorismo","category-empresas","category-noticias","tag-apoio-a-fundo-perdido","tag-apoio-financeiro","tag-camara-municipal-de-oeiras","tag-cmo","tag-empresas","tag-eni","tag-oeiras-valley","tag-operadores-economicos"],"acf":[],"_links":{"self":[{"href":"https:\/\/reward.pt\/en\/wp-json\/wp\/v2\/posts\/11862","targetHints":{"allow":["GET"]}}],"collection":[{"href":"https:\/\/reward.pt\/en\/wp-json\/wp\/v2\/posts"}],"about":[{"href":"https:\/\/reward.pt\/en\/wp-json\/wp\/v2\/types\/post"}],"author":[{"embeddable":true,"href":"https:\/\/reward.pt\/en\/wp-json\/wp\/v2\/users\/1"}],"replies":[{"embeddable":true,"href":"https:\/\/reward.pt\/en\/wp-json\/wp\/v2\/comments?post=11862"}],"version-history":[{"count":2,"href":"https:\/\/reward.pt\/en\/wp-json\/wp\/v2\/posts\/11862\/revisions"}],"predecessor-version":[{"id":24805,"href":"https:\/\/reward.pt\/en\/wp-json\/wp\/v2\/posts\/11862\/revisions\/24805"}],"wp:featuredmedia":[{"embeddable":true,"href":"https:\/\/reward.pt\/en\/wp-json\/wp\/v2\/media\/21982"}],"wp:attachment":[{"href":"https:\/\/reward.pt\/en\/wp-json\/wp\/v2\/media?parent=11862"}],"wp:term":[{"taxonomy":"category","embeddable":true,"href":"https:\/\/reward.pt\/en\/wp-json\/wp\/v2\/categories?post=11862"},{"taxonomy":"post_tag","embeddable":true,"href":"https:\/\/reward.pt\/en\/wp-json\/wp\/v2\/tags?post=11862"}],"curies":[{"name":"wp","href":"https:\/\/api.w.org\/{rel}","templated":true}]}}