{"id":11900,"date":"2021-06-09T09:46:20","date_gmt":"2021-06-09T09:46:20","guid":{"rendered":"https:\/\/reward.pt\/?p=11900"},"modified":"2023-07-06T16:34:09","modified_gmt":"2023-07-06T16:34:09","slug":"fundos-da-bazuca-europeia-mais-perto","status":"publish","type":"post","link":"https:\/\/reward.pt\/en\/fundos-da-bazuca-europeia-mais-perto\/","title":{"rendered":"Fundos da \u201cBazuca\u201d europeia mais perto"},"content":{"rendered":"<p>O dinheiro dos fundos da \u201cBazuca\u201d europeia deve come\u00e7ar a chegar a Portugal e aos restantes pa\u00edses nas pr\u00f3ximas semanas ap\u00f3s a aprova\u00e7\u00e3o dos Planos de Recupera\u00e7\u00e3o e Resili\u00eancia (PRR) nacionais, quem o indica \u00e9 a presidente da Comiss\u00e3o Europeia, Ursula Von der Leyen.<\/p>\n<p>Este processo que decorre h\u00e1 quase um ano come\u00e7a a aproximar-se da fase de implementa\u00e7\u00e3o com a aprova\u00e7\u00e3o dos primeiros PRR, isso ir\u00e1 permitir que em 18 de junho a decis\u00e3o possa ser validada. At\u00e9 agora a Comiss\u00e3o Europeia recebeu 23 PRR, sendo o primeiro PRR portugu\u00eas, pelo que o Governo nacional espera que seja um dos primeiros a ser aprovado pela Comiss\u00e3o Europeia.<\/p>\n<p>Durante 2021, o executivo europeu pretende emitir 80 mil milh\u00f5es de euros em obriga\u00e7\u00f5es de longo prazo juntamente com dezenas de mil milh\u00f5es de euros em obriga\u00e7\u00f5es de curto prazo para cobrir as restantes necessidades de financiamento.<\/p>\n<p>No total a Comiss\u00e3o Europeia vai financiar-se em 750 mil milh\u00f5es de euros, o que se vai traduzir em empr\u00e9stimos de m\u00e9dia aproximada de 150 mil milh\u00f5es de euros anuais entre 2021 e 2026.<\/p>","protected":false},"excerpt":{"rendered":"<p>O dinheiro dos fundos da \u201cBazuca\u201d europeia deve come\u00e7ar a chegar a Portugal e aos restantes pa\u00edses nas pr\u00f3ximas semanas ap\u00f3s a aprova\u00e7\u00e3o dos Planos de Recupera\u00e7\u00e3o e Resili\u00eancia (PRR) nacionais, quem o indica \u00e9 a presidente da Comiss\u00e3o Europeia, Ursula Von der Leyen. Este processo que decorre h\u00e1 quase um ano come\u00e7a a aproximar-se [&hellip;]<\/p>","protected":false},"author":1,"featured_media":21990,"comment_status":"closed","ping_status":"open","sticky":false,"template":"","format":"standard","meta":{"_acf_changed":false,"footnotes":""},"categories":[1,40,7],"tags":[180,181,48,182,39,183],"class_list":["post-11900","post","type-post","status-publish","format-standard","has-post-thumbnail","hentry","category-noticias","category-prr","category-sistemas-de-incentivos","tag-bazuca","tag-comissao-europeia","tag-fundos","tag-plano-recuperacao-e-resiliencia","tag-prr","tag-ursula-von-der-leyen"],"acf":[],"_links":{"self":[{"href":"https:\/\/reward.pt\/en\/wp-json\/wp\/v2\/posts\/11900","targetHints":{"allow":["GET"]}}],"collection":[{"href":"https:\/\/reward.pt\/en\/wp-json\/wp\/v2\/posts"}],"about":[{"href":"https:\/\/reward.pt\/en\/wp-json\/wp\/v2\/types\/post"}],"author":[{"embeddable":true,"href":"https:\/\/reward.pt\/en\/wp-json\/wp\/v2\/users\/1"}],"replies":[{"embeddable":true,"href":"https:\/\/reward.pt\/en\/wp-json\/wp\/v2\/comments?post=11900"}],"version-history":[{"count":1,"href":"https:\/\/reward.pt\/en\/wp-json\/wp\/v2\/posts\/11900\/revisions"}],"predecessor-version":[{"id":21991,"href":"https:\/\/reward.pt\/en\/wp-json\/wp\/v2\/posts\/11900\/revisions\/21991"}],"wp:featuredmedia":[{"embeddable":true,"href":"https:\/\/reward.pt\/en\/wp-json\/wp\/v2\/media\/21990"}],"wp:attachment":[{"href":"https:\/\/reward.pt\/en\/wp-json\/wp\/v2\/media?parent=11900"}],"wp:term":[{"taxonomy":"category","embeddable":true,"href":"https:\/\/reward.pt\/en\/wp-json\/wp\/v2\/categories?post=11900"},{"taxonomy":"post_tag","embeddable":true,"href":"https:\/\/reward.pt\/en\/wp-json\/wp\/v2\/tags?post=11900"}],"curies":[{"name":"wp","href":"https:\/\/api.w.org\/{rel}","templated":true}]}}