{"id":11920,"date":"2021-06-16T17:11:21","date_gmt":"2021-06-16T17:11:21","guid":{"rendered":"https:\/\/reward.pt\/?p=11920"},"modified":"2023-07-06T16:38:34","modified_gmt":"2023-07-06T16:38:34","slug":"comissao-europeia-da-luz-verde-a-prr-portugues","status":"publish","type":"post","link":"https:\/\/reward.pt\/en\/comissao-europeia-da-luz-verde-a-prr-portugues\/","title":{"rendered":"Comiss\u00e3o Europeia d\u00e1 \u201cluz verde\u201d a PRR portugu\u00eas"},"content":{"rendered":"<p>O Plano de Recupera\u00e7\u00e3o e Resili\u00eancia (ou PRR) portugu\u00eas foi aprovado pela Comiss\u00e3o Europeia, quem avan\u00e7ou essa informa\u00e7\u00e3o foi Ursula Von der Leyen no Pavilh\u00e3o do Conhecimento em Lisboa.<\/p>\n<p>O processo do PRR portugu\u00eas foi iniciado em outubro de 2020 com a apresenta\u00e7\u00e3o da primeira vers\u00e3o de PRR e representa um financiamento no total de 16,6 mil milh\u00f5es de euros a ser executados at\u00e9 2026. O mesmo apresenta reformas no ambiente empresarial e sustentabilidade das finan\u00e7as p\u00fablicas.<\/p>\n<p>Ursula Von der Leyen indica que esta semana mais PRR de outros pa\u00edses poder\u00e3o ser aprovados de forma a que esses pa\u00edses possam receber os correspondentes fundos.<\/p>","protected":false},"excerpt":{"rendered":"<p>O Plano de Recupera\u00e7\u00e3o e Resili\u00eancia (ou PRR) portugu\u00eas foi aprovado pela Comiss\u00e3o Europeia, quem avan\u00e7ou essa informa\u00e7\u00e3o foi Ursula Von der Leyen no Pavilh\u00e3o do Conhecimento em Lisboa. O processo do PRR portugu\u00eas foi iniciado em outubro de 2020 com a apresenta\u00e7\u00e3o da primeira vers\u00e3o de PRR e representa um financiamento no total de [&hellip;]<\/p>","protected":false},"author":1,"featured_media":21998,"comment_status":"closed","ping_status":"open","sticky":false,"template":"","format":"standard","meta":{"_acf_changed":false,"footnotes":""},"categories":[1,40,7],"tags":[187,34,182,39,183],"class_list":["post-11920","post","type-post","status-publish","format-standard","has-post-thumbnail","hentry","category-noticias","category-prr","category-sistemas-de-incentivos","tag-antonio-costa","tag-fundos-europeus","tag-plano-recuperacao-e-resiliencia","tag-prr","tag-ursula-von-der-leyen"],"acf":[],"_links":{"self":[{"href":"https:\/\/reward.pt\/en\/wp-json\/wp\/v2\/posts\/11920","targetHints":{"allow":["GET"]}}],"collection":[{"href":"https:\/\/reward.pt\/en\/wp-json\/wp\/v2\/posts"}],"about":[{"href":"https:\/\/reward.pt\/en\/wp-json\/wp\/v2\/types\/post"}],"author":[{"embeddable":true,"href":"https:\/\/reward.pt\/en\/wp-json\/wp\/v2\/users\/1"}],"replies":[{"embeddable":true,"href":"https:\/\/reward.pt\/en\/wp-json\/wp\/v2\/comments?post=11920"}],"version-history":[{"count":1,"href":"https:\/\/reward.pt\/en\/wp-json\/wp\/v2\/posts\/11920\/revisions"}],"predecessor-version":[{"id":21999,"href":"https:\/\/reward.pt\/en\/wp-json\/wp\/v2\/posts\/11920\/revisions\/21999"}],"wp:featuredmedia":[{"embeddable":true,"href":"https:\/\/reward.pt\/en\/wp-json\/wp\/v2\/media\/21998"}],"wp:attachment":[{"href":"https:\/\/reward.pt\/en\/wp-json\/wp\/v2\/media?parent=11920"}],"wp:term":[{"taxonomy":"category","embeddable":true,"href":"https:\/\/reward.pt\/en\/wp-json\/wp\/v2\/categories?post=11920"},{"taxonomy":"post_tag","embeddable":true,"href":"https:\/\/reward.pt\/en\/wp-json\/wp\/v2\/tags?post=11920"}],"curies":[{"name":"wp","href":"https:\/\/api.w.org\/{rel}","templated":true}]}}