{"id":11967,"date":"2021-06-29T16:52:03","date_gmt":"2021-06-29T16:52:03","guid":{"rendered":"https:\/\/reward.pt\/?p=11967"},"modified":"2023-07-06T16:55:57","modified_gmt":"2023-07-06T16:55:57","slug":"alteracao-iva-e-commerce-novas-regras-1-de-julho","status":"publish","type":"post","link":"https:\/\/reward.pt\/en\/alteracao-iva-e-commerce-novas-regras-1-de-julho\/","title":{"rendered":"Altera\u00e7\u00e3o do IVA para E-Commerce. Novas regras a partir de 1 de julho"},"content":{"rendered":"<p>Foi aprovado um diploma em assembleia da Rep\u00fablica com novas regras sobre aplica\u00e7\u00e3o do IVA no e-commerce a entrar em vigor a partir de 1 de julho. Este documento tem como objetivo transpor para a ordem jur\u00eddica nacional a legisla\u00e7\u00e3o comunit\u00e1ria sobre esta tem\u00e1tica e tamb\u00e9m estabelece um novo regime de IVA para o e-commerce e transa\u00e7\u00f5es intracomunit\u00e1rias.<\/p>\n<p>Estas medidas pretendem assegurar maior neutralidade no tratamento das empresas estabelecidas na Uni\u00e3o Europeia; simplificar o cumprimento das obriga\u00e7\u00f5es de IVA e aplicar as regras de forma uniforme e com coer\u00eancia em todos os pa\u00edses da UE.<\/p>\n<p>Uma das principais medidas prende-se com a <strong>localiza\u00e7\u00e3o das opera\u00e7\u00f5es realizadas<\/strong>, pelo que a tributa\u00e7\u00e3o destas ser\u00e1 agora realizada no pa\u00eds de destino, com devida exce\u00e7\u00e3o a empresas que as vendas n\u00e3o ultrapassem os 10.000 euros (aplica-se o IVA no territ\u00f3rio de sede do operador econ\u00f3mico).<\/p>\n<p>Outra das medidas ser\u00e1 a <strong>extin\u00e7\u00e3o da isen\u00e7\u00e3o de IVA para vendas de bens cujo valor seja inferior a 22 euros<\/strong>, pelo que estas passam a seguir as regras anteriormente definidas. No entanto, as compras que n\u00e3o ultrapassem o valor de 150 euros ir\u00e3o beneficiar de um regime especial. Esta medida quer combater o uso \u201cabusivo\u201d da isen\u00e7\u00e3o de IVA por empresas fora da UE, o que resulta em concorr\u00eancia desleal para as empresas europeias.<\/p>\n<p>O servi\u00e7o de <strong>Balc\u00e3o \u00danico ir\u00e1 agora abranger outros tipos de produtos e\/ou servi\u00e7os<\/strong> para al\u00e9m de telecomunica\u00e7\u00f5es e televis\u00e3o. Desta forma os operadores econ\u00f3micos deixam de ter a necessidade de se registar em cada pa\u00eds onde desenvolvem neg\u00f3cio e podem liquidar o IVA nesse servi\u00e7o.<\/p>\n<p>Por \u00faltimo, no que diz respeito a vendedores ou empresas n\u00e3o estabelecidas dentro da UE, <strong>caber\u00e1 aos marketplaces onde as mesmas est\u00e3o inseridas gerir a tributa\u00e7\u00e3o do IVA<\/strong> quando os bens s\u00e3o importados fora do espa\u00e7o comunit\u00e1rio.<\/p>\n<p>&nbsp;<\/p>\n<p>Pretende mais informa\u00e7\u00f5es? <a href=\"https:\/\/reward.pt\/en\/contactos\/\">Fale connosco! Temos todo o gosto em ajudar<\/a><\/p>","protected":false},"excerpt":{"rendered":"<p>Foi aprovado um diploma em assembleia da Rep\u00fablica com novas regras sobre aplica\u00e7\u00e3o do IVA no e-commerce a entrar em vigor a partir de 1 de julho. Este documento tem como objetivo transpor para a ordem jur\u00eddica nacional a legisla\u00e7\u00e3o comunit\u00e1ria sobre esta tem\u00e1tica e tamb\u00e9m estabelece um novo regime de IVA para o e-commerce [&hellip;]<\/p>","protected":false},"author":1,"featured_media":22020,"comment_status":"closed","ping_status":"open","sticky":false,"template":"","format":"standard","meta":{"_acf_changed":false,"footnotes":""},"categories":[3,1,171],"tags":[190,219,90,220,221,222],"class_list":["post-11967","post","type-post","status-publish","format-standard","has-post-thumbnail","hentry","category-contabilidade","category-noticias","category-obrigacoes-fiscais","tag-balcao-unico","tag-isencao-de-iva","tag-iva","tag-marketplace","tag-ue","tag-uniao-europeia"],"acf":[],"_links":{"self":[{"href":"https:\/\/reward.pt\/en\/wp-json\/wp\/v2\/posts\/11967","targetHints":{"allow":["GET"]}}],"collection":[{"href":"https:\/\/reward.pt\/en\/wp-json\/wp\/v2\/posts"}],"about":[{"href":"https:\/\/reward.pt\/en\/wp-json\/wp\/v2\/types\/post"}],"author":[{"embeddable":true,"href":"https:\/\/reward.pt\/en\/wp-json\/wp\/v2\/users\/1"}],"replies":[{"embeddable":true,"href":"https:\/\/reward.pt\/en\/wp-json\/wp\/v2\/comments?post=11967"}],"version-history":[{"count":1,"href":"https:\/\/reward.pt\/en\/wp-json\/wp\/v2\/posts\/11967\/revisions"}],"predecessor-version":[{"id":22021,"href":"https:\/\/reward.pt\/en\/wp-json\/wp\/v2\/posts\/11967\/revisions\/22021"}],"wp:featuredmedia":[{"embeddable":true,"href":"https:\/\/reward.pt\/en\/wp-json\/wp\/v2\/media\/22020"}],"wp:attachment":[{"href":"https:\/\/reward.pt\/en\/wp-json\/wp\/v2\/media?parent=11967"}],"wp:term":[{"taxonomy":"category","embeddable":true,"href":"https:\/\/reward.pt\/en\/wp-json\/wp\/v2\/categories?post=11967"},{"taxonomy":"post_tag","embeddable":true,"href":"https:\/\/reward.pt\/en\/wp-json\/wp\/v2\/tags?post=11967"}],"curies":[{"name":"wp","href":"https:\/\/api.w.org\/{rel}","templated":true}]}}