{"id":12874,"date":"2021-11-30T12:44:34","date_gmt":"2021-11-30T12:44:34","guid":{"rendered":"https:\/\/reward.pt\/?p=12874"},"modified":"2023-07-07T16:02:44","modified_gmt":"2023-07-07T16:02:44","slug":"prazo-pagar-iva-trimestral-terminal-30-novembro","status":"publish","type":"post","link":"https:\/\/reward.pt\/en\/prazo-pagar-iva-trimestral-terminal-30-novembro\/","title":{"rendered":"Prazo para pagar o IVA trimestral termina a 30 de novembro"},"content":{"rendered":"<p>O prazo para pagar o IVA, ou Imposto sobre Valor Acrescentado, referente ao terceiro trimestre do ano vai terminar na ter\u00e7a-feira 30 de novembro de 2021. Ao contr\u00e1rio do que tem acontecido durante o cen\u00e1rio pand\u00e9mico, n\u00e3o ser\u00e1 poss\u00edvel pedir \u00e0 Autoridade Tribut\u00e1ria (AT) que divida o valor do imposto em presta\u00e7\u00f5es.<\/p>\n\n\n\n<p>O regime trimestral de IVA \u00e9 aplicado a empresas cujo volume de neg\u00f3cio no ano anterior foi inferior a 650 mil euros.<\/p>\n\n\n\n<p>Normalmente o prazo limite para o envio da declara\u00e7\u00e3o peri\u00f3dica e o prazo para pagar o IVA terminam a dia 15 e dia 20 do m\u00eas seguinte ao que dizem respeito as opera\u00e7\u00f5es, mas devido \u00e0s dificuldades sentidas pelo cen\u00e1rio pand\u00e9mico, o governo tem flexibilizado os prazos.<\/p>\n\n\n\n<p>Devido a isso as empresas t\u00eam at\u00e9 dia 30 de novembro para fazer o pagamento do valor de IVA do per\u00edodo entre julho e setembro. Ao contr\u00e1rio do que tem acontecido, o pagamento do IVA n\u00e3o poder\u00e1 ser feito em presta\u00e7\u00f5es pois o regime flex\u00edvel terminou.<\/p>\n\n\n\n<p>A continuidade do regime flex\u00edvel relativamente ao pagamento prestacional do valor do IVA poderia ajudar a suavizar a fragilidade que ainda se sente nas empresas portuguesas, sobretudo nas micro e pequenas empresas.<\/p>\n\n\n\n<p>A flexibiliza\u00e7\u00e3o do pagamento do IVA foi implementada em dezembro de 2020 pelo Governo de Portugal para apoiar e refor\u00e7ar a liquidez das empresas nacionais. Este pagamento podia ser feito em 3 ou 6 presta\u00e7\u00f5es e estava dispon\u00edvel para empresas com quebras de fatura\u00e7\u00e3o de, pelo menos, 25%.<\/p>","protected":false},"excerpt":{"rendered":"<p>O prazo para pagar o IVA, ou Imposto sobre Valor Acrescentado, referente ao terceiro trimestre do ano vai terminar na ter\u00e7a-feira 30 de novembro de 2021. Ao contr\u00e1rio do que tem acontecido durante o cen\u00e1rio pand\u00e9mico, n\u00e3o ser\u00e1 poss\u00edvel pedir \u00e0 Autoridade Tribut\u00e1ria (AT) que divida o valor do imposto em presta\u00e7\u00f5es. O regime trimestral [&hellip;]<\/p>","protected":false},"author":1,"featured_media":22205,"comment_status":"closed","ping_status":"open","sticky":false,"template":"","format":"standard","meta":{"_acf_changed":false,"footnotes":""},"categories":[3,1],"tags":[68,90],"class_list":["post-12874","post","type-post","status-publish","format-standard","has-post-thumbnail","hentry","category-contabilidade","category-noticias","tag-empresas","tag-iva"],"acf":[],"_links":{"self":[{"href":"https:\/\/reward.pt\/en\/wp-json\/wp\/v2\/posts\/12874","targetHints":{"allow":["GET"]}}],"collection":[{"href":"https:\/\/reward.pt\/en\/wp-json\/wp\/v2\/posts"}],"about":[{"href":"https:\/\/reward.pt\/en\/wp-json\/wp\/v2\/types\/post"}],"author":[{"embeddable":true,"href":"https:\/\/reward.pt\/en\/wp-json\/wp\/v2\/users\/1"}],"replies":[{"embeddable":true,"href":"https:\/\/reward.pt\/en\/wp-json\/wp\/v2\/comments?post=12874"}],"version-history":[{"count":1,"href":"https:\/\/reward.pt\/en\/wp-json\/wp\/v2\/posts\/12874\/revisions"}],"predecessor-version":[{"id":22206,"href":"https:\/\/reward.pt\/en\/wp-json\/wp\/v2\/posts\/12874\/revisions\/22206"}],"wp:featuredmedia":[{"embeddable":true,"href":"https:\/\/reward.pt\/en\/wp-json\/wp\/v2\/media\/22205"}],"wp:attachment":[{"href":"https:\/\/reward.pt\/en\/wp-json\/wp\/v2\/media?parent=12874"}],"wp:term":[{"taxonomy":"category","embeddable":true,"href":"https:\/\/reward.pt\/en\/wp-json\/wp\/v2\/categories?post=12874"},{"taxonomy":"post_tag","embeddable":true,"href":"https:\/\/reward.pt\/en\/wp-json\/wp\/v2\/tags?post=12874"}],"curies":[{"name":"wp","href":"https:\/\/api.w.org\/{rel}","templated":true}]}}