{"id":12879,"date":"2021-12-06T14:24:14","date_gmt":"2021-12-06T14:24:14","guid":{"rendered":"https:\/\/reward.pt\/?p=12879"},"modified":"2023-01-03T14:48:46","modified_gmt":"2023-01-03T14:48:46","slug":"qualificacao-para-internacionalizacao-portugal-2030","status":"publish","type":"post","link":"https:\/\/reward.pt\/en\/qualificacao-para-internacionalizacao-portugal-2030\/","title":{"rendered":"Portugal 2030 : Qualifica\u00e7\u00e3o para Internacionaliza\u00e7\u00e3o"},"content":{"rendered":"<p>O programa Qualifica\u00e7\u00e3o para a Internacionaliza\u00e7\u00e3o do Portugal 2030 (PT2030) vai recorrer aos fundos do pr\u00f3ximo quadro comunit\u00e1rio para apoiar o tecido empresarial atrav\u00e9s da cria\u00e7\u00e3o de micro, pequenas e m\u00e9dias empresas pelo refor\u00e7o das compet\u00eancias profissionais dos trabalhadores em com\u00e9rcio internacional.<\/p>\n\n\n\n<p>Este programa Qualifica\u00e7\u00e3o para a Internacionaliza\u00e7\u00e3o insere-se no \u201cPrograma Internacionalizar 2030\u201d e tem como objetivo formar e qualificar ativos (profissionais) em Portugal da \u00e1rea de com\u00e9rcio internacional.<\/p>\n\n\n\n<p>A meta deste programa ajudar \u00e0 cria\u00e7\u00e3o de empresas que se dediquem \u00e0 exporta\u00e7\u00e3o atrav\u00e9s da integra\u00e7\u00e3o dos ativos nas empresas e, ao mesmo tempo que se reduz a taxa de desemprego via qualifica\u00e7\u00e3o profissional, aumenta o contributo para o sucesso do processo de internacionaliza\u00e7\u00e3o e exporta\u00e7\u00e3o das empresas.<\/p>\n\n\n\n<p>Para ser eleg\u00edvel para este Programa do Portugal 2030 \u00e9 necess\u00e1rio acima de 17 anos, estar inscrito no IEFP na qualidade de desempregado, possuir o ensino secund\u00e1rio completo (ou o 12\u00ba ano incompleto, ou estar a realizar processos de reconhecimento, valida\u00e7\u00e3o e certifica\u00e7\u00e3o de compet\u00eancias de n\u00edvel secund\u00e1rio).<\/p>\n\n\n\n<p>Est\u00e3o tamb\u00e9m inclu\u00eddos no \u00e2mbito da elegibilidade no programa Qualifica\u00e7\u00e3o para a Internacionaliza\u00e7\u00e3o pessoas empregadas com 18 ou mais anos, numa das situa\u00e7\u00f5es anteriores e que pretendam beneficiar desta forma\u00e7\u00e3o ou que pretenda aumentar as suas qualifica\u00e7\u00f5es no \u00e2mbito de internacionaliza\u00e7\u00e3o e com\u00e9rcio internacional.<\/p>\n\n\n\n<div class=\"wp-block-spacer\" style=\"height: 40px;\" aria-hidden=\"true\">\u00a0<\/div>\n\n\n\n<p>&nbsp;<\/p>\n\n\n\n<h3 class=\"wp-block-heading\">Mais sobre Portugal 2030<\/h3>\n\n\n\n<ul class=\"wp-block-list\">\n<li><a href=\"https:\/\/reward.pt\/en\/concurso-portugal-2030-para-empresas-em-2022\/\">Concursos do Portugal 2030 para empresas s\u00f3 em 2022<\/a><\/li>\n<li><a href=\"https:\/\/reward.pt\/en\/as-prioridades-do-programa-portugal-2030\/\">As prioridades do Programa PORTUGAL 2030<\/a><\/li>\n<\/ul>","protected":false},"excerpt":{"rendered":"<p>O programa Qualifica\u00e7\u00e3o para a Internacionaliza\u00e7\u00e3o do Portugal 2030 (PT2030) vai recorrer aos fundos do pr\u00f3ximo quadro comunit\u00e1rio para apoiar o tecido empresarial atrav\u00e9s da cria\u00e7\u00e3o de micro, pequenas e m\u00e9dias empresas pelo refor\u00e7o das compet\u00eancias profissionais dos trabalhadores em com\u00e9rcio internacional. Este programa Qualifica\u00e7\u00e3o para a Internacionaliza\u00e7\u00e3o insere-se no \u201cPrograma Internacionalizar 2030\u201d e tem [&hellip;]<\/p>","protected":false},"author":1,"featured_media":13796,"comment_status":"closed","ping_status":"open","sticky":false,"template":"","format":"standard","meta":{"_acf_changed":false,"footnotes":""},"categories":[1,21],"tags":[12,391],"class_list":["post-12879","post","type-post","status-publish","format-standard","has-post-thumbnail","hentry","category-noticias","category-portugal2030","tag-internacionalizacao","tag-qualificacao"],"acf":[],"_links":{"self":[{"href":"https:\/\/reward.pt\/en\/wp-json\/wp\/v2\/posts\/12879","targetHints":{"allow":["GET"]}}],"collection":[{"href":"https:\/\/reward.pt\/en\/wp-json\/wp\/v2\/posts"}],"about":[{"href":"https:\/\/reward.pt\/en\/wp-json\/wp\/v2\/types\/post"}],"author":[{"embeddable":true,"href":"https:\/\/reward.pt\/en\/wp-json\/wp\/v2\/users\/1"}],"replies":[{"embeddable":true,"href":"https:\/\/reward.pt\/en\/wp-json\/wp\/v2\/comments?post=12879"}],"version-history":[{"count":0,"href":"https:\/\/reward.pt\/en\/wp-json\/wp\/v2\/posts\/12879\/revisions"}],"wp:featuredmedia":[{"embeddable":true,"href":"https:\/\/reward.pt\/en\/wp-json\/wp\/v2\/media\/13796"}],"wp:attachment":[{"href":"https:\/\/reward.pt\/en\/wp-json\/wp\/v2\/media?parent=12879"}],"wp:term":[{"taxonomy":"category","embeddable":true,"href":"https:\/\/reward.pt\/en\/wp-json\/wp\/v2\/categories?post=12879"},{"taxonomy":"post_tag","embeddable":true,"href":"https:\/\/reward.pt\/en\/wp-json\/wp\/v2\/tags?post=12879"}],"curies":[{"name":"wp","href":"https:\/\/api.w.org\/{rel}","templated":true}]}}