{"id":14146,"date":"2022-02-23T16:31:25","date_gmt":"2022-02-23T16:31:25","guid":{"rendered":"https:\/\/reward.pt\/?p=14146"},"modified":"2023-01-03T14:28:16","modified_gmt":"2023-01-03T14:28:16","slug":"ani-pretende-zona-livre-tecnologica-julho-2022","status":"publish","type":"post","link":"https:\/\/reward.pt\/en\/ani-pretende-zona-livre-tecnologica-julho-2022\/","title":{"rendered":"ANI pretende 1\u00aa Zona Livre Tecnol\u00f3gica at\u00e9 julho 2022"},"content":{"rendered":"<p>Joana Mendon\u00e7a, presidente da ANI, informou que gostaria de ter a primeira Zona Livre Tecnol\u00f3gica (ZLT) at\u00e9 julho de 2022. Indica tamb\u00e9m que j\u00e1 existem v\u00e1rias candidaturas para as ZLT, no entanto n\u00e3o pode especificar quais os concelhos interessados em receber uma Zona Livre Tecnol\u00f3gica.<\/p>\n<p>&nbsp;<\/p>\n<p><a href=\"https:\/\/reward.pt\/en\/zonas-livres-tecnologicas-potenciam-inovacao-id-portugal\/\">As Zonas Livres Tecnol\u00f3gicas<\/a> s\u00e3o \u00e1reas onde ser\u00e1 poss\u00edvel desenvolver produtos inovadores e acelerar a entrada dos produtos no mercado atrav\u00e9s da testagem e experimenta\u00e7\u00e3o das tecnologias associadas a esses produtos. Ser\u00e1 poss\u00edvel nas ZLT experimentar equipamentos como Drones ou carros com condu\u00e7\u00e3o aut\u00f3noma.<\/p>\n<p>&nbsp;<\/p>\n<p>Existe adicionalmente o aspeto de que permite que se adaptem instrumentos regulat\u00f3rios \u00e0s tecnologias adotadas. Joana Mendon\u00e7a indica que, relativamente \u00e0 condu\u00e7\u00e3o aut\u00f3noma \u201ca regula\u00e7\u00e3o ainda n\u00e3o existe\u201d e que estes espa\u00e7os de experimenta\u00e7\u00e3o permitem a an\u00e1lise e desenvolvimento de regula\u00e7\u00e3o a tempo da entrada da tecnologia no mercado.<\/p>\n<p>&nbsp;<\/p>\n<p>\u00c9 esperada um aumento de 2 mil milh\u00f5es de euros de financiamento comunit\u00e1rio nas empresas nacionais at\u00e9 2027, enquadrada no programa Horizonte Europa, embora o mesmo tenha um financiamento mais dif\u00edcil devido \u00e0 aus\u00eancia de quotas nacionais.<\/p>\n<p>&nbsp;<\/p>\n<p>O SIFIDE \u00e9 considerado tamb\u00e9m um instrumento \u201cmaduro\u201d e bem equiparado a n\u00edvel internacional, sendo um bom instrumento de apoio \u00e0 Investiga\u00e7\u00e3o e Desenvolvimento empresarial.<\/p>\n<p>&nbsp;<\/p>\n<p>Joana Mendon\u00e7a abordou tamb\u00e9m a tem\u00e1tica da Ind\u00fastria 4.0, pelo que considera que existem muitos processos de transforma\u00e7\u00e3o digital nas ind\u00fastrias de Portugal em diferentes n\u00edveis e que o assunto est\u00e1 na ordem do dia das empresas.<\/p>\n<p>&nbsp;<\/p>\n<p>Foi tamb\u00e9m revelado que ser\u00e1 lan\u00e7ado um processo de reconhecimento de centros de tecnologia e inova\u00e7\u00e3o (Centros de Interface no \u00e2mbito da miss\u00e3o Interface do PRR), que atualmente existem 31 centros reconhecidos e esse n\u00famero poder\u00e1 eventualmente aumentar no decorrer do processo de reconhecimento.<\/p>","protected":false},"excerpt":{"rendered":"<p>Joana Mendon\u00e7a, presidente da ANI, informou que gostaria de ter a primeira Zona Livre Tecnol\u00f3gica (ZLT) at\u00e9 julho de 2022. Indica tamb\u00e9m que j\u00e1 existem v\u00e1rias candidaturas para as ZLT, no entanto n\u00e3o pode especificar quais os concelhos interessados em receber uma Zona Livre Tecnol\u00f3gica. &nbsp; As Zonas Livres Tecnol\u00f3gicas s\u00e3o \u00e1reas onde ser\u00e1 poss\u00edvel [&hellip;]<\/p>","protected":false},"author":1,"featured_media":14147,"comment_status":"closed","ping_status":"open","sticky":false,"template":"","format":"standard","meta":{"_acf_changed":false,"footnotes":""},"categories":[98,1],"tags":[],"class_list":["post-14146","post","type-post","status-publish","format-standard","has-post-thumbnail","hentry","category-id","category-noticias"],"acf":[],"_links":{"self":[{"href":"https:\/\/reward.pt\/en\/wp-json\/wp\/v2\/posts\/14146","targetHints":{"allow":["GET"]}}],"collection":[{"href":"https:\/\/reward.pt\/en\/wp-json\/wp\/v2\/posts"}],"about":[{"href":"https:\/\/reward.pt\/en\/wp-json\/wp\/v2\/types\/post"}],"author":[{"embeddable":true,"href":"https:\/\/reward.pt\/en\/wp-json\/wp\/v2\/users\/1"}],"replies":[{"embeddable":true,"href":"https:\/\/reward.pt\/en\/wp-json\/wp\/v2\/comments?post=14146"}],"version-history":[{"count":0,"href":"https:\/\/reward.pt\/en\/wp-json\/wp\/v2\/posts\/14146\/revisions"}],"wp:featuredmedia":[{"embeddable":true,"href":"https:\/\/reward.pt\/en\/wp-json\/wp\/v2\/media\/14147"}],"wp:attachment":[{"href":"https:\/\/reward.pt\/en\/wp-json\/wp\/v2\/media?parent=14146"}],"wp:term":[{"taxonomy":"category","embeddable":true,"href":"https:\/\/reward.pt\/en\/wp-json\/wp\/v2\/categories?post=14146"},{"taxonomy":"post_tag","embeddable":true,"href":"https:\/\/reward.pt\/en\/wp-json\/wp\/v2\/tags?post=14146"}],"curies":[{"name":"wp","href":"https:\/\/api.w.org\/{rel}","templated":true}]}}