{"id":14190,"date":"2022-03-16T17:42:58","date_gmt":"2022-03-16T17:42:58","guid":{"rendered":"https:\/\/reward.pt\/?p=14190"},"modified":"2023-01-03T14:27:19","modified_gmt":"2023-01-03T14:27:19","slug":"portugal-2030-acordo-de-parceria-em-negociacoes","status":"publish","type":"post","link":"https:\/\/reward.pt\/en\/portugal-2030-acordo-de-parceria-em-negociacoes\/","title":{"rendered":"Portugal 2030: Acordo de Parceria em negocia\u00e7\u00f5es"},"content":{"rendered":"<p>As negocia\u00e7\u00f5es do Acordo de Parceria do Portugal 2030 arrancaram no dia 10 de mar\u00e7o de 2022 com a chegada de uma delega\u00e7\u00e3o da Comiss\u00e3o Europeia a Lisboa.<\/p>\n<p>&nbsp;<\/p>\n<p>A delega\u00e7\u00e3o em quest\u00e3o reuniu com a delega\u00e7\u00e3o nacional que \u00e9 coordenada pela Ag\u00eancia para o Desenvolvimento e Coes\u00e3o (AD&amp;C) e representantes de v\u00e1rias \u00e1reas governativas, tal como autoridades respons\u00e1veis pela gest\u00e3o dos fundos comunit\u00e1rios de Portugal.<\/p>\n<p>&nbsp;<\/p>\n<p>A proposta de Acordo de Parceria do Portugal 2030 foi submetida em Bruxelas no dia 4 de mar\u00e7o de 2022, ap\u00f3s a sua aprova\u00e7\u00e3o no Conselho de Ministros no dia anterior.<\/p>\n<p>&nbsp;<\/p>\n<p>Ambas as delega\u00e7\u00f5es ir\u00e3o reunir-se para identificar e resolver as quest\u00f5es pendentes do Acordo de Parceria, documento estrat\u00e9gico que define as negocia\u00e7\u00f5es para um uso eficiente e eficaz dos fundos comunit\u00e1rios a conceder a Portugal.<\/p>\n<p>&nbsp;<\/p>\n<p>H\u00e1 um total de 12 programas que comp\u00f5em o Portugal 2030. Dividem-se entre:<\/p>\n<ul>\n<li>Programas regionais \u2013 Norte, Centro, Lisboa, Alentejo, Algarve, Madeira, A\u00e7ores<\/li>\n<li>Programas tem\u00e1ticos \u2013 Inova\u00e7\u00e3o e Transi\u00e7\u00e3o Digital; A\u00e7\u00e3o Clim\u00e1tica e Sustentabilidade; Demografia, Qualifica\u00e7\u00f5es e Inclus\u00e3o; Mar<\/li>\n<li>Programa de assist\u00eancia t\u00e9cnica<\/li>\n<\/ul>\n<p>&nbsp;<\/p>\n<p>Para al\u00e9m da necessidade de negocia\u00e7\u00e3o do Acordo de Parceria, o pr\u00f3ximo Governo ir\u00e1 negociar os 12 programas afetos \u00e0 dota\u00e7\u00e3o do Portugal 2030.<\/p>\n<p>&nbsp;<\/p>\n<p>Estes programas devem ser submetidos \u00e0 Comiss\u00e3o Europeia at\u00e9 o in\u00edcio de junho e as verbas dever\u00e3o ser disponibilizadas no per\u00edodo de ver\u00e3o, consoante os programas sejam aprovados.<\/p>\n<p>&nbsp;<\/p>\n<p>O Governo de Portugal criou um mecanismo que permite utilizar as verbas do pr\u00f3ximo quadro comunit\u00e1rio. Mais de 200 milh\u00f5es de euros ser\u00e3o empregues em apoio a indiv\u00edduos com defici\u00eancia, bolsas do ensino superior e ensino profissional.<\/p>\n<p>&nbsp;<\/p>\n<p>Este mecanismo de antecipa\u00e7\u00e3o dos fundos PT2030 \u00e9 usado desde o fim de 2021 atrav\u00e9s de opera\u00e7\u00f5es de tesouraria do minist\u00e9rio das Finan\u00e7as. Os fundos ser\u00e3o compensados pelos fundos europeus visto que o Portugal 2030 permite pagar despesas anteriores (desde 2021) independentemente da data formal de aprova\u00e7\u00e3o.<\/p>\n<p>&nbsp;<\/p>\n<p>&nbsp;<\/p>\n<h3>Mais sobre Portugal 2030<\/h3>\n<ul data-pm-slice=\"3 1 [&quot;table&quot;,{&quot;style&quot;:null,&quot;summary&quot;:null,&quot;width&quot;:&quot;1604px&quot;,&quot;cellspacing&quot;:null,&quot;cellpadding&quot;:null,&quot;align&quot;:null,&quot;cols&quot;:[{&quot;width&quot;:344},{&quot;width&quot;:303},{&quot;width&quot;:227},{&quot;width&quot;:730}],&quot;backgroundColor&quot;:null,&quot;color&quot;:null,&quot;selected&quot;:false},&quot;tr&quot;,{&quot;style&quot;:null,&quot;backgroundColor&quot;:null,&quot;textAlign&quot;:null,&quot;verticalAlign&quot;:null,&quot;color&quot;:null},&quot;td&quot;,{&quot;style&quot;:null,&quot;abbr&quot;:null,&quot;nowrap&quot;:null,&quot;height&quot;:null,&quot;colspan&quot;:1,&quot;rowspan&quot;:1,&quot;colwidth&quot;:[730],&quot;backgroundColor&quot;:null,&quot;textAlign&quot;:null,&quot;verticalAlign&quot;:null,&quot;color&quot;:&quot;&quot;,&quot;inversionType&quot;:&quot;smart&quot;}]\" data-en-clipboard=\"true\">\n<li>\n<div><a href=\"https:\/\/reward.pt\/en\/concurso-portugal-2030-para-empresas-em-2022\/\" rev=\"en_rl_none\">Concursos do Portugal 2030 para empresas s\u00f3 em 2022<\/a><\/div>\n<\/li>\n<li>\n<div><a href=\"https:\/\/reward.pt\/en\/as-prioridades-do-programa-portugal-2030\/\" rev=\"en_rl_none\">As prioridades do Programa PORTUGAL 2030<\/a><\/div>\n<\/li>\n<li>\n<div><a href=\"https:\/\/reward.pt\/en\/qualificacao-para-internacionalizacao-portugal-2030\/\" rev=\"en_rl_none\">Qualifica\u00e7\u00e3o para a Internacionaliza\u00e7\u00e3o<\/a><\/div>\n<\/li>\n<\/ul>","protected":false},"excerpt":{"rendered":"<p>As negocia\u00e7\u00f5es do Acordo de Parceria do Portugal 2030 arrancaram no dia 10 de mar\u00e7o de 2022 com a chegada de uma delega\u00e7\u00e3o da Comiss\u00e3o Europeia a Lisboa. &nbsp; A delega\u00e7\u00e3o em quest\u00e3o reuniu com a delega\u00e7\u00e3o nacional que \u00e9 coordenada pela Ag\u00eancia para o Desenvolvimento e Coes\u00e3o (AD&amp;C) e representantes de v\u00e1rias \u00e1reas governativas, [&hellip;]<\/p>","protected":false},"author":1,"featured_media":14191,"comment_status":"closed","ping_status":"open","sticky":false,"template":"","format":"standard","meta":{"_acf_changed":false,"footnotes":""},"categories":[1,21],"tags":[494,20,343],"class_list":["post-14190","post","type-post","status-publish","format-standard","has-post-thumbnail","hentry","category-noticias","category-portugal2030","tag-acordo-de-parceria","tag-portugal-2030","tag-pt2030"],"acf":[],"_links":{"self":[{"href":"https:\/\/reward.pt\/en\/wp-json\/wp\/v2\/posts\/14190","targetHints":{"allow":["GET"]}}],"collection":[{"href":"https:\/\/reward.pt\/en\/wp-json\/wp\/v2\/posts"}],"about":[{"href":"https:\/\/reward.pt\/en\/wp-json\/wp\/v2\/types\/post"}],"author":[{"embeddable":true,"href":"https:\/\/reward.pt\/en\/wp-json\/wp\/v2\/users\/1"}],"replies":[{"embeddable":true,"href":"https:\/\/reward.pt\/en\/wp-json\/wp\/v2\/comments?post=14190"}],"version-history":[{"count":0,"href":"https:\/\/reward.pt\/en\/wp-json\/wp\/v2\/posts\/14190\/revisions"}],"wp:featuredmedia":[{"embeddable":true,"href":"https:\/\/reward.pt\/en\/wp-json\/wp\/v2\/media\/14191"}],"wp:attachment":[{"href":"https:\/\/reward.pt\/en\/wp-json\/wp\/v2\/media?parent=14190"}],"wp:term":[{"taxonomy":"category","embeddable":true,"href":"https:\/\/reward.pt\/en\/wp-json\/wp\/v2\/categories?post=14190"},{"taxonomy":"post_tag","embeddable":true,"href":"https:\/\/reward.pt\/en\/wp-json\/wp\/v2\/tags?post=14190"}],"curies":[{"name":"wp","href":"https:\/\/api.w.org\/{rel}","templated":true}]}}