{"id":14277,"date":"2022-04-05T16:02:51","date_gmt":"2022-04-05T16:02:51","guid":{"rendered":"https:\/\/reward.pt\/?p=14277"},"modified":"2023-01-03T14:25:19","modified_gmt":"2023-01-03T14:25:19","slug":"apoios-a-pequena-e-media-agricultura-aumentados","status":"publish","type":"post","link":"https:\/\/reward.pt\/en\/apoios-a-pequena-e-media-agricultura-aumentados\/","title":{"rendered":"Apoios \u00e0 pequena e m\u00e9dia agricultura aumentados"},"content":{"rendered":"<p>Os apoios \u00e0 pequena e m\u00e9dia agricultura ser\u00e3o aumentados pelo governo. O aumento dos apoios est\u00e1 inserido numa s\u00e9rie de medidas no \u00e2mbito do Plano Estrat\u00e9gico da Pol\u00edtica Agr\u00edcola Comum (PEPAC) anunciadas recentemente.<\/p>\n<p>&nbsp;<\/p>\n<p>O programa entregue a Augusto Santos Silva a 1 de abril de 2022 prev\u00ea n\u00e3o s\u00f3 o aumento nos apoios \u00e0 pequena e m\u00e9dia agricultura e ao rejuvenescimento do setor, como tamb\u00e9m a aposta no regadio eficiente e a revis\u00e3o do sistema de c\u00e1lculo tarif\u00e1rio de \u00e1gua para rega.<\/p>\n<p>&nbsp;<\/p>\n<p>A estas medidas acresce a plena implementa\u00e7\u00e3o das medidas de discrimina\u00e7\u00e3o positiva que est\u00e3o previstas no Estatuto da Agricultura Familiar. Ser\u00e1 necess\u00e1ria a conclus\u00e3o das negocia\u00e7\u00f5es do PEPAC com a Comiss\u00e3o Europeia, meta tamb\u00e9m apontada no documento.<\/p>\n<p>&nbsp;<\/p>\n<p>O Plano Estrat\u00e9gico da Pol\u00edtica Agr\u00edcola Comum determina a implementa\u00e7\u00e3o do nivelamento dos apoios desligados e o aumento dos apoios de boas pr\u00e1ticas ecol\u00f3gicas, tal como tamb\u00e9m o refor\u00e7o das medidas de sanidade vegetal, sa\u00fade e bem-estar animal.<\/p>\n<p>&nbsp;<\/p>\n<p>O PEPAC estipula ainda os apoios \u00e0 melhoria do desempenho e viabilidade das explora\u00e7\u00f5es agr\u00edcolas com partilha de custos de investimento em capital fixo e servi\u00e7os tecnol\u00f3gicos, aplica\u00e7\u00e3o integrada de instrumentos territoriais, apoios efetivos \u00e0s medidas de I&amp;I, capacita\u00e7\u00e3o e forma\u00e7\u00e3o e servi\u00e7os de aconselhamento t\u00e9cnico.<\/p>\n<p>&nbsp;<\/p>\n<p>Quanto ao regadio, o mesmo ser\u00e1 eficiente e sustent\u00e1vel atrav\u00e9s da requalifica\u00e7\u00e3o dos per\u00edmetros de rega existentes e a revis\u00e3o do sistema de c\u00e1lculo tarif\u00e1rio da \u00e1gua.<\/p>\n<p>&nbsp;<\/p>\n<p>Essas medidas pretendem punir o absentismo e privilegiar o consumo eficiente de \u00e1gua ao avaliar o uso dos regadios e com implementa\u00e7\u00e3o de pr\u00e1ticas que promovam um uso eficiente, com tecnologias de precis\u00e3o e \u00e1gua reciclada tratada. Para tal ir\u00e1 contar com a execu\u00e7\u00e3o dos projetos apoiados pelo PRR.<\/p>\n<p>&nbsp;<\/p>\n<p>\u00c9 tamb\u00e9m pretendida uma agricultura resiliente, capaz de suportar as altera\u00e7\u00f5es clim\u00e1ticas e mais sustent\u00e1vel. Isto assegurando uma gest\u00e3o eficaz do risco, alargando a contrata\u00e7\u00e3o do seguro de colheitas e ao criar ve\u00edculos financeiros voluntariamente contratados por conjuntos de agricultores.<\/p>\n<p>&nbsp;<\/p>\n<p>Com a concentra\u00e7\u00e3o e refor\u00e7o da posi\u00e7\u00e3o dos produtores, a implementa\u00e7\u00e3o dos projetos PRR e da Agenda da Inova\u00e7\u00e3o para a Agricultura 2030 e com a implementa\u00e7\u00e3o do Portal \u00danico da Agricultura prev\u00ea-se um maior equil\u00edbrio nas cadeias de valor agr\u00edcolas, pecu\u00e1rias e silvo-industriais.<\/p>","protected":false},"excerpt":{"rendered":"<p>Os apoios \u00e0 pequena e m\u00e9dia agricultura ser\u00e3o aumentados pelo governo. O aumento dos apoios est\u00e1 inserido numa s\u00e9rie de medidas no \u00e2mbito do Plano Estrat\u00e9gico da Pol\u00edtica Agr\u00edcola Comum (PEPAC) anunciadas recentemente. &nbsp; O programa entregue a Augusto Santos Silva a 1 de abril de 2022 prev\u00ea n\u00e3o s\u00f3 o aumento nos apoios \u00e0 [&hellip;]<\/p>","protected":false},"author":1,"featured_media":14278,"comment_status":"closed","ping_status":"open","sticky":false,"template":"","format":"standard","meta":{"_acf_changed":false,"footnotes":""},"categories":[1,7],"tags":[520,521,522,39],"class_list":["post-14277","post","type-post","status-publish","format-standard","has-post-thumbnail","hentry","category-noticias","category-sistemas-de-incentivos","tag-pepac","tag-plano-estrategico-da-politica-agricola-comum","tag-portal-unico-da-agricultura","tag-prr"],"acf":[],"_links":{"self":[{"href":"https:\/\/reward.pt\/en\/wp-json\/wp\/v2\/posts\/14277","targetHints":{"allow":["GET"]}}],"collection":[{"href":"https:\/\/reward.pt\/en\/wp-json\/wp\/v2\/posts"}],"about":[{"href":"https:\/\/reward.pt\/en\/wp-json\/wp\/v2\/types\/post"}],"author":[{"embeddable":true,"href":"https:\/\/reward.pt\/en\/wp-json\/wp\/v2\/users\/1"}],"replies":[{"embeddable":true,"href":"https:\/\/reward.pt\/en\/wp-json\/wp\/v2\/comments?post=14277"}],"version-history":[{"count":0,"href":"https:\/\/reward.pt\/en\/wp-json\/wp\/v2\/posts\/14277\/revisions"}],"wp:featuredmedia":[{"embeddable":true,"href":"https:\/\/reward.pt\/en\/wp-json\/wp\/v2\/media\/14278"}],"wp:attachment":[{"href":"https:\/\/reward.pt\/en\/wp-json\/wp\/v2\/media?parent=14277"}],"wp:term":[{"taxonomy":"category","embeddable":true,"href":"https:\/\/reward.pt\/en\/wp-json\/wp\/v2\/categories?post=14277"},{"taxonomy":"post_tag","embeddable":true,"href":"https:\/\/reward.pt\/en\/wp-json\/wp\/v2\/tags?post=14277"}],"curies":[{"name":"wp","href":"https:\/\/api.w.org\/{rel}","templated":true}]}}