{"id":14498,"date":"2022-06-03T11:33:10","date_gmt":"2022-06-03T11:33:10","guid":{"rendered":"https:\/\/reward.pt\/?p=14498"},"modified":"2023-03-28T10:37:10","modified_gmt":"2023-03-28T10:37:10","slug":"tudo-o-que-precisa-saber-sobre-fiscalidade-verde","status":"publish","type":"post","link":"https:\/\/reward.pt\/en\/tudo-o-que-precisa-saber-sobre-fiscalidade-verde\/","title":{"rendered":"Tudo o que precisa saber sobre Fiscalidade Verde"},"content":{"rendered":"<h2 class=\"wp-block-heading\">\u00cdndice<\/h2>\r\n\r\n\r\n\r\n<ul class=\"wp-block-list\">\r\n<li><a href=\"#fiscalidade-verde-01\">O que \u00e9 a Fiscalidade verde?<\/a><\/li>\r\n<li><a href=\"#fiscalidade-verde-02\">Objetivos da fiscalidade verde?<\/a><\/li>\r\n<li><a href=\"#fiscalidade-verde-03\">Enquadramento fiscal<\/a><\/li>\r\n<li><a href=\"#fiscalidade-verde-04\">Impostos afetados pela fiscalidade verde?<\/a><\/li>\r\n<li><a href=\"#fiscalidade-verde-05\">O que \u00e9 a Reforma da Fiscalidade verde?<\/a><\/li>\r\n<li><a href=\"#fiscalidade-verde-06\">Mudan\u00e7a de paradigma da fiscalidade verde<\/a><\/li>\r\n<li><a href=\"#fiscalidade-verde-07\">Medidas da Fiscalidade Verde<\/a><\/li>\r\n<\/ul>\r\n\r\n\r\n\r\n<div class=\"wp-block-spacer\" style=\"height: 50px;\" aria-hidden=\"true\">\u00a0<\/div>\r\n\r\n\r\n\r\n<h2 class=\"wp-block-heading\" id=\"fiscalidade-verde-01\"><strong>O que \u00e9 a fiscalidade verde?<\/strong><\/h2>\r\n\r\n\r\n\r\n<p>A fiscalidade verde \u00e9 um tema central e conectado \u00e0s quest\u00f5es ambientais. Esta tem\u00e1tica levou a que v\u00e1rias empresas alterassem e reajustassem as suas estrat\u00e9gias sobre responsabilidade ambiental, aumentando o valor econ\u00f3mico com estrat\u00e9gias de sustentabilidade financeira.<\/p>\r\n\r\n\r\n\r\n<div class=\"wp-block-spacer\" style=\"height: 30px;\" aria-hidden=\"true\">\u00a0<\/div>\r\n\r\n\r\n\r\n<h2 class=\"wp-block-heading\" id=\"fiscalidade-verde-02\"><strong>Objetivos da fiscalidade verde?<\/strong><\/h2>\r\n\r\n\r\n\r\n<p>Entre as principais caracter\u00edsticas est\u00e1 a redu\u00e7\u00e3o da depend\u00eancia de energia quanto a fontes externas, essa caracter\u00edstica contribui para uma otimiza\u00e7\u00e3o dos recursos dispon\u00edveis.<\/p>\r\n\r\n\r\n\r\n<p>Tamb\u00e9m se pretende promover iniciativas e atividades para otimizar os recursos naturais (neutralidade carb\u00f3nica) e aplicar medidas que incentivem a mobilidade dos cidad\u00e3os quanto a transportes p\u00fablicos, car-sharing e outras (incentivos para abate de viaturas poluentes)<\/p>\r\n\r\n\r\n\r\n<div class=\"wp-block-spacer\" style=\"height: 30px;\" aria-hidden=\"true\">\u00a0<\/div>\r\n\r\n\r\n\r\n<h2 class=\"wp-block-heading\" id=\"fiscalidade-verde-03\"><strong>Impostos afetados pela fiscalidade verde?<\/strong><\/h2>\r\n\r\n\r\n\r\n<p>Quanto \u00e0 carga fiscal e os impostos implicados na fiscalidade verde, existem dedu\u00e7\u00f5es pass\u00edveis de serem realizadas em IRS e IRC.<\/p>\r\n\r\n\r\n\r\n<p>Existem ainda benef\u00edcios para particulares que possuam habita\u00e7\u00f5es ou pr\u00e9dios onde se produza energia, tal como uma dedu\u00e7\u00e3o de IVA de todas as despesas associadas a casos de comportamento adequado sobre o cumprimento da fiscalidade verde.<\/p>\r\n\r\n\r\n\r\n<div class=\"wp-block-spacer\" style=\"height: 30px;\" aria-hidden=\"true\">\u00a0<\/div>\r\n\r\n\r\n\r\n<h2 class=\"wp-block-heading\" id=\"fiscalidade-verde-04\"><strong>O que \u00e9 a Reforma da Fiscalidade verde?<\/strong><\/h2>\r\n\r\n\r\n\r\n<p>A reforma, consagrada na lei n.\u00ba82-D\/2014, de 31 de dezembro, tem em vista apoiar a eco inova\u00e7\u00e3o e a efici\u00eancia no uso de recursos, redu\u00e7\u00e3o da depend\u00eancia energ\u00e9tica externa e indu\u00e7\u00e3o de padr\u00f5es de produ\u00e7\u00e3o e consumo com maior sustentabilidade.<\/p>\r\n\r\n\r\n\r\n<p>A reforma da fiscalidade verde tamb\u00e9m visa aumentar o empreendedorismo e cria\u00e7\u00e3o de emprego, concretiza\u00e7\u00e3o das metas e objetivos internacionais e diversificar as fontes de receita.<\/p>\r\n\r\n\r\n\r\n<p>Esta reforma leva \u00e0 mudan\u00e7a de conjunto de normas fiscais ambientas quanto a energia e emiss\u00f5es, transportes, ordenamento do territ\u00f3rio, florestas, biodiversidade, \u00e1gua e res\u00edduos, introduzindo tamb\u00e9m um regime de tributa\u00e7\u00e3o de sacos de pl\u00e1stico e incentivo ao abate de ve\u00edculos em fim de vida.<\/p>\r\n\r\n\r\n\r\n<p>Na fiscalidade verde, empresas e cidad\u00e3os podem alterar os seus comportamentos para reduzir a sua carga fiscal.<\/p>\r\n\r\n\r\n\r\n<div class=\"wp-block-spacer\" style=\"height: 30px;\" aria-hidden=\"true\">\u00a0<\/div>\r\n\r\n\r\n\r\n<h2 class=\"wp-block-heading\" id=\"fiscalidade-verde-05\">Mudan\u00e7a de paradigma da fiscalidade verde<\/h2>\r\n\r\n\r\n\r\n<ul class=\"wp-block-list\">\r\n<li>Penalizar mais o que se polui e degrada, para desagravar o trabalho e as fam\u00edlias.<\/li>\r\n<li>Reduzir a depend\u00eancia energ\u00e9tica do exterior<\/li>\r\n<li>Induzir padr\u00f5es de produ\u00e7\u00e3o e de consumo mais sustent\u00e1veis, refor\u00e7ando a liberdade e responsabilidade dos cidad\u00e3os e das empresas<\/li>\r\n<li>Promover a efici\u00eancia na utiliza\u00e7\u00e3o de recursos, nomeadamente, \u00e1gua, energia e materiais<\/li>\r\n<li>Fomentar o empreendedorismo e a cria\u00e7\u00e3o de emprego<\/li>\r\n<li>Diversificar fontes de receita, num contexto de neutralidade do sistema fiscal e de competitividade econ\u00f3mica<\/li>\r\n<\/ul>\r\n\r\n\r\n\r\n<div class=\"wp-block-spacer\" style=\"height: 30px;\" aria-hidden=\"true\">\u00a0<\/div>\r\n\r\n\r\n\r\n<h2 class=\"wp-block-heading\" id=\"fiscalidade-verde-06\">Medidas da Fiscalidade Verde<\/h2>\r\n\r\n\r\n\r\n<p>Regime de incentivo ao abate de ve\u00edculos em fim de vida na aquisi\u00e7\u00e3o de um ve\u00edculo el\u00e9trico ou de um quadriciclo pesado el\u00e9trico;<\/p>\r\n\r\n\r\n\r\n<ul class=\"wp-block-list\">\r\n<li>Taxa sobre os sacos de pl\u00e1stico leves;<\/li>\r\n<li>Revis\u00e3o da Taxa de Gest\u00e3o de Res\u00edduos (TGR);<\/li>\r\n<li>Revis\u00e3o da Taxa de Gest\u00e3o de Recursos H\u00eddricos (TGRH);<\/li>\r\n<li>ONGAs &#8211; confere a possibilidade de as organiza\u00e7\u00f5es n\u00e3o-governamentais de ambiente poderem usufruir do benef\u00edcio fiscal de uma quota equivalente a 0,5% do imposto obre o rendimento de pessoas singulares, liquidado com base nas declara\u00e7\u00f5es anuais.<\/li>\r\n<li>Taxa de carbono &#8211; Promove uma economia de baixo carbono, de combate \u00e0s altera\u00e7\u00f5es clim\u00e1ticas e redu\u00e7\u00e3o da depend\u00eancia energ\u00e9tica do exterior, atrav\u00e9s de uma taxa de carbono, que passa a incidir sobre os setores n\u00e3o inclu\u00eddos no regime do Com\u00e9rcio Europeu de Licen\u00e7as de Emiss\u00e3o. Esta taxa \u00e9 indexada ao pre\u00e7o do carbono no setor CELE;<\/li>\r\n<li>Medidas de incentivo aos ve\u00edculos de melhor desempenho ambiental, como o incentivo aos ve\u00edculos el\u00e9tricos, a dedu\u00e7\u00e3o do IVA em ve\u00edculos de turismo el\u00e9tricos, h\u00edbridos plug-in, GPL e GNV;<\/li>\r\n<li>Medidas que promovem os transportes p\u00fablicos;<\/li>\r\n<li>Imposto sobre Ve\u00edculos (ISV) &#8211; agrava as taxas de ISV nos ve\u00edculos a gasolina e gas\u00f3leo em fun\u00e7\u00e3o das emiss\u00f5es de CO2;<\/li>\r\n<li>Incentivo ao bike-sharing e car-sharing;<\/li>\r\n<li>Introduz um regime fiscal mais favor\u00e1vel aos pr\u00e9dios destinados \u00e0 produ\u00e7\u00e3o de energias renov\u00e1veis, aos pr\u00e9dios r\u00fasticos integrados em \u00e1reas classificadas, que proporcionem servi\u00e7os de ecossistema, aos pr\u00e9dios afetos ao abastecimento p\u00fablico de \u00e1gua, de saneamento e de gest\u00e3o de res\u00edduos urbanos detidos pelos munic\u00edpios, aos pr\u00e9dios r\u00fasticos que correspondam a \u00e1reas florestais aderentes a ZIF ou que estejam submetidas a planos de gest\u00e3o florestal e aos pr\u00e9dios r\u00fasticos integrados na bolsa de terras.<\/li>\r\n<\/ul>\r\n\r\n\r\n\r\n<div class=\"wp-block-spacer\" style=\"height: 65px;\" aria-hidden=\"true\">\u00a0<\/div>\r\n\r\n\r\n\r\n<h3 class=\"wp-block-heading\">Mais guias REWARD Consulting<\/h3>\r\n\r\n\r\n\r\n<ul class=\"wp-block-list\">\r\n<li>\r\n<div><a href=\"https:\/\/reward.pt\/en\/tributacao-de-criptomoedas-em-portugal\/\" rev=\"en_rl_none\">Tributa\u00e7\u00e3o de Criptomoedas em Portugal<\/a><\/div>\r\n<\/li>\r\n<li>\r\n<div><a href=\"https:\/\/reward.pt\/en\/vies-sistema-intercambio-informacoes-iva\/\" rev=\"en_rl_none\">Sistema de Interc\u00e2mbio de Informa\u00e7\u00f5es sobre IVA (VIES)<\/a><\/div>\r\n<\/li>\r\n<li>\r\n<div><a href=\"https:\/\/reward.pt\/en\/guia-rapido-sobre-emissao-fatura\/\" rev=\"en_rl_none\">Emiss\u00e3o de Fatura<\/a><\/div>\r\n<\/li>\r\n<li>\r\n<div><a href=\"https:\/\/reward.pt\/en\/acordo-fiscal-global-o-que-e\/\" rev=\"en_rl_none\">Acordo Fiscal Global<\/a><\/div>\r\n<\/li>\r\n<li>\r\n<div><a href=\"https:\/\/reward.pt\/en\/o-que-sao-as-despesas-de-representacao\/\" rev=\"en_rl_none\">Despesas de Representa\u00e7\u00e3o<\/a><\/div>\r\n<\/li>\r\n<li>\r\n<div><a href=\"https:\/\/reward.pt\/en\/importancia-do-reporting-gestao-das-empresas\/\" rev=\"en_rl_none\">Reporting Financeiro<\/a><\/div>\r\n<\/li>\r\n<li>\r\n<div><a href=\"https:\/\/reward.pt\/en\/tudo-precisa-saber-sobre-contabilidade-digital\/\" rev=\"en_rl_none\">Contabilidade digital<\/a><\/div>\r\n<\/li>\r\n<li>\r\n<div><a href=\"https:\/\/reward.pt\/en\/ferias-fiscais-o-que-sao\/\" rev=\"en_rl_none\">F\u00e9rias fiscais<\/a><\/div>\r\n<\/li>\r\n<li>\r\n<div><a href=\"https:\/\/reward.pt\/en\/tudo-o-que-precisa-saber-sobre-a-ies-informacao-empresarial-simplificada\/\" rev=\"en_rl_none\">Informa\u00e7\u00e3o Empresarial Simplficada (IES)<\/a><\/div>\r\n<\/li>\r\n<li><a href=\"https:\/\/reward.pt\/en\/dispensa-1o-e-2o-pagamentos-por-conta-2021-para-pme\/\" rev=\"en_rl_none\">Dispensa 1\u00ba e 2\u00ba Pagamento por Conta para PME<\/a><\/li>\r\n<li>\r\n<div><a href=\"https:\/\/reward.pt\/en\/regime-moss-iva-sobre-servicos-digitais\/\" rev=\"en_rl_none\">Regime MOSS<\/a><\/div>\r\n<\/li>\r\n<li><a href=\"https:\/\/reward.pt\/en\/sucursais-o-que-sao-e-para-que-servem\/\" rev=\"en_rl_none\">Sucursais<\/a><\/li>\r\n<li>\r\n<div><a href=\"https:\/\/reward.pt\/en\/gratificacoes-de-balanco\/\" rev=\"en_rl_none\">Gratifica\u00e7\u00f5es de balan\u00e7o<\/a><\/div>\r\n<\/li>\r\n<li><a href=\"https:\/\/reward.pt\/en\/relatorio-unico-tudo-o-que-necessita-saber\/\" rev=\"en_rl_none\">Relat\u00f3rio \u00danico (RU)<\/a><\/li>\r\n<li>\r\n<div><a href=\"https:\/\/reward.pt\/en\/para-que-serve-codigo-qr-faturas\/\" rev=\"en_rl_none\">QR Code<\/a><\/div>\r\n<\/li>\r\n<li><a href=\"https:\/\/reward.pt\/en\/regime-de-transparencia-fiscal\/\" rev=\"en_rl_none\">Regime de Transpar\u00eancia Fiscal (RTF)<\/a><\/li>\r\n<li>\r\n<div><a href=\"https:\/\/reward.pt\/en\/livro-de-reclamacoes-eletronico-registo-e-duvidas-frequentes\/\" rev=\"en_rl_none\">Livro de reclama\u00e7\u00f5es eletr\u00f3nico<\/a><\/div>\r\n<\/li>\r\n<li>\r\n<div><a href=\"https:\/\/reward.pt\/en\/guia-esg-enviornmental-social-corporate-governance\/\" rev=\"en_rl_none\">Guia ESG \u2013 Enviornmental, Social and Corporate Governance<\/a><\/div>\r\n<\/li>\r\n<li>\r\n<div><a href=\"https:\/\/reward.pt\/en\/esg-exemplos-acoes-iniciativas-globais\/\" rev=\"en_rl_none\">ESG \u2013 Exemplos de a\u00e7\u00f5es e Iniciativas Globais<\/a><\/div>\r\n<\/li>\r\n<li>\r\n<div><a href=\"https:\/\/reward.pt\/en\/regime-de-emprestimo-participativo\/\" rev=\"en_rl_none\">Regime de empr\u00e9stimo participativo<\/a><\/div>\r\n<\/li>\r\n<\/ul>\r\n\r\n\r\n\r\n<p>&nbsp;<\/p>","protected":false},"excerpt":{"rendered":"<p>\u00cdndice O que \u00e9 a Fiscalidade verde? Objetivos da fiscalidade verde? Enquadramento fiscal Impostos afetados pela fiscalidade verde? O que \u00e9 a Reforma da Fiscalidade verde? Mudan\u00e7a de paradigma da fiscalidade verde Medidas da Fiscalidade Verde O que \u00e9 a fiscalidade verde? A fiscalidade verde \u00e9 um tema central e conectado \u00e0s quest\u00f5es ambientais. Esta [&hellip;]<\/p>","protected":false},"author":1,"featured_media":14499,"comment_status":"closed","ping_status":"open","sticky":false,"template":"","format":"standard","meta":{"_acf_changed":false,"footnotes":""},"categories":[3,19,519],"tags":[516,584,80,585,586],"class_list":["post-14498","post","type-post","status-publish","format-standard","has-post-thumbnail","hentry","category-contabilidade","category-guias-reward-consulting","category-rubricas","tag-fiscalidade","tag-fiscalidade-verde","tag-irc","tag-irs-iva","tag-lei-n-o82-d-2014"],"acf":[],"_links":{"self":[{"href":"https:\/\/reward.pt\/en\/wp-json\/wp\/v2\/posts\/14498","targetHints":{"allow":["GET"]}}],"collection":[{"href":"https:\/\/reward.pt\/en\/wp-json\/wp\/v2\/posts"}],"about":[{"href":"https:\/\/reward.pt\/en\/wp-json\/wp\/v2\/types\/post"}],"author":[{"embeddable":true,"href":"https:\/\/reward.pt\/en\/wp-json\/wp\/v2\/users\/1"}],"replies":[{"embeddable":true,"href":"https:\/\/reward.pt\/en\/wp-json\/wp\/v2\/comments?post=14498"}],"version-history":[{"count":0,"href":"https:\/\/reward.pt\/en\/wp-json\/wp\/v2\/posts\/14498\/revisions"}],"wp:featuredmedia":[{"embeddable":true,"href":"https:\/\/reward.pt\/en\/wp-json\/wp\/v2\/media\/14499"}],"wp:attachment":[{"href":"https:\/\/reward.pt\/en\/wp-json\/wp\/v2\/media?parent=14498"}],"wp:term":[{"taxonomy":"category","embeddable":true,"href":"https:\/\/reward.pt\/en\/wp-json\/wp\/v2\/categories?post=14498"},{"taxonomy":"post_tag","embeddable":true,"href":"https:\/\/reward.pt\/en\/wp-json\/wp\/v2\/tags?post=14498"}],"curies":[{"name":"wp","href":"https:\/\/api.w.org\/{rel}","templated":true}]}}