{"id":14515,"date":"2022-06-06T14:11:44","date_gmt":"2022-06-06T14:11:44","guid":{"rendered":"https:\/\/reward.pt\/?p=14515"},"modified":"2023-01-03T14:19:47","modified_gmt":"2023-01-03T14:19:47","slug":"portugal-evoluiu-nos-objetivos-de-desenvolvimento-sustentavel","status":"publish","type":"post","link":"https:\/\/reward.pt\/en\/portugal-evoluiu-nos-objetivos-de-desenvolvimento-sustentavel\/","title":{"rendered":"Portugal evoluiu nos objetivos de desenvolvimento sustent\u00e1vel"},"content":{"rendered":"<p>Portugal evoluiu na generalidade dos Objetivos de Desenvolvimento Sustent\u00e1vel desde 2015, exceto no consumo e na produ\u00e7\u00e3o sustent\u00e1vel, onde maior parte dos indicadores teve uma evolu\u00e7\u00e3o desfavor\u00e1vel.<\/p>\n\n\n\n<div style=\"height:30px\" aria-hidden=\"true\" class=\"wp-block-spacer\"><\/div>\n\n\n\n<p>Esta informa\u00e7\u00e3o foi avan\u00e7ada pelo INE \u2013 Instituto Nacional de Estat\u00edstica, que menciona que desde 2015 registaram-se evolu\u00e7\u00f5es favor\u00e1veis ou foram atingidas mais de 50% dos objetivos, exceto nos seguintes objetivos de desenvolvimento sustent\u00e1vel:<\/p>\n\n\n\n<ul class=\"wp-block-list\"><li><strong>05 <\/strong>\u2013 G\u00e9nero e Igualdade<\/li><li><strong>12<\/strong> \u2013 Consumo e produ\u00e7\u00e3o sustent\u00e1veis<\/li><li><strong>14<\/strong> \u2013 Conserva\u00e7\u00e3o dos oceanos<\/li><li><strong>15<\/strong> \u2013 Prote\u00e7\u00e3o dos ecossistemas terrestres<\/li><\/ul>\n\n\n\n<div style=\"height:30px\" aria-hidden=\"true\" class=\"wp-block-spacer\"><\/div>\n\n\n\n<p>O aumento do consumo interno de materiais por unidade do PIB (houve um maior consumo para produzir riqueza) aumentou em 2020 face a 2015 e est\u00e1 associado a uma redu\u00e7\u00e3o significativa do PIB em 2020.<\/p>\n\n\n\n<div style=\"height:30px\" aria-hidden=\"true\" class=\"wp-block-spacer\"><\/div>\n\n\n\n<p>Os res\u00edduos setoriais perigosos per capita aumentaram face a 2015, mas h\u00e1 uma tendenicia favor\u00e1vel na propor\u00e7\u00e3o de res\u00edduos urbanos para reciclagem e reutiliza\u00e7\u00e3o, cujos valores est\u00e3o acima dos registados em 2015.<\/p>\n\n\n\n<div style=\"height:30px\" aria-hidden=\"true\" class=\"wp-block-spacer\"><\/div>\n\n\n\n<p>Quanto \u00e0 sa\u00fade, o INE indica que n\u00e3o se reflete o impacto total da pandemia COVID-19 na sua avalia\u00e7\u00e3o, mas que se registam melhorias na quase totalidade das \u00e1reas, como a redu\u00e7\u00e3o da mortalidade infantil e neonatal, o decr\u00e9scimo de casos notificados de VIH ou a diminui\u00e7\u00e3o do n\u00famero de fumadores.<\/p>\n\n\n\n<div style=\"height:30px\" aria-hidden=\"true\" class=\"wp-block-spacer\"><\/div>\n\n\n\n<p>J\u00e1 a maternidade materna mesmo tendo ficado abaixo das 70 mortes por 100 mil nados vios, aumentou a taxa de mortalidade atribu\u00edda a gontes de \u00e1gua inseguras ou uma redu\u00e7\u00e3o da ajuda publica ao desenvolvimento para investiga\u00e7\u00e3o m\u00e9dica e setores b\u00e1sicos de sa\u00fade.<\/p>\n\n\n\n<div style=\"height:30px\" aria-hidden=\"true\" class=\"wp-block-spacer\"><\/div>\n\n\n\n<p>O INE regista que, quanto ao objetivo G\u00e9nero e Igualdade, em 2022 foram eleitas mais mulheres para o parlamento face a 2015, mas menos do que em 2019. Houve um decr\u00e9scimo de mulheres presidentes de autarquias em 2021 face \u00e0s elei\u00e7\u00f5es de 2017.<\/p>\n\n\n\n<div style=\"height:30px\" aria-hidden=\"true\" class=\"wp-block-spacer\"><\/div>\n\n\n\n<p>Inversamente a propor\u00e7\u00e3o de mulheres em posi\u00e7\u00f5es de chefia na Administra\u00e7\u00e3o P\u00fablica e dirigentes em explora\u00e7\u00f5es agr\u00edcolas por conta pr\u00f3pria aumentou, no entanto a situa\u00e7\u00e3o do g\u00e9nero est\u00e1 longe da paridade nestas \u00e1reas.<\/p>\n\n\n\n<div style=\"height:30px\" aria-hidden=\"true\" class=\"wp-block-spacer\"><\/div>\n\n\n\n<p>No objetivo A\u00e7\u00e3o clim\u00e1tica conclui-se que Portugal conseguiu reduzir as emiss\u00f5es de gases com efeito de estufa em 32.9% desde 2005. No entanto ser\u00e3o precisos mais progressos para cumprir a meta de redu\u00e7\u00e3o de 55% at\u00e9 2030.<\/p>\n\n\n\n<div style=\"height:30px\" aria-hidden=\"true\" class=\"wp-block-spacer\"><\/div>\n\n\n\n<p>O INE avalia a evolu\u00e7\u00e3o atrav\u00e9s da taxa de varia\u00e7\u00e3o entre o ano mais recente dispon\u00edvel e o primeiro ano dispon\u00edvel desde 2015.<\/p>\n\n\n\n<div style=\"height:30px\" aria-hidden=\"true\" class=\"wp-block-spacer\"><\/div>\n\n\n\n<p>Quase metade dos 163indicadores com dados dispon\u00edveis para Portugal cont\u00e9m informa\u00e7\u00e3o referente a 2020, 21% s\u00e3o de 2021, 10,4% de 2019 e 20,2% de outros anos.<\/p>\n\n\n\n<div style=\"height:30px\" aria-hidden=\"true\" class=\"wp-block-spacer\"><\/div>\n\n\n\n<p>Dos indicadores que foram alvo de an\u00e1lise, 66 j\u00e1 atingiram a meta ou evolu\u00edram num sentido favor\u00e1vel. 37 indicadores evolu\u00edram no sentido contr\u00e1rio ao desej\u00e1vel expresso pela meta onde se inserem.<\/p>\n\n\n\n<div style=\"height:30px\" aria-hidden=\"true\" class=\"wp-block-spacer\"><\/div>\n\n\n\n<p>O INE real\u00e7a que as varia\u00e7\u00f5es entre os indicadores de 2020 foram fortemente influenciados pelos efeitos da pandemia face aos indicadores de 2019 e que \u00e9 prematuro tirar ila\u00e7\u00f5es sobre a mudan\u00e7a nas tend\u00eancias que se verificavam nos anos anteriores.<\/p>","protected":false},"excerpt":{"rendered":"<p>Portugal evoluiu na generalidade dos Objetivos de Desenvolvimento Sustent\u00e1vel desde 2015, exceto no consumo e na produ\u00e7\u00e3o sustent\u00e1vel, onde maior parte dos indicadores teve uma evolu\u00e7\u00e3o desfavor\u00e1vel. Esta informa\u00e7\u00e3o foi avan\u00e7ada pelo INE \u2013 Instituto Nacional de Estat\u00edstica, que menciona que desde 2015 registaram-se evolu\u00e7\u00f5es favor\u00e1veis ou foram atingidas mais de 50% dos objetivos, exceto [&hellip;]<\/p>","protected":false},"author":1,"featured_media":14516,"comment_status":"closed","ping_status":"open","sticky":false,"template":"","format":"standard","meta":{"_acf_changed":false,"footnotes":""},"categories":[8,1],"tags":[370],"class_list":["post-14515","post","type-post","status-publish","format-standard","has-post-thumbnail","hentry","category-empreendedorismo","category-noticias","tag-ine"],"acf":[],"_links":{"self":[{"href":"https:\/\/reward.pt\/en\/wp-json\/wp\/v2\/posts\/14515","targetHints":{"allow":["GET"]}}],"collection":[{"href":"https:\/\/reward.pt\/en\/wp-json\/wp\/v2\/posts"}],"about":[{"href":"https:\/\/reward.pt\/en\/wp-json\/wp\/v2\/types\/post"}],"author":[{"embeddable":true,"href":"https:\/\/reward.pt\/en\/wp-json\/wp\/v2\/users\/1"}],"replies":[{"embeddable":true,"href":"https:\/\/reward.pt\/en\/wp-json\/wp\/v2\/comments?post=14515"}],"version-history":[{"count":0,"href":"https:\/\/reward.pt\/en\/wp-json\/wp\/v2\/posts\/14515\/revisions"}],"wp:featuredmedia":[{"embeddable":true,"href":"https:\/\/reward.pt\/en\/wp-json\/wp\/v2\/media\/14516"}],"wp:attachment":[{"href":"https:\/\/reward.pt\/en\/wp-json\/wp\/v2\/media?parent=14515"}],"wp:term":[{"taxonomy":"category","embeddable":true,"href":"https:\/\/reward.pt\/en\/wp-json\/wp\/v2\/categories?post=14515"},{"taxonomy":"post_tag","embeddable":true,"href":"https:\/\/reward.pt\/en\/wp-json\/wp\/v2\/tags?post=14515"}],"curies":[{"name":"wp","href":"https:\/\/api.w.org\/{rel}","templated":true}]}}