{"id":14521,"date":"2022-06-07T11:41:15","date_gmt":"2022-06-07T11:41:15","guid":{"rendered":"https:\/\/reward.pt\/?p=14521"},"modified":"2023-01-03T14:19:41","modified_gmt":"2023-01-03T14:19:41","slug":"pt2030-acordo-de-parceria-entregue","status":"publish","type":"post","link":"https:\/\/reward.pt\/en\/pt2030-acordo-de-parceria-entregue\/","title":{"rendered":"PT2030: Acordo de parceria entregue"},"content":{"rendered":"<p>O Acordo de Parceria Portugal 2030 (PT2030) foi entregue em Bruxelas \u00e0 Comiss\u00e3o Europeia. Ap\u00f3s meses de di\u00e1logo informal entre as partes e um per\u00edodo de negocia\u00e7\u00e3o formal come\u00e7ado a mar\u00e7o de 2022.<\/p>\n\n\n\n<div style=\"height:30px\" aria-hidden=\"true\" class=\"wp-block-spacer\"><\/div>\n\n\n\n<p>Para al\u00e9m do Acordo de Parceria PT2030, Portugal tamb\u00e9m enviou as primeiras vers\u00f5es formais dos Programas, pelo que se segue o processo negocial com a Comiss\u00e3o para aprova\u00e7\u00e3o dos mesmos e na operacionaliza\u00e7\u00e3o total do Portugal 2030.<\/p>\n\n\n\n<div style=\"height:30px\" aria-hidden=\"true\" class=\"wp-block-spacer\"><\/div>\n\n\n\n<p>Este \u00e9 um instrumento que ir\u00e1 impulsionar a transforma\u00e7\u00e3o estrutural nacional, que se quer com base na qualifica\u00e7\u00e3o, capacita\u00e7\u00e3o, inova\u00e7\u00e3o e transforma\u00e7\u00e3o digital, transi\u00e7\u00e3o clim\u00e1tica e sustentabilidade. As dimens\u00f5es de inclus\u00e3o, igualdade e coes\u00e3o territorial tamb\u00e9m se inserem.<\/p>\n\n\n\n<div style=\"height:30px\" aria-hidden=\"true\" class=\"wp-block-spacer\"><\/div>\n\n\n\n<p>O acordo foi alvo de uma ampla consulta p\u00fablica e de um conjunto de Iniciativas de ausculta\u00e7\u00e3o e debate com os parceiros, debate esse a refor\u00e7ar num futuro pr\u00f3ximo com o lan\u00e7amento das consultas p\u00fablicas dos Programas.<\/p>\n\n\n\n<div style=\"height:30px\" aria-hidden=\"true\" class=\"wp-block-spacer\"><\/div>\n\n\n\n<p>Estes passos s\u00e3o essenciais para a obten\u00e7\u00e3o dos fundos do pr\u00f3ximo quadro comunit\u00e1rio de apoio, avaliados em 23 mil milh\u00f5es de euros.<\/p>\n\n\n\n<div style=\"height:30px\" aria-hidden=\"true\" class=\"wp-block-spacer\"><\/div>\n\n\n\n<p>Estes ser\u00e3o distribu\u00eddos pelo FEDER \u2013 Fundo Europeu de Desenvolvimento Regional, que ir\u00e1 facultar 11.5 mil milh\u00f5es de euros; o FSE + &#8211; Fundo Social Europeu, com 7,8 mil milh\u00f5es de euros; o Fundo de Coes\u00e3o, com 3.1 mil milh\u00f5es de euros; o Fundo para uma Transi\u00e7\u00e3o Justa com 224 milh\u00f5es e o Fundo Europeu dos Assuntos Mar\u00edtimos, das Pescas e da Aquicultura com 393 milh\u00f5es de euros.<\/p>\n\n\n\n<div style=\"height:30px\" aria-hidden=\"true\" class=\"wp-block-spacer\"><\/div>\n\n\n\n<p>Existem 5 objetivos estrat\u00e9gicos que se refletem na programa\u00e7\u00e3o do PT2030:<\/p>\n\n\n\n<ul class=\"wp-block-list\"><li>Uma Europa mais inteligente, com destaque na inova\u00e7\u00e3o, digitaliza\u00e7\u00e3o, competitividade das empresas, compet\u00eancias para a especializa\u00e7\u00e3o inteligente, transi\u00e7\u00e3o industrial e empreendedorismo;<\/li><li>Uma Europa mais verde, que aplique o Acordo de Paris e invista na transi\u00e7\u00e3o energ\u00e9tica, nas energias renov\u00e1veis e na adapta\u00e7\u00e3o e mitiga\u00e7\u00e3o das altera\u00e7\u00f5es clim\u00e1ticas;<\/li><li>Uma Europa mais conectada, com redes de transportes estrat\u00e9gicas, mobilidade mais sustentada e com forte aposta na ferrovia;<\/li><li>Uma Europa mais social, na senda do Pilar Europeu dos Direitos Sociais, na qualifica\u00e7\u00e3o de trabalhadores, no combate pela igualdade e de prote\u00e7\u00e3o dos mais vulner\u00e1veis;<\/li><li>Uma Europa mais pr\u00f3xima dos cidad\u00e3os, com uma dimens\u00e3o de territ\u00f3rio, de inclus\u00e3o e abordagens integradas, com o objetivo de combinar instrumentos, e recursos e financiamentos de forma mais ajustada, numa l\u00f3gica que promova a converg\u00eancia e coes\u00e3o territorial.<\/li><\/ul>\n\n\n\n<div style=\"height:30px\" aria-hidden=\"true\" class=\"wp-block-spacer\"><\/div>\n\n\n\n<p>O Acordo de Parceria cont\u00e9m 12 programas:<\/p>\n\n\n\n<ul class=\"wp-block-list\"><li>Tem\u00e1ticos: Demografia, qualifica\u00e7\u00f5es e inclus\u00e3o; Inova\u00e7\u00e3o e transi\u00e7\u00e3o digital; A\u00e7\u00e3o clim\u00e1tica e sustentabilidade; Mar.<\/li><li>Regionais: Correspondente \u00e0s NUTS II co Continente, Madeira e A\u00e7ores<\/li><li>Assist\u00eancia t\u00e9cnica<\/li><\/ul>\n\n\n\n<p><\/p>\n\n\n\n<h3 class=\"wp-block-heading\">Mais sobre Portugal 2030 (PT2030)<\/h3>\n\n\n\n<ul class=\"wp-block-list\"><li><a href=\"https:\/\/reward.pt\/en\/concurso-portugal-2030-para-empresas-em-2022\/\">Concursos do Portugal 2030 para empresas s\u00f3 em 2022<\/a><\/li><li><a href=\"https:\/\/reward.pt\/en\/as-prioridades-do-programa-portugal-2030\/\">As prioridades do Programa PORTUGAL 2030<\/a><\/li><li><a href=\"https:\/\/reward.pt\/en\/qualificacao-para-internacionalizacao-portugal-2030\/\">Qualifica\u00e7\u00e3o para a Internacionaliza\u00e7\u00e3o<\/a><\/li><li><a href=\"https:\/\/reward.pt\/en\/pt2030-primeiros-concursos-para-empresas-abrir-junho\/\">PT2030: primeiros concursos para empresas devem abrir em junho<\/a><\/li><li><a href=\"https:\/\/reward.pt\/en\/pedido-criacao-nuts-ii-peninsula-setubal-ribatejo-oeste\/\">Pedido de cria\u00e7\u00e3o de NUTS II \u2013 Pen\u00ednsula de Set\u00fabal e Ribatejo e Oeste<\/a><\/li><\/ul>","protected":false},"excerpt":{"rendered":"<p>O Acordo de Parceria Portugal 2030 (PT2030) foi entregue em Bruxelas \u00e0 Comiss\u00e3o Europeia. Ap\u00f3s meses de di\u00e1logo informal entre as partes e um per\u00edodo de negocia\u00e7\u00e3o formal come\u00e7ado a mar\u00e7o de 2022. Para al\u00e9m do Acordo de Parceria PT2030, Portugal tamb\u00e9m enviou as primeiras vers\u00f5es formais dos Programas, pelo que se segue o processo [&hellip;]<\/p>","protected":false},"author":1,"featured_media":14522,"comment_status":"closed","ping_status":"open","sticky":false,"template":"","format":"standard","meta":{"_acf_changed":false,"footnotes":""},"categories":[1,21],"tags":[181,343],"class_list":["post-14521","post","type-post","status-publish","format-standard","has-post-thumbnail","hentry","category-noticias","category-portugal2030","tag-comissao-europeia","tag-pt2030"],"acf":[],"_links":{"self":[{"href":"https:\/\/reward.pt\/en\/wp-json\/wp\/v2\/posts\/14521","targetHints":{"allow":["GET"]}}],"collection":[{"href":"https:\/\/reward.pt\/en\/wp-json\/wp\/v2\/posts"}],"about":[{"href":"https:\/\/reward.pt\/en\/wp-json\/wp\/v2\/types\/post"}],"author":[{"embeddable":true,"href":"https:\/\/reward.pt\/en\/wp-json\/wp\/v2\/users\/1"}],"replies":[{"embeddable":true,"href":"https:\/\/reward.pt\/en\/wp-json\/wp\/v2\/comments?post=14521"}],"version-history":[{"count":0,"href":"https:\/\/reward.pt\/en\/wp-json\/wp\/v2\/posts\/14521\/revisions"}],"wp:featuredmedia":[{"embeddable":true,"href":"https:\/\/reward.pt\/en\/wp-json\/wp\/v2\/media\/14522"}],"wp:attachment":[{"href":"https:\/\/reward.pt\/en\/wp-json\/wp\/v2\/media?parent=14521"}],"wp:term":[{"taxonomy":"category","embeddable":true,"href":"https:\/\/reward.pt\/en\/wp-json\/wp\/v2\/categories?post=14521"},{"taxonomy":"post_tag","embeddable":true,"href":"https:\/\/reward.pt\/en\/wp-json\/wp\/v2\/tags?post=14521"}],"curies":[{"name":"wp","href":"https:\/\/api.w.org\/{rel}","templated":true}]}}