{"id":14525,"date":"2022-06-07T15:02:39","date_gmt":"2022-06-07T15:02:39","guid":{"rendered":"https:\/\/reward.pt\/?p=14525"},"modified":"2023-01-03T14:19:32","modified_gmt":"2023-01-03T14:19:32","slug":"apoiar-industrias-intensivas-em-gas-candidaturas-abertas","status":"publish","type":"post","link":"https:\/\/reward.pt\/en\/apoiar-industrias-intensivas-em-gas-candidaturas-abertas\/","title":{"rendered":"Apoiar ind\u00fastrias intensivas em g\u00e1s: Candidaturas abertas (&#x1f3a5; com v\u00eddeo)"},"content":{"rendered":"<p>As candidaturas ao Programa Apoiar as Ind\u00fastrias Intensivas em G\u00e1s abriram a 6 de junho de 2022 e ir\u00e3o decorrer ser atingido o m\u00e1ximo da dota\u00e7\u00e3o or\u00e7amental, ou at\u00e9 dia 30 de junho \u00e0s 18 horas.<\/p>\n\n\n\n<div style=\"height:30px\" aria-hidden=\"true\" class=\"wp-block-spacer\"><\/div>\n\n\n\n<p>O Apoiar as Ind\u00fastrias Intensivas em G\u00e1s pretende apoiar a liquidez das empresas mais afetadas pelos aumentos dr\u00e1sticos dos pre\u00e7os da energia, via incentivo a fundo perdido para facilitar a continuidade da atividade econ\u00f3mica e preservar a capacidade de emprego e produtiva da empresa.<\/p>\n\n\n\n<div style=\"height:30px\" aria-hidden=\"true\" class=\"wp-block-spacer\"><\/div>\n\n\n\n<p>As empresas que queiram apresentar as suas candidaturas ao Apoiar as Ind\u00fastrias Intensivas em G\u00e1s devem cumprir condi\u00e7\u00f5es de acesso, tais como exercer atividade econ\u00f3mica principal num setor ou subsetor identificado na portaria n.\u00ba 140\/2022 e na declara\u00e7\u00e3o de retifica\u00e7\u00e3o n.\u00ba 15\/2022, ou no setor industrial transformador (CAE 10 a 33).<\/p>\n\n\n\n<div style=\"height:30px\" aria-hidden=\"true\" class=\"wp-block-spacer\"><\/div>\n\n\n\n<p>Contanto que seja apresentada declara\u00e7\u00e3o subscrita por um contabilista certificado respons\u00e1vel pela contabilidade da empresa, onde se demonstre tratar de empresa com um uso intensivo de energia.<\/p>\n\n\n\n<div style=\"height:30px\" aria-hidden=\"true\" class=\"wp-block-spacer\"><\/div>\n\n\n\n<p>Este programa de apoio \u00e0 ind\u00fastria, que conta com uma dota\u00e7\u00e3o de 160 mil milh\u00f5es de euros, \u00e9 aplic\u00e1vel a todo o territ\u00f3rio do continente e suporta 30% da diferen\u00e7a entre os custos de 2021 e os de 2022, com o m\u00e1ximo de 400 mil euros por cada empresa.<\/p>\n\n\n\n<div style=\"height:30px\" aria-hidden=\"true\" class=\"wp-block-spacer\"><\/div>\n\n\n\n<p>Para apurar o custo eleg\u00edvel de cada empresa ser\u00e1 multiplicado o n\u00famero de unidades de g\u00e1s natural adquiridas pela empresa a fornecedores externos, enquanto consumidor final no per\u00edodo determinado, pelo valor da varia\u00e7\u00e3o entre o pre\u00e7o pago pela empresa por unidade consumida num certo m\u00eas e o pre\u00e7o m\u00e9dio pago por unidade em 2021.<\/p>\n\n\n\n<div style=\"height:30px\" aria-hidden=\"true\" class=\"wp-block-spacer\"><\/div>\n\n\n\n<p>Para ser considerada uma empresa com utiliza\u00e7\u00e3o intensiva de energia, os custos de aquisi\u00e7\u00e3o de energia devem ascender a, pelo menos, 3% do valor da produ\u00e7\u00e3o, ou para a qual o imposto a pagar ascenda, pelo menos, 0.5% do valor acrescentado.<\/p>\n\n\n\n<div style=\"height:30px\" aria-hidden=\"true\" class=\"wp-block-spacer\"><\/div>\n\n\n\n<p>Esta medida foi o culminar de um exigente processo negocial e intera\u00e7\u00e3o com a Comiss\u00e3o Europeia, e vai permitir atribuir um incentivo a fundo perdido que vai apoiar as empresas a preservar a sua capacidade de produ\u00e7\u00e3o e o emprego.<\/p>\n\n\n\n<div style=\"height:30px\" aria-hidden=\"true\" class=\"wp-block-spacer\"><\/div>\n\n\n\n<figure class=\"wp-block-embed is-type-video is-provider-youtube wp-block-embed-youtube wp-embed-aspect-16-9 wp-has-aspect-ratio\"><div class=\"wp-block-embed__wrapper\">\n<iframe loading=\"lazy\" title=\"Apoiar G\u00e1s\" width=\"500\" height=\"281\" src=\"https:\/\/www.youtube.com\/embed\/h-EviLI5W4Q?feature=oembed\" frameborder=\"0\" allow=\"accelerometer; autoplay; clipboard-write; encrypted-media; gyroscope; picture-in-picture; web-share\" referrerpolicy=\"strict-origin-when-cross-origin\" allowfullscreen><\/iframe>\n<\/div><\/figure>","protected":false},"excerpt":{"rendered":"<p>As candidaturas ao Programa Apoiar as Ind\u00fastrias Intensivas em G\u00e1s abriram a 6 de junho de 2022 e ir\u00e3o decorrer ser atingido o m\u00e1ximo da dota\u00e7\u00e3o or\u00e7amental, ou at\u00e9 dia 30 de junho \u00e0s 18 horas. O Apoiar as Ind\u00fastrias Intensivas em G\u00e1s pretende apoiar a liquidez das empresas mais afetadas pelos aumentos dr\u00e1sticos dos [&hellip;]<\/p>","protected":false},"author":1,"featured_media":14526,"comment_status":"closed","ping_status":"open","sticky":false,"template":"","format":"standard","meta":{"_acf_changed":false,"footnotes":""},"categories":[1,7],"tags":[531,400],"class_list":["post-14525","post","type-post","status-publish","format-standard","has-post-thumbnail","hentry","category-noticias","category-sistemas-de-incentivos","tag-gas","tag-industria"],"acf":[],"_links":{"self":[{"href":"https:\/\/reward.pt\/en\/wp-json\/wp\/v2\/posts\/14525","targetHints":{"allow":["GET"]}}],"collection":[{"href":"https:\/\/reward.pt\/en\/wp-json\/wp\/v2\/posts"}],"about":[{"href":"https:\/\/reward.pt\/en\/wp-json\/wp\/v2\/types\/post"}],"author":[{"embeddable":true,"href":"https:\/\/reward.pt\/en\/wp-json\/wp\/v2\/users\/1"}],"replies":[{"embeddable":true,"href":"https:\/\/reward.pt\/en\/wp-json\/wp\/v2\/comments?post=14525"}],"version-history":[{"count":0,"href":"https:\/\/reward.pt\/en\/wp-json\/wp\/v2\/posts\/14525\/revisions"}],"wp:featuredmedia":[{"embeddable":true,"href":"https:\/\/reward.pt\/en\/wp-json\/wp\/v2\/media\/14526"}],"wp:attachment":[{"href":"https:\/\/reward.pt\/en\/wp-json\/wp\/v2\/media?parent=14525"}],"wp:term":[{"taxonomy":"category","embeddable":true,"href":"https:\/\/reward.pt\/en\/wp-json\/wp\/v2\/categories?post=14525"},{"taxonomy":"post_tag","embeddable":true,"href":"https:\/\/reward.pt\/en\/wp-json\/wp\/v2\/tags?post=14525"}],"curies":[{"name":"wp","href":"https:\/\/api.w.org\/{rel}","templated":true}]}}