{"id":14681,"date":"2022-06-28T09:03:52","date_gmt":"2022-06-28T09:03:52","guid":{"rendered":"https:\/\/reward.pt\/?p=14681"},"modified":"2023-01-03T14:17:53","modified_gmt":"2023-01-03T14:17:53","slug":"orcamento-do-estado-2022-entra-em-vigor","status":"publish","type":"post","link":"https:\/\/reward.pt\/en\/orcamento-do-estado-2022-entra-em-vigor\/","title":{"rendered":"Or\u00e7amento do Estado 2022 entra em vigor"},"content":{"rendered":"<p>O Or\u00e7amento do Estado para 2022 (ou OE2022) entra em vigor hoje, dia 28 de junho. A lei que suporta o OE2022 j\u00e1 foi publicada em Di\u00e1rio da Rep\u00fablica ap\u00f3s a sua promulga\u00e7\u00e3o pelo Presidente da Rep\u00fablica.<\/p>\n\n\n\n<div style=\"height:30px\" aria-hidden=\"true\" class=\"wp-block-spacer\"><\/div>\n\n\n\n<p>A entrada em vigor do Or\u00e7amento do Estado 2022 implica o fim do regime de gest\u00e3o \u201cpor duod\u00e9cimos\u201d.<\/p>\n\n\n\n<div style=\"height:30px\" aria-hidden=\"true\" class=\"wp-block-spacer\"><\/div>\n\n\n\n<p>Esta situa\u00e7\u00e3o iniciada a 1 de janeiro deve-se ao chumbo da primeira vers\u00e3o do Or\u00e7amento do Estado, elei\u00e7\u00f5es antecipadas e os consequentes atrasos devido \u00e0 repeti\u00e7\u00e3o do ato eleitoral.<\/p>\n\n\n\n<div style=\"height:30px\" aria-hidden=\"true\" class=\"wp-block-spacer\"><\/div>\n\n\n\n<p>Nas principais medidas visadas no OE2022, real\u00e7am-se o desdobramento do 3\u00ba e do 6\u00ba escal\u00e3o de IRS; o englobamento obrigat\u00f3rio de mais-valias mobiliarias para os contribuintes no \u00faltimo escal\u00e3o de IRS; o aumento das pens\u00f5es; o alargamento do regime de IRS Jovem; as creches gratuitas e o programa para melhoria de efici\u00eancia energ\u00e9tica e conforto t\u00e9rmico das casas.<\/p>\n\n\n\n<div style=\"height:30px\" aria-hidden=\"true\" class=\"wp-block-spacer\"><\/div>\n\n\n\n<p>O Or\u00e7amento do Estado foi aprovado a 27 de maio com votos favor\u00e1veis do PS (120 deputados), absten\u00e7\u00e3o do PAN (1 deputada), Livre (1 deputado) e PSD Madeira (3 deputados). Por sua vez enfrentou votos contra provenientes do Bloco de Esquerda, do PCP, da Iniciativa Liberal e do Partido Chega<\/p>","protected":false},"excerpt":{"rendered":"<p>O Or\u00e7amento do Estado para 2022 (ou OE2022) entra em vigor hoje, dia 28 de junho. A lei que suporta o OE2022 j\u00e1 foi publicada em Di\u00e1rio da Rep\u00fablica ap\u00f3s a sua promulga\u00e7\u00e3o pelo Presidente da Rep\u00fablica. A entrada em vigor do Or\u00e7amento do Estado 2022 implica o fim do regime de gest\u00e3o \u201cpor duod\u00e9cimos\u201d. [&hellip;]<\/p>","protected":false},"author":1,"featured_media":14682,"comment_status":"closed","ping_status":"open","sticky":false,"template":"","format":"standard","meta":{"_acf_changed":false,"footnotes":""},"categories":[3,1,325],"tags":[542],"class_list":["post-14681","post","type-post","status-publish","format-standard","has-post-thumbnail","hentry","category-contabilidade","category-noticias","category-orcamento-do-estado","tag-orcamento-do-estado"],"acf":[],"_links":{"self":[{"href":"https:\/\/reward.pt\/en\/wp-json\/wp\/v2\/posts\/14681","targetHints":{"allow":["GET"]}}],"collection":[{"href":"https:\/\/reward.pt\/en\/wp-json\/wp\/v2\/posts"}],"about":[{"href":"https:\/\/reward.pt\/en\/wp-json\/wp\/v2\/types\/post"}],"author":[{"embeddable":true,"href":"https:\/\/reward.pt\/en\/wp-json\/wp\/v2\/users\/1"}],"replies":[{"embeddable":true,"href":"https:\/\/reward.pt\/en\/wp-json\/wp\/v2\/comments?post=14681"}],"version-history":[{"count":0,"href":"https:\/\/reward.pt\/en\/wp-json\/wp\/v2\/posts\/14681\/revisions"}],"wp:featuredmedia":[{"embeddable":true,"href":"https:\/\/reward.pt\/en\/wp-json\/wp\/v2\/media\/14682"}],"wp:attachment":[{"href":"https:\/\/reward.pt\/en\/wp-json\/wp\/v2\/media?parent=14681"}],"wp:term":[{"taxonomy":"category","embeddable":true,"href":"https:\/\/reward.pt\/en\/wp-json\/wp\/v2\/categories?post=14681"},{"taxonomy":"post_tag","embeddable":true,"href":"https:\/\/reward.pt\/en\/wp-json\/wp\/v2\/tags?post=14681"}],"curies":[{"name":"wp","href":"https:\/\/api.w.org\/{rel}","templated":true}]}}