{"id":14689,"date":"2022-06-30T15:22:13","date_gmt":"2022-06-30T15:22:13","guid":{"rendered":"https:\/\/reward.pt\/?p=14689"},"modified":"2023-01-03T14:17:41","modified_gmt":"2023-01-03T14:17:41","slug":"prr-concursos-aprovados-sao-30-do-financiamento","status":"publish","type":"post","link":"https:\/\/reward.pt\/en\/prr-concursos-aprovados-sao-30-do-financiamento\/","title":{"rendered":"PRR: Concursos aprovados s\u00e3o 30% do financiamento"},"content":{"rendered":"<p>Os concursos aprovados do PRR j\u00e1 representam 30% do seu financiamento e os concursos lan\u00e7ados no \u00e2mbito do Plano de Recupera\u00e7\u00e3o e Resili\u00eancia representam metade do seu financiamento.<\/p>\n\n\n\n<div style=\"height:30px\" aria-hidden=\"true\" class=\"wp-block-spacer\"><\/div>\n\n\n\n<p>Estas foram indica\u00e7\u00f5es da ministra da Presid\u00eancia, Mariana Vieira da Silva, que refor\u00e7a que \u00e9 tempo de trabalhar em cada projeto e em cada investimento para conseguir alcan\u00e7ar as fases seguintes.<\/p>\n\n\n\n<div style=\"height:30px\" aria-hidden=\"true\" class=\"wp-block-spacer\"><\/div>\n\n\n\n<p>Foi real\u00e7ado tamb\u00e9m que a execu\u00e7\u00e3o do pacote financeiro de apoio da Comiss\u00e3o Europeia \u00e9 ainda mais exigente do que era h\u00e1 um ano atr\u00e1s, pelo que toda a sociedade est\u00e1 envolvida na concretiza\u00e7\u00e3o destes programas.<\/p>\n\n\n\n<div style=\"height:30px\" aria-hidden=\"true\" class=\"wp-block-spacer\"><\/div>\n\n\n\n<p>Quanto ao impacto do atual contexto na execu\u00e7\u00e3o do PRR, a ministra indica que face aos constrangimentos vividos existe uma oportunidade de melhorar a capacidade de execu\u00e7\u00e3o. Mas a revis\u00e3o n\u00e3o ir\u00e1 tornar a execu\u00e7\u00e3o do PRR mais f\u00e1cil, apenas poss\u00edvel.<\/p>\n\n\n\n<div style=\"height:30px\" aria-hidden=\"true\" class=\"wp-block-spacer\"><\/div>\n\n\n\n<p>O Governo de Portugal ir\u00e1 realizar um intenso trabalho em conjunto com a Comiss\u00e3o Europeia na revis\u00e3o do PRR, mas as responsabilidades na concretiza\u00e7\u00e3o do mesmo, o ritmo de trabalho, intensidade e dificuldade dos objetivos manteve-se.<\/p>\n\n\n\n<div style=\"height:30px\" aria-hidden=\"true\" class=\"wp-block-spacer\"><\/div>\n\n\n\n<p>Para al\u00e9m da execu\u00e7\u00e3o do Plano de Recupera\u00e7\u00e3o e Resili\u00eancia, existe ainda a execu\u00e7\u00e3o do plano REPowerEU, terminar o Portugal 2020 e iniciar o Portugal 2030 (quadro comunit\u00e1rio que ir\u00e1 substituir o PT2020).<\/p>\n\n\n\n<div style=\"height:30px\" aria-hidden=\"true\" class=\"wp-block-spacer\"><\/div>\n\n\n\n<p>Mariana Vieira da Silva esteve presente no evento anual do PRR, organizado pela Estrutura de Miss\u00e3o Recuperar Portugal e a Comiss\u00e3o Europeia, no Museu dos Coches (Lisboa).<\/p>\n\n\n\n<div style=\"height:50px\" aria-hidden=\"true\" class=\"wp-block-spacer\"><\/div>\n\n\n\n<h3 class=\"wp-block-heading\">Mais sobre PRR:<\/h3>\n\n\n\n<ul class=\"wp-block-list\"><li><a href=\"https:\/\/reward.pt\/en\/715-milhoes-euros-descarbonizacao-da-industria\/\">PRR: 715 milh\u00f5es de euros para descarboniza\u00e7\u00e3o da ind\u00fastria<\/a><\/li><li><a href=\"https:\/\/reward.pt\/en\/banco-fomento-fundos-nacionais-internacionais-atrasos-prr\/\">Banco de Fomento vai usar fundos nacionais e internacionais para ultrapassar atrasos no PRR<\/a><\/li><li><a href=\"https:\/\/reward.pt\/en\/prr-62-milhoes-euros-producao-gases-renovaveis\/\">PRR apoia em 62 M\u20ac a produ\u00e7\u00e3o de gases renov\u00e1veis<\/a><\/li><li><a href=\"https:\/\/reward.pt\/en\/fundos-para-o-algarve-vao-duplicar-com-o-prr\/\">Fundos para o Algarve v\u00e3o duplicar com o PRR<\/a><\/li><li><a href=\"https:\/\/reward.pt\/en\/bolsa-iniciativas-investigacao-inovacao-agricolas-prr\/\">Bolsa de Iniciativas de investiga\u00e7\u00e3o e inova\u00e7\u00e3o agr\u00edcolas alargada ao PRR<\/a><\/li><li><a href=\"https:\/\/reward.pt\/en\/abertura-dos-primeiros-avisos-prr-agricultura\/\">Abertura dos primeiros avisos PRR para a Agricultura<\/a><\/li><li><a href=\"https:\/\/reward.pt\/en\/agendas-mobilizadoras-plano-recuperacao-resiliencia-prr\/\">Agendas mobilizadoras do Plano de Recupera\u00e7\u00e3o e Resili\u00eancia \u2013 PRR<\/a><\/li><li><a href=\"https:\/\/reward.pt\/en\/primeiros-35-investimentos-portugal-vai-fazer-atraves-prr\/\">Conhe\u00e7a os primeiros 35 investimentos que Portugal vai fazer atrav\u00e9s do PRR<\/a><\/li><\/ul>","protected":false},"excerpt":{"rendered":"<p>Os concursos aprovados do PRR j\u00e1 representam 30% do seu financiamento e os concursos lan\u00e7ados no \u00e2mbito do Plano de Recupera\u00e7\u00e3o e Resili\u00eancia representam metade do seu financiamento. Estas foram indica\u00e7\u00f5es da ministra da Presid\u00eancia, Mariana Vieira da Silva, que refor\u00e7a que \u00e9 tempo de trabalhar em cada projeto e em cada investimento para conseguir [&hellip;]<\/p>","protected":false},"author":1,"featured_media":14690,"comment_status":"closed","ping_status":"open","sticky":false,"template":"","format":"standard","meta":{"_acf_changed":false,"footnotes":""},"categories":[1,40],"tags":[605,606,607],"class_list":["post-14689","post","type-post","status-publish","format-standard","has-post-thumbnail","hentry","category-noticias","category-prr","tag-concursos-aprovados","tag-concursos-prr","tag-financiamento-prr"],"acf":[],"_links":{"self":[{"href":"https:\/\/reward.pt\/en\/wp-json\/wp\/v2\/posts\/14689","targetHints":{"allow":["GET"]}}],"collection":[{"href":"https:\/\/reward.pt\/en\/wp-json\/wp\/v2\/posts"}],"about":[{"href":"https:\/\/reward.pt\/en\/wp-json\/wp\/v2\/types\/post"}],"author":[{"embeddable":true,"href":"https:\/\/reward.pt\/en\/wp-json\/wp\/v2\/users\/1"}],"replies":[{"embeddable":true,"href":"https:\/\/reward.pt\/en\/wp-json\/wp\/v2\/comments?post=14689"}],"version-history":[{"count":0,"href":"https:\/\/reward.pt\/en\/wp-json\/wp\/v2\/posts\/14689\/revisions"}],"wp:featuredmedia":[{"embeddable":true,"href":"https:\/\/reward.pt\/en\/wp-json\/wp\/v2\/media\/14690"}],"wp:attachment":[{"href":"https:\/\/reward.pt\/en\/wp-json\/wp\/v2\/media?parent=14689"}],"wp:term":[{"taxonomy":"category","embeddable":true,"href":"https:\/\/reward.pt\/en\/wp-json\/wp\/v2\/categories?post=14689"},{"taxonomy":"post_tag","embeddable":true,"href":"https:\/\/reward.pt\/en\/wp-json\/wp\/v2\/tags?post=14689"}],"curies":[{"name":"wp","href":"https:\/\/api.w.org\/{rel}","templated":true}]}}