{"id":14779,"date":"2022-07-14T10:16:39","date_gmt":"2022-07-14T10:16:39","guid":{"rendered":"https:\/\/reward.pt\/?p=14779"},"modified":"2023-01-03T14:16:58","modified_gmt":"2023-01-03T14:16:58","slug":"novos-balcao-dos-fundos-e-linha-dos-fundos-para-apoios-prr-pt2030-e-pt2020","status":"publish","type":"post","link":"https:\/\/reward.pt\/en\/novos-balcao-dos-fundos-e-linha-dos-fundos-para-apoios-prr-pt2030-e-pt2020\/","title":{"rendered":"Novos Balc\u00e3o dos Fundos e Linha dos Fundos para apoios PRR, PT2030 e PT2020"},"content":{"rendered":"<p>A Ag\u00eancia para o Desenvolvimento e Coes\u00e3o lan\u00e7ou os novos servi\u00e7os Balc\u00e3o dos Fundos e Linha dos Fundos, destinam-se a apoiar os benefici\u00e1rios e candidatos aos fundos europeus, nomeadamente o PRR \u2013 Plano de Recupera\u00e7\u00e3o e Resili\u00eancia, Portugal 2030 (PT2030) e Portugal 2020 (PT2020).<\/p>\n\n\n\n<div style=\"height:30px\" aria-hidden=\"true\" class=\"wp-block-spacer\"><\/div>\n\n\n\n<p>The <a href=\"https:\/\/bfue-ids.balcaofundosue.pt\/\" target=\"_blank\" rel=\"noopener\">Balc\u00e3o dos Fundos<\/a> \u00e9 a plataforma de acesso a fundos europeus, onde se pode submeter candidaturas a apoios e que permite realizar a gest\u00e3o de documentos e informa\u00e7\u00e3o.<\/p>\n\n\n\n<div style=\"height:30px\" aria-hidden=\"true\" class=\"wp-block-spacer\"><\/div>\n\n\n\n<p>Esta plataforma \u00e9 uma sequ\u00eancia do trabalho desenvolvido no portal Balc\u00e3o 2020, contando com novas funcionalidades:<\/p>\n\n\n\n<ul class=\"wp-block-list\"><li>Aplica\u00e7\u00e3o do princ\u00edpio \u201conly once\u201d, promovendo a interoperabilidade com dados e informa\u00e7\u00e3o existente noutras plataformas da Administra\u00e7\u00e3o P\u00fablica, o que dispensa os utilizadores de registarem dados que j\u00e1 forneceram noutras plataforma p\u00fablicas;<\/li><li>Acesso com Chave M\u00f3vel Digital, para al\u00e9m dos acessos usados no Balc\u00e3o 2020;<\/li><li>Vis\u00e3o e gest\u00e3o interligadas quanto aos per\u00edodos de programa\u00e7\u00e3o do Portugal 2020 e Portugal 2030, via avisos de abertura de candidaturas e de uma conta-corrente onde \u00e9 poss\u00edvel consultar informa\u00e7\u00e3o atualizada e em tempo real sobre o estado de cada opera\u00e7\u00e3o;<\/li><li>Aplica\u00e7\u00e3o m\u00f3vel do Balc\u00e3o dos Fundos, que permite o acesso a informa\u00e7\u00e3o sobre os avisos abertos e as suas opera\u00e7\u00f5es;<\/li><li>Motor de pesquisa inteligente;<\/li><li>Se\u00e7\u00e3o de ajuda;<\/li><li>Vers\u00e3o em ingl\u00eas.<\/li><\/ul>\n\n\n\n<div style=\"height:30px\" aria-hidden=\"true\" class=\"wp-block-spacer\"><\/div>\n\n\n\n<p>J\u00e1 a Linha dos Fundos foi refor\u00e7ada para dar um maior apoio aos benefici\u00e1rios dos programas, tal como a entidades e cidad\u00e3os que queiram esclarecer quest\u00f5es gerais, com um acesso simples e transparente \u00e0 informa\u00e7\u00e3o sobre fundos europeus.<\/p>\n\n\n\n<div style=\"height:30px\" aria-hidden=\"true\" class=\"wp-block-spacer\"><\/div>\n\n\n\n<p>Esta linha fornece apoio sobre o Portugal 2020, Portugal 2030 (assim que estejam abertas candidaturas), PRR, Empr\u00e9stimo-Quadro com o BEI e dos Aux\u00edlios de Minimis.<\/p>\n\n\n\n<div style=\"height:30px\" aria-hidden=\"true\" class=\"wp-block-spacer\"><\/div>\n\n\n\n<p>Responde tamb\u00e9m a quest\u00f5es ligadas a apoio t\u00e9cnico ao Balc\u00e3o dos Fundos, Avisos e Opera\u00e7\u00f5es e informa\u00e7\u00f5es de carater geral.<\/p>\n\n\n\n<div style=\"height:30px\" aria-hidden=\"true\" class=\"wp-block-spacer\"><\/div>\n\n\n\n<p>A Linha dos Fundos \u00e9 multicanal, pelo que pode apoiar os utilizadores atrav\u00e9s de:<\/p>\n\n\n\n<ul class=\"wp-block-list\"><li>Linha de apoio telef\u00f3nico (contactos 800\u00a0103\u00a0510 ou 00351 300\u00a0003\u00a0987, apenas em dias \u00fateis, das 09h \u00e0s 18h).<\/li><li>Registo de pedidos<\/li><li>Email<\/li><li>Videochamada<\/li><li>FAQ \u2013 Perguntas frequentes<\/li><\/ul>\n\n\n\n<div style=\"height:30px\" aria-hidden=\"true\" class=\"wp-block-spacer\"><\/div>\n\n\n\n<p>A Linha dos Fundos \u00e9 uma primeira linha de atendimento que far\u00e1 o encaminhamento para especialistas nas \u00e1reas de neg\u00f3cio na AD&amp;C, Autoridades de Gest\u00e3o e Organismos Interm\u00e9dios. <\/p>\n\n\n\n<div style=\"height:30px\" aria-hidden=\"true\" class=\"wp-block-spacer\"><\/div>\n\n\n\n<p>Tanto o Balc\u00e3o dos fundos quanto a Linha dos Fundos s\u00e3o projetos do ecossistema dos fundos, liderado pela AD&amp;C como organismo coordenador dos Fundos Europeus nacionais, em conjunto com as Autoridades de Gest\u00e3o do PT2020, Organismos Interm\u00e9dios e Estrutura de Miss\u00e3o Recuperar Portugal.<\/p>\n\n\n\n<div style=\"height:60px\" aria-hidden=\"true\" class=\"wp-block-spacer\"><\/div>\n\n\n\n<p>Mais sobre PRR:<\/p>\n\n\n\n<ul class=\"wp-block-list\"><li><a href=\"https:\/\/reward.pt\/en\/715-milhoes-euros-descarbonizacao-da-industria\/\">PRR: 715 milh\u00f5es de euros para descarboniza\u00e7\u00e3o da ind\u00fastria<\/a><\/li><li><a href=\"https:\/\/reward.pt\/en\/banco-fomento-fundos-nacionais-internacionais-atrasos-prr\/\">Banco de Fomento vai usar fundos nacionais e internacionais para ultrapassar atrasos no PRR<\/a><\/li><li><a href=\"https:\/\/reward.pt\/en\/prr-62-milhoes-euros-producao-gases-renovaveis\/\">PRR apoia em 62 M\u20ac a produ\u00e7\u00e3o de gases renov\u00e1veis<\/a><\/li><li><a href=\"https:\/\/reward.pt\/en\/fundos-para-o-algarve-vao-duplicar-com-o-prr\/\">Fundos para o Algarve v\u00e3o duplicar com o PRR<\/a><\/li><li><a href=\"https:\/\/reward.pt\/en\/bolsa-iniciativas-investigacao-inovacao-agricolas-prr\/\">Bolsa de Iniciativas de investiga\u00e7\u00e3o e inova\u00e7\u00e3o agr\u00edcolas alargada ao PRR<\/a><\/li><li><a href=\"https:\/\/reward.pt\/en\/abertura-dos-primeiros-avisos-prr-agricultura\/\">Abertura dos primeiros avisos PRR para a Agricultura<\/a><\/li><li><a href=\"https:\/\/reward.pt\/en\/agendas-mobilizadoras-plano-recuperacao-resiliencia-prr\/\">Agendas mobilizadoras do Plano de Recupera\u00e7\u00e3o e Resili\u00eancia \u2013 PRR<\/a><\/li><li><a href=\"https:\/\/reward.pt\/en\/primeiros-35-investimentos-portugal-vai-fazer-atraves-prr\/\">Conhe\u00e7a os primeiros 35 investimentos que Portugal vai fazer atrav\u00e9s do PRR<\/a><\/li><\/ul>","protected":false},"excerpt":{"rendered":"<p>A Ag\u00eancia para o Desenvolvimento e Coes\u00e3o lan\u00e7ou os novos servi\u00e7os Balc\u00e3o dos Fundos e Linha dos Fundos, destinam-se a apoiar os benefici\u00e1rios e candidatos aos fundos europeus, nomeadamente o PRR \u2013 Plano de Recupera\u00e7\u00e3o e Resili\u00eancia, Portugal 2030 (PT2030) e Portugal 2020 (PT2020). O Balc\u00e3o dos Fundos \u00e9 a plataforma de acesso a fundos [&hellip;]<\/p>","protected":false},"author":1,"featured_media":14780,"comment_status":"closed","ping_status":"open","sticky":false,"template":"","format":"standard","meta":{"_acf_changed":false,"footnotes":""},"categories":[1,10,21,40,7],"tags":[617,618,619],"class_list":["post-14779","post","type-post","status-publish","format-standard","has-post-thumbnail","hentry","category-noticias","category-portugal2020","category-portugal2030","category-prr","category-sistemas-de-incentivos","tag-adc","tag-balcao-2020","tag-linha-dos-fundos"],"acf":[],"_links":{"self":[{"href":"https:\/\/reward.pt\/en\/wp-json\/wp\/v2\/posts\/14779","targetHints":{"allow":["GET"]}}],"collection":[{"href":"https:\/\/reward.pt\/en\/wp-json\/wp\/v2\/posts"}],"about":[{"href":"https:\/\/reward.pt\/en\/wp-json\/wp\/v2\/types\/post"}],"author":[{"embeddable":true,"href":"https:\/\/reward.pt\/en\/wp-json\/wp\/v2\/users\/1"}],"replies":[{"embeddable":true,"href":"https:\/\/reward.pt\/en\/wp-json\/wp\/v2\/comments?post=14779"}],"version-history":[{"count":0,"href":"https:\/\/reward.pt\/en\/wp-json\/wp\/v2\/posts\/14779\/revisions"}],"wp:featuredmedia":[{"embeddable":true,"href":"https:\/\/reward.pt\/en\/wp-json\/wp\/v2\/media\/14780"}],"wp:attachment":[{"href":"https:\/\/reward.pt\/en\/wp-json\/wp\/v2\/media?parent=14779"}],"wp:term":[{"taxonomy":"category","embeddable":true,"href":"https:\/\/reward.pt\/en\/wp-json\/wp\/v2\/categories?post=14779"},{"taxonomy":"post_tag","embeddable":true,"href":"https:\/\/reward.pt\/en\/wp-json\/wp\/v2\/tags?post=14779"}],"curies":[{"name":"wp","href":"https:\/\/api.w.org\/{rel}","templated":true}]}}