{"id":15641,"date":"2022-10-13T15:45:45","date_gmt":"2022-10-13T15:45:45","guid":{"rendered":"https:\/\/reward.pt\/?p=15641"},"modified":"2023-01-03T12:51:43","modified_gmt":"2023-01-03T12:51:43","slug":"oe2023-incentivo-fiscal-valorizacao-salarial-exclui-trabalhadores-familiares","status":"publish","type":"post","link":"https:\/\/reward.pt\/en\/oe2023-incentivo-fiscal-valorizacao-salarial-exclui-trabalhadores-familiares\/","title":{"rendered":"OE2023: Incentivo fiscal \u00e0 valoriza\u00e7\u00e3o salarial exclui trabalhadores familiares"},"content":{"rendered":"<p>O Incentivo fiscal \u00e0s empresas que promovam a valoriza\u00e7\u00e3o salarial, presente no OE2023, exclui familiares da entidade patronal, membros de \u00f3rg\u00e3os sociais e trabalhadores com participa\u00e7\u00e3o de, pelo menos, 50% na empresa.<\/p>\n<p>&nbsp;<\/p>\n<p>Como previsto no acordo de rendimentos e competitividade que foi assinado pelo Governo e respetivos parceiros sociais, o Or\u00e7amento do Estado para 2023 (OE2023) contempla a majora\u00e7\u00e3o em 50% dos custos com valoriza\u00e7\u00e3o salarial para efeitos de IRC.<\/p>\n<p>&nbsp;<\/p>\n<p>Assim sendo, empresas com contrata\u00e7\u00e3o coletiva din\u00e2mica, que valorizem com periodicidade anual os vencimentos em linha ou acima do previsto no acordo da Concerta\u00e7\u00e3o Social e reduzam o leque salarial dos trabalhadores (diferen\u00e7a entre os montantes anuais da maior e menor remunera\u00e7\u00e3o fixa dos colaboradores da entidade), podem reduzir esses encargos em 150%.<\/p>\n<p>&nbsp;<\/p>\n<p>A majora\u00e7\u00e3o acima referida n\u00e3o se verifica quando se trata de valoriza\u00e7\u00f5es salariais de trabalhadores que sejam familiares da entidade patronal, dos membros de \u00f3rg\u00e3os sociais e os trabalhadores com participa\u00e7\u00e3o de, pelo menos, 50% da empresa.<\/p>\n<p>&nbsp;<\/p>\n<p>Esta proposta do OE2023 contempla tamb\u00e9m que o valor m\u00e1ximo dos encargos major\u00e1veis, por trabalhador, \u00e9 o correspondente a 4 vezes a retribui\u00e7\u00e3o m\u00ednima mensal garantida e que s\u00e3o considerados apenas os encargos acima do sal\u00e1rio m\u00ednimo nacional aplic\u00e1vel no \u00faltimo dia do per\u00edodo de tributa\u00e7\u00e3o do exerc\u00edcio em causa.<\/p>","protected":false},"excerpt":{"rendered":"<p>O Incentivo fiscal \u00e0s empresas que promovam a valoriza\u00e7\u00e3o salarial, presente no OE2023, exclui familiares da entidade patronal, membros de \u00f3rg\u00e3os sociais e trabalhadores com participa\u00e7\u00e3o de, pelo menos, 50% na empresa. &nbsp; Como previsto no acordo de rendimentos e competitividade que foi assinado pelo Governo e respetivos parceiros sociais, o Or\u00e7amento do Estado para [&hellip;]<\/p>","protected":false},"author":1,"featured_media":15642,"comment_status":"closed","ping_status":"open","sticky":false,"template":"","format":"standard","meta":{"_acf_changed":false,"footnotes":""},"categories":[3,1,325],"tags":[709,710],"class_list":["post-15641","post","type-post","status-publish","format-standard","has-post-thumbnail","hentry","category-contabilidade","category-noticias","category-orcamento-do-estado","tag-familiares-da-entidade-patronal","tag-incentivo-fiscal-as-empresas-que-promovam-a-valorizacao-salarial"],"acf":[],"_links":{"self":[{"href":"https:\/\/reward.pt\/en\/wp-json\/wp\/v2\/posts\/15641","targetHints":{"allow":["GET"]}}],"collection":[{"href":"https:\/\/reward.pt\/en\/wp-json\/wp\/v2\/posts"}],"about":[{"href":"https:\/\/reward.pt\/en\/wp-json\/wp\/v2\/types\/post"}],"author":[{"embeddable":true,"href":"https:\/\/reward.pt\/en\/wp-json\/wp\/v2\/users\/1"}],"replies":[{"embeddable":true,"href":"https:\/\/reward.pt\/en\/wp-json\/wp\/v2\/comments?post=15641"}],"version-history":[{"count":0,"href":"https:\/\/reward.pt\/en\/wp-json\/wp\/v2\/posts\/15641\/revisions"}],"wp:featuredmedia":[{"embeddable":true,"href":"https:\/\/reward.pt\/en\/wp-json\/wp\/v2\/media\/15642"}],"wp:attachment":[{"href":"https:\/\/reward.pt\/en\/wp-json\/wp\/v2\/media?parent=15641"}],"wp:term":[{"taxonomy":"category","embeddable":true,"href":"https:\/\/reward.pt\/en\/wp-json\/wp\/v2\/categories?post=15641"},{"taxonomy":"post_tag","embeddable":true,"href":"https:\/\/reward.pt\/en\/wp-json\/wp\/v2\/tags?post=15641"}],"curies":[{"name":"wp","href":"https:\/\/api.w.org\/{rel}","templated":true}]}}