{"id":15905,"date":"2022-10-27T13:38:48","date_gmt":"2022-10-27T13:38:48","guid":{"rendered":"https:\/\/reward.pt\/?p=15905"},"modified":"2023-01-03T12:50:56","modified_gmt":"2023-01-03T12:50:56","slug":"aumento-de-isencao-do-subsidio-de-refeicao-em-irs-com-reflexo-no-setor-privado","status":"publish","type":"post","link":"https:\/\/reward.pt\/en\/aumento-de-isencao-do-subsidio-de-refeicao-em-irs-com-reflexo-no-setor-privado\/","title":{"rendered":"Aumento de Isen\u00e7\u00e3o do subs\u00eddio de refei\u00e7\u00e3o em IRS com reflexo no setor privado"},"content":{"rendered":"<p>O limite para isen\u00e7\u00e3o do subs\u00eddio de refei\u00e7\u00e3o em IRS ser\u00e1 aumentado para 5,20\u20ac\/dia (ou 8,32\u20ac\/dia via cart\u00e3o de refei\u00e7\u00e3o), ainda em outubro de 2022.<\/p>\n<p>&nbsp;<\/p>\n<p>Esta medida, confirmada pelo Minist\u00e9rio das Finan\u00e7as, foi inserida no Acordo da Fun\u00e7\u00e3o p\u00fablica. A principal medida do Acordo visa o aumento do subs\u00eddio de refei\u00e7\u00e3o dos funcion\u00e1rios p\u00fablicos para 5,20 euros em outubro 2022.<\/p>\n<p>&nbsp;<\/p>\n<p>At\u00e9 \u00e0 data o subs\u00eddio de alimenta\u00e7\u00e3o dos funcion\u00e1rios p\u00fablicos situa-se nos 4,77 euros (ou 7,63 euros por dia se atribu\u00eddo via vales de refei\u00e7\u00e3o) e o limite legal para isen\u00e7\u00e3o de IRS no subs\u00eddio de refei\u00e7\u00e3o situa-se no mesmo valor.<\/p>\n<p>&nbsp;<\/p>\n<p>O Acordo Plurianual de Valoriza\u00e7\u00e3o dos trabalhadores da Administra\u00e7\u00e3o P\u00fablica foi assinado a 24 de outubro 2022 entre o Governo, a Federa\u00e7\u00e3o de Sindicatos da Administra\u00e7\u00e3o P\u00fablica e de Entidades com Fins P\u00fablicos (FESAP) e o Sindicado dos Quadros T\u00e9cnicos do Estado e Entidades com Fins P\u00fablicos (STE), ambos ligados \u00e0 UGT.<\/p>","protected":false},"excerpt":{"rendered":"<p>O limite para isen\u00e7\u00e3o do subs\u00eddio de refei\u00e7\u00e3o em IRS ser\u00e1 aumentado para 5,20\u20ac\/dia (ou 8,32\u20ac\/dia via cart\u00e3o de refei\u00e7\u00e3o), ainda em outubro de 2022. &nbsp; Esta medida, confirmada pelo Minist\u00e9rio das Finan\u00e7as, foi inserida no Acordo da Fun\u00e7\u00e3o p\u00fablica. A principal medida do Acordo visa o aumento do subs\u00eddio de refei\u00e7\u00e3o dos funcion\u00e1rios p\u00fablicos [&hellip;]<\/p>","protected":false},"author":1,"featured_media":15906,"comment_status":"closed","ping_status":"open","sticky":false,"template":"","format":"standard","meta":{"_acf_changed":false,"footnotes":""},"categories":[8,1,9],"tags":[720,120],"class_list":["post-15905","post","type-post","status-publish","format-standard","has-post-thumbnail","hentry","category-empreendedorismo","category-noticias","category-trabalho","tag-acordo-plurianual-de-valorizacao-dos-trabalhadores-da-administracao-publica","tag-irs"],"acf":[],"_links":{"self":[{"href":"https:\/\/reward.pt\/en\/wp-json\/wp\/v2\/posts\/15905","targetHints":{"allow":["GET"]}}],"collection":[{"href":"https:\/\/reward.pt\/en\/wp-json\/wp\/v2\/posts"}],"about":[{"href":"https:\/\/reward.pt\/en\/wp-json\/wp\/v2\/types\/post"}],"author":[{"embeddable":true,"href":"https:\/\/reward.pt\/en\/wp-json\/wp\/v2\/users\/1"}],"replies":[{"embeddable":true,"href":"https:\/\/reward.pt\/en\/wp-json\/wp\/v2\/comments?post=15905"}],"version-history":[{"count":0,"href":"https:\/\/reward.pt\/en\/wp-json\/wp\/v2\/posts\/15905\/revisions"}],"wp:featuredmedia":[{"embeddable":true,"href":"https:\/\/reward.pt\/en\/wp-json\/wp\/v2\/media\/15906"}],"wp:attachment":[{"href":"https:\/\/reward.pt\/en\/wp-json\/wp\/v2\/media?parent=15905"}],"wp:term":[{"taxonomy":"category","embeddable":true,"href":"https:\/\/reward.pt\/en\/wp-json\/wp\/v2\/categories?post=15905"},{"taxonomy":"post_tag","embeddable":true,"href":"https:\/\/reward.pt\/en\/wp-json\/wp\/v2\/tags?post=15905"}],"curies":[{"name":"wp","href":"https:\/\/api.w.org\/{rel}","templated":true}]}}