{"id":16391,"date":"2022-12-13T10:56:31","date_gmt":"2022-12-13T10:56:31","guid":{"rendered":"https:\/\/reward.pt\/?p=16391"},"modified":"2023-11-02T00:47:18","modified_gmt":"2023-11-02T00:47:18","slug":"camara-de-oeiras-ira-disponibilizar-15-milhoes-para-combater-os-estragos-das-inundacoes","status":"publish","type":"post","link":"https:\/\/reward.pt\/en\/camara-de-oeiras-ira-disponibilizar-15-milhoes-para-combater-os-estragos-das-inundacoes\/","title":{"rendered":"C\u00e2mara de Oeiras ir\u00e1 disponibilizar 1,5 milh\u00f5es para combater os estragos das inunda\u00e7\u00f5es"},"content":{"rendered":"<p>A C\u00e2mara municipal de Oeiras vai disponibilizar1,5 milh\u00f5es de euros para apoiar o com\u00e9rcio em Alg\u00e9s que sofreu a devasta\u00e7\u00e3o das inunda\u00e7\u00f5es durante a \u00faltima semana. Os estragos provocados pelo mau tempo ascendem acima de 3,6 milh\u00f5es de euros.<\/p>\n<p>&nbsp;<\/p>\n<p>Um comunicado da C\u00e2mara municipal de Oeiras, presidida por Isaltino Morais, indica que na sequ\u00eancia da intemp\u00e9rie que afetou toda a AML na \u00faltima semana, provocado danos materiais em estabelecimentos no concelho de Oeiras, o munic\u00edpio decidiu criar um fundo de apoio \u00e0 retoma de atividade com a dota\u00e7\u00e3o de 1,5 milh\u00f5es de euros.<\/p>\n<p>&nbsp;<\/p>\n<p>A cria\u00e7\u00e3o deste fundo de apoio \u00e0 retoma em Alg\u00e9s foi decidida ap\u00f3s a realiza\u00e7\u00e3o de um levantamento dos preju\u00edzos nas zonas mais afetadas, nomeadamente a baixa de Alg\u00e9s, zona que regista bastante com\u00e9rcio local.<\/p>\n<p>&nbsp;<\/p>\n<p>Os preju\u00edzos contabilizados ap\u00f3s as inunda\u00e7\u00f5es que assolaram Oeiras ascendem a 3,6 mil milh\u00f5es de euros, no entanto este montante ainda pode aumentar mediante a realiza\u00e7\u00e3o de uma avalia\u00e7\u00e3o mais profunda.<\/p>\n<p>&nbsp;<\/p>\n<p>Este fundo de apoio aos comerciantes afetados foi anunciado pela autarquia durante a \u00faltima quinta-feira, ap\u00f3s a tempestade que se fez sentir em todo o distrito de Lisboa. Na altura foram dadas garantias de ajuda pelo munic\u00edpio independentemente do Governo anunciar eventuais apoios.<\/p>\n<p>&nbsp;<\/p>\n<p>A C\u00e2mara de Oeiras criou tamb\u00e9m equipas multidisciplinares para realizar o levantamento dos preju\u00edzos nos estabelecimentos das zonas afetadas pelas inunda\u00e7\u00f5es, pelo que est\u00e1 a ser concebido um regulamento para atribui\u00e7\u00e3o do apoio excecional aos comerciantes para permitir a retoma da atividade o quanto antes.<\/p>\n<p>&nbsp;<\/p>\n<p>Adicionalmente foi necess\u00e1rio proceder ao apoio de habita\u00e7\u00e3o a 8 fam\u00edlias, pelo que 3 fam\u00edlias foram inclusive realojadas no hostel social de Oeiras (resposta da CMO para casos de emerg\u00eancia). As restantes fam\u00edlias optaram por solu\u00e7\u00f5es familiares.<\/p>\n<p>&nbsp;<\/p>\n<p>A CMO refor\u00e7a que devido \u00e0 localiza\u00e7\u00e3o geogr\u00e1fica do concelho, o mesmo \u00e9 atravessado por \u00e1guas provenientes dos territ\u00f3rios de Sintra e Amadora. A acumula\u00e7\u00e3o de \u00e1guas provenientes destes territ\u00f3rios originou uma sobrecarga na infraestrutura de escoamento de \u00e1guas de Oeiras.<\/p>\n<p>&nbsp;<\/p>\n<p>A infraestrutura de Oeiras est\u00e1 dimensionada para o concelho, pelo que nota de autarquia refere que n\u00e3o pode ser o munic\u00edpio de Oeiras a suportar a infraestrutura para receber as \u00e1guas dos concelhos vizinhos.<\/p>\n<p>&nbsp;<\/p>\n<p>Imp\u00f5e-se tamb\u00e9m a cria\u00e7\u00e3o de um Plano Diretor Regional ou Intermunicipal devido a problemas supramunicipais que afetam o territ\u00f3rio de Oeiras e toda a AML. Nesse sentido, o Governo j\u00e1 reuniu com 11 munic\u00edpios da AML.<\/p>\n<p>&nbsp;<\/p>\n<p>Mariana Vieira da Silva, ministra da Presid\u00eancia, informou que o Governo vai proceder ao apoio dos munic\u00edpios afetados pelas fortes chuvas e inunda\u00e7\u00f5es. As autarquias devem realizar o levantamento de preju\u00edzos at\u00e9 dia 15 de janeiro.<\/p>\n<p>&nbsp;<\/p>\n<p>A C\u00e2mara municipal de Oeiras informa que todos os casos devem ser sinalizados junto \u00e0 Divis\u00e3o de Coes\u00e3o Social, atrav\u00e9s dos contactos<\/p>\n<ul>\n<li>Telefone : 214\u00a0408\u00a0519<\/li>\n<li>E-mail : dcs@oeiras.pt<\/li>\n<\/ul>","protected":false},"excerpt":{"rendered":"<p>A C\u00e2mara municipal de Oeiras vai disponibilizar1,5 milh\u00f5es de euros para apoiar o com\u00e9rcio em Alg\u00e9s que sofreu a devasta\u00e7\u00e3o das inunda\u00e7\u00f5es durante a \u00faltima semana. Os estragos provocados pelo mau tempo ascendem acima de 3,6 milh\u00f5es de euros. &nbsp; Um comunicado da C\u00e2mara municipal de Oeiras, presidida por Isaltino Morais, indica que na sequ\u00eancia [&hellip;]<\/p>","protected":false},"author":1,"featured_media":22877,"comment_status":"closed","ping_status":"open","sticky":false,"template":"","format":"standard","meta":{"_acf_changed":false,"footnotes":""},"categories":[8,1],"tags":[792,793,794,795],"class_list":["post-16391","post","type-post","status-publish","format-standard","has-post-thumbnail","hentry","category-empreendedorismo","category-noticias","tag-inundacoes","tag-isaltino-morais","tag-oeiras","tag-prejuizo"],"acf":[],"_links":{"self":[{"href":"https:\/\/reward.pt\/en\/wp-json\/wp\/v2\/posts\/16391","targetHints":{"allow":["GET"]}}],"collection":[{"href":"https:\/\/reward.pt\/en\/wp-json\/wp\/v2\/posts"}],"about":[{"href":"https:\/\/reward.pt\/en\/wp-json\/wp\/v2\/types\/post"}],"author":[{"embeddable":true,"href":"https:\/\/reward.pt\/en\/wp-json\/wp\/v2\/users\/1"}],"replies":[{"embeddable":true,"href":"https:\/\/reward.pt\/en\/wp-json\/wp\/v2\/comments?post=16391"}],"version-history":[{"count":1,"href":"https:\/\/reward.pt\/en\/wp-json\/wp\/v2\/posts\/16391\/revisions"}],"predecessor-version":[{"id":22878,"href":"https:\/\/reward.pt\/en\/wp-json\/wp\/v2\/posts\/16391\/revisions\/22878"}],"wp:featuredmedia":[{"embeddable":true,"href":"https:\/\/reward.pt\/en\/wp-json\/wp\/v2\/media\/22877"}],"wp:attachment":[{"href":"https:\/\/reward.pt\/en\/wp-json\/wp\/v2\/media?parent=16391"}],"wp:term":[{"taxonomy":"category","embeddable":true,"href":"https:\/\/reward.pt\/en\/wp-json\/wp\/v2\/categories?post=16391"},{"taxonomy":"post_tag","embeddable":true,"href":"https:\/\/reward.pt\/en\/wp-json\/wp\/v2\/tags?post=16391"}],"curies":[{"name":"wp","href":"https:\/\/api.w.org\/{rel}","templated":true}]}}