{"id":20627,"date":"2023-02-13T12:58:54","date_gmt":"2023-02-13T12:58:54","guid":{"rendered":"https:\/\/reward.pt\/?p=20627"},"modified":"2023-02-14T16:50:19","modified_gmt":"2023-02-14T16:50:19","slug":"pt2030-criadas-as-estruturas-de-missao-dos-programas-para-2021-2027","status":"publish","type":"post","link":"https:\/\/reward.pt\/en\/pt2030-criadas-as-estruturas-de-missao-dos-programas-para-2021-2027\/","title":{"rendered":"PT2030: Criadas as estruturas de miss\u00e3o dos Programas para 2021-2027"},"content":{"rendered":"<p>A <a href=\"https:\/\/dre.pt\/dre\/detalhe\/resolucao-conselho-ministros\/14-2023-207272802\" target=\"_blank\" rel=\"noopener\">Resolu\u00e7\u00e3o de Conselho de Ministros n.\u00ba 14\/2023<\/a> cria as estruturas de miss\u00e3o dos Programas do Portugal 2030 para o per\u00edodo de programa\u00e7\u00e3o 2021-2027. Esta Resolu\u00e7\u00e3o foi publicada a 10 de fevereiro e engloba os Programas tem\u00e1ticos, regionais do continente, Assist\u00eancia T\u00e9cnica e o Programa de Fundo para o Asilo, a Migra\u00e7\u00e3o e a Interliga\u00e7\u00e3o.<\/p>\n<p>A cria\u00e7\u00e3o de autoridades de gest\u00e3o \u00e9 fundamental para o in\u00edcio do ciclo de investimentos no \u00e2mbito do per\u00edodo de programa\u00e7\u00e3o 2021-2027 dos fundos europeus.<\/p>\n<p>Adicionalmente \u00e0 cria\u00e7\u00e3o das estruturas de miss\u00e3o PT2030, a Resolu\u00e7\u00e3o prev\u00ea as designa\u00e7\u00f5es e miss\u00e3o, pelo que estabelece a composi\u00e7\u00e3o estatuto e forma de recrutamento dos elementos dos respetivos secretariados t\u00e9cnicos, os elementos exigidos pelo contrato de desempenho para o exerc\u00edcio de fun\u00e7\u00f5es de gest\u00e3o.<\/p>\n<p>Os pontos acima indicados aplicam-se sem afetar as compet\u00eancias governamentais dos \u00f3rg\u00e3os das regi\u00f5es aut\u00f3nomas no que diz respeito aos coordenadores regionais do Programa Mar, tal como a delega\u00e7\u00e3o de compet\u00eancias para designar e exonerar comiss\u00f5es diretivas das autoridades de gest\u00e3o dos Programas Tem\u00e1ticos e o Fundo para o Asilo, Migra\u00e7\u00e3o e Interliga\u00e7\u00e3o (FAMI); gestor e gestor adjunto do Programa Mar, vogais das autoridades de gest\u00e3o dos P.R. Continente e vogal executivo do P. Assist\u00eancia T\u00e9cnica.<\/p>\n<p>Dentro da estrutura\u00e7\u00e3o operacional dos fundos Portugal 2030 existem 4 Programas Tem\u00e1ticos:<\/p>\n<ul>\n<li>Demografia, Qualifica\u00e7\u00f5es e Inclus\u00e3o<\/li>\n<li>Innovation and Digital Transformation<\/li>\n<li>Climate Action and Sustainability<\/li>\n<li>Sea<\/li>\n<\/ul>\n<p>&nbsp;<\/p>\n<p>E para al\u00e9m do Programa de Assist\u00eancia T\u00e9cnica, existem tamb\u00e9m 5 Programas Regionais PT2030 no continente:<\/p>\n<ul>\n<li>North<\/li>\n<li>Center<\/li>\n<li>Lisbon<\/li>\n<li>Alentejo<\/li>\n<li>Algarve<\/li>\n<\/ul>","protected":false},"excerpt":{"rendered":"<p>A Resolu\u00e7\u00e3o de Conselho de Ministros n.\u00ba 14\/2023 cria as estruturas de miss\u00e3o dos Programas do Portugal 2030 para o per\u00edodo de programa\u00e7\u00e3o 2021-2027. Esta Resolu\u00e7\u00e3o foi publicada a 10 de fevereiro e engloba os Programas tem\u00e1ticos, regionais do continente, Assist\u00eancia T\u00e9cnica e o Programa de Fundo para o Asilo, a Migra\u00e7\u00e3o e a Interliga\u00e7\u00e3o. [&hellip;]<\/p>","protected":false},"author":2,"featured_media":20606,"comment_status":"open","ping_status":"open","sticky":false,"template":"","format":"standard","meta":{"_acf_changed":false,"footnotes":""},"categories":[7,1,21,519],"tags":[827,343],"class_list":["post-20627","post","type-post","status-publish","format-standard","has-post-thumbnail","hentry","category-sistemas-de-incentivos","category-noticias","category-portugal2030","category-rubricas","tag-programa-assistencia-tecnica","tag-pt2030"],"acf":[],"_links":{"self":[{"href":"https:\/\/reward.pt\/en\/wp-json\/wp\/v2\/posts\/20627","targetHints":{"allow":["GET"]}}],"collection":[{"href":"https:\/\/reward.pt\/en\/wp-json\/wp\/v2\/posts"}],"about":[{"href":"https:\/\/reward.pt\/en\/wp-json\/wp\/v2\/types\/post"}],"author":[{"embeddable":true,"href":"https:\/\/reward.pt\/en\/wp-json\/wp\/v2\/users\/2"}],"replies":[{"embeddable":true,"href":"https:\/\/reward.pt\/en\/wp-json\/wp\/v2\/comments?post=20627"}],"version-history":[{"count":0,"href":"https:\/\/reward.pt\/en\/wp-json\/wp\/v2\/posts\/20627\/revisions"}],"wp:featuredmedia":[{"embeddable":true,"href":"https:\/\/reward.pt\/en\/wp-json\/wp\/v2\/media\/20606"}],"wp:attachment":[{"href":"https:\/\/reward.pt\/en\/wp-json\/wp\/v2\/media?parent=20627"}],"wp:term":[{"taxonomy":"category","embeddable":true,"href":"https:\/\/reward.pt\/en\/wp-json\/wp\/v2\/categories?post=20627"},{"taxonomy":"post_tag","embeddable":true,"href":"https:\/\/reward.pt\/en\/wp-json\/wp\/v2\/tags?post=20627"}],"curies":[{"name":"wp","href":"https:\/\/api.w.org\/{rel}","templated":true}]}}