{"id":21069,"date":"2023-03-01T17:19:42","date_gmt":"2023-03-01T17:19:42","guid":{"rendered":"https:\/\/reward.pt\/?p=21069"},"modified":"2023-03-01T17:19:42","modified_gmt":"2023-03-01T17:19:42","slug":"politica-agricola-comum-abertura-de-candidaturas","status":"publish","type":"post","link":"https:\/\/reward.pt\/en\/politica-agricola-comum-abertura-de-candidaturas\/","title":{"rendered":"Pol\u00edtica Agr\u00edcola Comum: Abertura de candidaturas"},"content":{"rendered":"<p>A Pol\u00edtica Agr\u00edcola Comum iniciou hoje, dia 1 de mar\u00e7o de 2023, o per\u00edodo de candidaturas. Esta iniciativa do Governo pretende viabilizar as explora\u00e7\u00f5es agr\u00edcolas, reduzir desigualdades e incentivar o rejuvenescimento da atividade agr\u00edcola.<\/p>\n<p>As regras gerais do plano estrat\u00e9gico da Pol\u00edtica Agr\u00edcola Comum (cujo per\u00edodo de candidaturas j\u00e1 est\u00e1 aberto) foram aprovadas, nelas incluem-se os incentivos \u00e0 produ\u00e7\u00e3o, seguros e novos regimes ecol\u00f3gicos que s\u00e3o 25% do total dos apoios.<\/p>\n<p>A PAC consiste num apoio aos agricultores pelo papel que desempenham no fornecimento de alimentos de elevada qualidade e a pre\u00e7os comport\u00e1veis aos cidad\u00e3os da Uni\u00e3o Europeia. Foi criada em 1962 pelos pa\u00edses fundadores da j\u00e1 extinta Comunidade Europeia e \u00e9 a pol\u00edtica da UE mais antiga ainda em vigor.<\/p>\n<p>Ap\u00f3s sucessivas reformas no sentido de melhorar a Pol\u00edtica Agr\u00edcola Comum, esta foi adaptada aos seguintes desafios:<\/p>\n<ul>\n<li>Garantir a seguran\u00e7a alimentar a todos os cidad\u00e3os europeus<\/li>\n<li>Resistir \u00e0s flutua\u00e7\u00f5es do mercado mundial e \u00e0 volatilidade dos pre\u00e7os<\/li>\n<li>Salvaguardar a prosperidade das comunidades rurais em toda a UE.<\/li>\n<li>Usar os recursos naturais de forma mais sustent\u00e1vel<\/li>\n<li>Contribuir para atenuar as altera\u00e7\u00f5es clim\u00e1ticas.<\/li>\n<\/ul>\n<p>&nbsp;<\/p>\n<p>Maria do C\u00e9u Antunes, Ministra, indica que esta iniciativa ir\u00e1 garantir o abastecimento alimentar e uma gest\u00e3o mais eficiente dos recursos em simult\u00e2neo. Adicionalmente indica que os protocolos com confedera\u00e7\u00f5es assinados em dezembro 2022 foram refor\u00e7ados pelo Governo.<\/p>\n<p>Segundo a mesma, o refor\u00e7o dos protocolos ir\u00e1 ajudar os agricultores a apresentar as suas candidaturas e a tirar proveito de todos os instrumentos disponibilizados.<\/p>\n<p>O per\u00edodo de candidaturas ao <a href=\"https:\/\/www.ifap.pt\/portal\/pedido-unico\" target=\"_blank\" rel=\"noopener\">Pedido \u00danico<\/a> encerra a 31 de maio. No Pedido \u00danico incluem-se tamb\u00e9m os novos regimes ecol\u00f3gicos e as medidas de ambiente e clima.<\/p>","protected":false},"excerpt":{"rendered":"<p>A Pol\u00edtica Agr\u00edcola Comum iniciou hoje, dia 1 de mar\u00e7o de 2023, o per\u00edodo de candidaturas. Esta iniciativa do Governo pretende viabilizar as explora\u00e7\u00f5es agr\u00edcolas, reduzir desigualdades e incentivar o rejuvenescimento da atividade agr\u00edcola. As regras gerais do plano estrat\u00e9gico da Pol\u00edtica Agr\u00edcola Comum (cujo per\u00edodo de candidaturas j\u00e1 est\u00e1 aberto) foram aprovadas, nelas incluem-se [&hellip;]<\/p>","protected":false},"author":2,"featured_media":21068,"comment_status":"open","ping_status":"open","sticky":false,"template":"","format":"standard","meta":{"_acf_changed":false,"footnotes":""},"categories":[7,809],"tags":[281],"class_list":["post-21069","post","type-post","status-publish","format-standard","has-post-thumbnail","hentry","category-sistemas-de-incentivos","category-destaque","tag-agricultura"],"acf":[],"_links":{"self":[{"href":"https:\/\/reward.pt\/en\/wp-json\/wp\/v2\/posts\/21069","targetHints":{"allow":["GET"]}}],"collection":[{"href":"https:\/\/reward.pt\/en\/wp-json\/wp\/v2\/posts"}],"about":[{"href":"https:\/\/reward.pt\/en\/wp-json\/wp\/v2\/types\/post"}],"author":[{"embeddable":true,"href":"https:\/\/reward.pt\/en\/wp-json\/wp\/v2\/users\/2"}],"replies":[{"embeddable":true,"href":"https:\/\/reward.pt\/en\/wp-json\/wp\/v2\/comments?post=21069"}],"version-history":[{"count":0,"href":"https:\/\/reward.pt\/en\/wp-json\/wp\/v2\/posts\/21069\/revisions"}],"wp:featuredmedia":[{"embeddable":true,"href":"https:\/\/reward.pt\/en\/wp-json\/wp\/v2\/media\/21068"}],"wp:attachment":[{"href":"https:\/\/reward.pt\/en\/wp-json\/wp\/v2\/media?parent=21069"}],"wp:term":[{"taxonomy":"category","embeddable":true,"href":"https:\/\/reward.pt\/en\/wp-json\/wp\/v2\/categories?post=21069"},{"taxonomy":"post_tag","embeddable":true,"href":"https:\/\/reward.pt\/en\/wp-json\/wp\/v2\/tags?post=21069"}],"curies":[{"name":"wp","href":"https:\/\/api.w.org\/{rel}","templated":true}]}}