{"id":21158,"date":"2023-03-15T11:42:36","date_gmt":"2023-03-15T11:42:36","guid":{"rendered":"https:\/\/reward.pt\/?p=21158"},"modified":"2025-03-10T11:57:40","modified_gmt":"2025-03-10T11:57:40","slug":"adc-debate-incentivos-ao-investimento-no-fundao","status":"publish","type":"post","link":"https:\/\/reward.pt\/en\/adc-debate-incentivos-ao-investimento-no-fundao\/","title":{"rendered":"AD&#038;C debate Incentivos ao Investimento no Fund\u00e3o"},"content":{"rendered":"<p>A Ag\u00eancia para o Desenvolvimento e Coes\u00e3o, ou AD&amp;C, vai debater os investimentos ao incentivo no Fund\u00e3o, mais precisamente no Ciclo de Confer\u00eancias \u201cAtratividade e reten\u00e7\u00e3o do talento no Interior\u201d, integrado na 1\u00aa Feira de Emprego e Forma\u00e7\u00e3o do Fund\u00e3o que ir\u00e1 ocorrer entre 31 de mar\u00e7o e 1 de abril.<\/p>\n<p>Os temas em debate no Ciclo de Confer\u00eancias s\u00e3o um meio de reflex\u00e3o sobre a transforma\u00e7\u00e3o a que o trabalho est\u00e1 sujeito, sobre os desafios e oportunidades de atra\u00e7\u00e3o e reten\u00e7\u00e3o de talento para combater o desafio demogr\u00e1fico que a regi\u00e3o interior de Portugal sente.<\/p>\n<p>A apresenta\u00e7\u00e3o da AD&amp;C sobre os Incentivos ao Investimento ser\u00e1 dada por Cl\u00e1udia Joaquim, presidente da ag\u00eancia, no dia 31 de mar\u00e7o \u00e0s 14h30. A abertura do evento ser\u00e1 \u00e0s 9 horas, seguida pela sess\u00e3o de boas vindas.<\/p>\n<p>O programa completo do evento pode ser consultado abaixo<\/p>\n<p>&nbsp;<\/p>\n<p><strong>Dia 31 de Mar\u00e7o<\/strong><\/p>\n<ul>\n<li>09h00 \u2013 Abertura<\/li>\n<li>10h00 \u2013 Sess\u00e3o de boas vindas (Presidente da CMF e Secret\u00e1rio de Estado do Trabalho)<\/li>\n<li>10h30 \u2013 O Futuro do Trabalho (Fernando Alvim, Landing Jobs, Prunus Aviu SGPS)<\/li>\n<li>11h45 \u2013 Incentivos \u00e0 internacionaliza\u00e7\u00e3o (AICEP)<\/li>\n<li>12h45 \u2013 Workshop \u201cCiberseguran\u00e7a &#8211; Vis\u00e3o dos riscos e das solu\u00e7\u00f5es\u201d (Universidade da Beira Interior)<\/li>\n<li>13h00 \u2013 Pausa para almo\u00e7o<\/li>\n<li>14h30 \u2013 Incentivos ao Investimento (AD&amp;C)<\/li>\n<li>15h00 \u2013 Educa\u00e7\u00e3o e Forma\u00e7\u00e3o (Fernando Alvim, Brave Generation Academy, ANQEP, Academia de C\u00f3digo)<\/li>\n<li>16h45 \u2013 Workshop \u201cEmpreendedorismo\u201d (StartUP23)<\/li>\n<li>18h00 \u2013 Encerramento<\/li>\n<\/ul>\n<p>&nbsp;<\/p>\n<p><strong>Dia 1 de abril<\/strong><\/p>\n<ul>\n<li>10h00 \u2013 Abertura<\/li>\n<li>10h30 \u2013 Aposta no Capital Intelectual e na competitividade (Jo\u00e3o Leit\u00e3o, Coverflex, Grupo Delta, The Navigator Company, Grupo RiT)<\/li>\n<li>11h45 \u2013 Workshop \u201cRedes sociais profissionais\u201d (Lisbon Digital School)<\/li>\n<li>12h12 \u2013 Incentivos \u00e0 inova\u00e7\u00e3o e competitividade<\/li>\n<li>13h00 \u2013 Pausa para almo\u00e7o<\/li>\n<li>14h30 \u2013 Incentivos \u00e0 contrata\u00e7\u00e3o (Centro de Emprego da Covilh\u00e3)<\/li>\n<li>15h00 \u2013 Atrair, integrar e reter talento (David Carvalh\u00e3o, CMF, OIM, Alto Comissariado par as Migra\u00e7\u00f5es, J4LP<\/li>\n<li>16h15 \u2013 Workshop \u201cComo ter sucesso na procura de emprego\u201d (FormaRedes CLDS 4G)<\/li>\n<li>18h00 &#8211; Encerramento<\/li>\n<\/ul>","protected":false},"excerpt":{"rendered":"<p>A Ag\u00eancia para o Desenvolvimento e Coes\u00e3o, ou AD&amp;C, vai debater os investimentos ao incentivo no Fund\u00e3o, mais precisamente no Ciclo de Confer\u00eancias \u201cAtratividade e reten\u00e7\u00e3o do talento no Interior\u201d, integrado na 1\u00aa Feira de Emprego e Forma\u00e7\u00e3o do Fund\u00e3o que ir\u00e1 ocorrer entre 31 de mar\u00e7o e 1 de abril. Os temas em debate [&hellip;]<\/p>","protected":false},"author":2,"featured_media":21159,"comment_status":"closed","ping_status":"open","sticky":false,"template":"","format":"standard","meta":{"_acf_changed":false,"footnotes":""},"categories":[8,27,1,9],"tags":[617,63,867],"class_list":["post-21158","post","type-post","status-publish","format-standard","has-post-thumbnail","hentry","category-empreendedorismo","category-empresas","category-noticias","category-trabalho","tag-adc","tag-emprego","tag-fundao"],"acf":[],"_links":{"self":[{"href":"https:\/\/reward.pt\/en\/wp-json\/wp\/v2\/posts\/21158","targetHints":{"allow":["GET"]}}],"collection":[{"href":"https:\/\/reward.pt\/en\/wp-json\/wp\/v2\/posts"}],"about":[{"href":"https:\/\/reward.pt\/en\/wp-json\/wp\/v2\/types\/post"}],"author":[{"embeddable":true,"href":"https:\/\/reward.pt\/en\/wp-json\/wp\/v2\/users\/2"}],"replies":[{"embeddable":true,"href":"https:\/\/reward.pt\/en\/wp-json\/wp\/v2\/comments?post=21158"}],"version-history":[{"count":1,"href":"https:\/\/reward.pt\/en\/wp-json\/wp\/v2\/posts\/21158\/revisions"}],"predecessor-version":[{"id":25156,"href":"https:\/\/reward.pt\/en\/wp-json\/wp\/v2\/posts\/21158\/revisions\/25156"}],"wp:featuredmedia":[{"embeddable":true,"href":"https:\/\/reward.pt\/en\/wp-json\/wp\/v2\/media\/21159"}],"wp:attachment":[{"href":"https:\/\/reward.pt\/en\/wp-json\/wp\/v2\/media?parent=21158"}],"wp:term":[{"taxonomy":"category","embeddable":true,"href":"https:\/\/reward.pt\/en\/wp-json\/wp\/v2\/categories?post=21158"},{"taxonomy":"post_tag","embeddable":true,"href":"https:\/\/reward.pt\/en\/wp-json\/wp\/v2\/tags?post=21158"}],"curies":[{"name":"wp","href":"https:\/\/api.w.org\/{rel}","templated":true}]}}