{"id":21206,"date":"2023-03-28T11:50:27","date_gmt":"2023-03-28T11:50:27","guid":{"rendered":"https:\/\/reward.pt\/?p=21206"},"modified":"2023-03-28T11:50:27","modified_gmt":"2023-03-28T11:50:27","slug":"aumento-de-isencao-de-irs-do-subsidio-de-refeicao-em-dinheiro-para-6-euros","status":"publish","type":"post","link":"https:\/\/reward.pt\/en\/aumento-de-isencao-de-irs-do-subsidio-de-refeicao-em-dinheiro-para-6-euros\/","title":{"rendered":"Aumento de isen\u00e7\u00e3o de IRS do subs\u00eddio de refei\u00e7\u00e3o em dinheiro para 6 euros"},"content":{"rendered":"<p>A isen\u00e7\u00e3o de IRS do subs\u00eddio de refei\u00e7\u00e3o em dinheiro vai aumentar para o limite de 6 euros como consequ\u00eancia da subida do subsidio de refei\u00e7\u00e3o da fun\u00e7\u00e3o publica para o mesmo valor a partir de abril.<\/p>\n<p>O ministro das finan\u00e7as indica que esta subida para 6 euros se traduz numa subida de patamar de isen\u00e7\u00e3o fiscal.<\/p>\n<p>Esta declara\u00e7\u00e3o foi proferida durante uma conferencia de imprensa juntamente com Mariana Vieira da Silva e Ana Mendes Godinho, ministras da Presid\u00eancia e da Seguran\u00e7a Social (respetivamente).<\/p>\n<p>O aumento de isen\u00e7\u00e3o de IRS do subsidio de refei\u00e7\u00e3o em dinheiro abrange apenas funcion\u00e1rios p\u00fablicos, um aumento de 80 c\u00eantimos (de 5,20 euros para 6 euros) mas tamb\u00e9m ir\u00e1 impactar os trabalhadores do setor privado no que diz respeito \u00e0 sua isen\u00e7\u00e3o fiscal, que se situava em 5,20 euros.<\/p>\n<p>O pacote de medidas anunciado por Fernando Medina inclui ainda um aumento salarial de 1% que abrange todos os funcion\u00e1rios p\u00fablicos.<\/p>","protected":false},"excerpt":{"rendered":"<p>A isen\u00e7\u00e3o de IRS do subs\u00eddio de refei\u00e7\u00e3o em dinheiro vai aumentar para o limite de 6 euros como consequ\u00eancia da subida do subsidio de refei\u00e7\u00e3o da fun\u00e7\u00e3o publica para o mesmo valor a partir de abril. O ministro das finan\u00e7as indica que esta subida para 6 euros se traduz numa subida de patamar de [&hellip;]<\/p>","protected":false},"author":2,"featured_media":21207,"comment_status":"open","ping_status":"open","sticky":false,"template":"","format":"standard","meta":{"_acf_changed":false,"footnotes":""},"categories":[3,1,171],"tags":[891,120,890],"class_list":["post-21206","post","type-post","status-publish","format-standard","has-post-thumbnail","hentry","category-contabilidade","category-noticias","category-obrigacoes-fiscais","tag-fernando-medina","tag-irs","tag-subsidio-de-refeicao"],"acf":[],"_links":{"self":[{"href":"https:\/\/reward.pt\/en\/wp-json\/wp\/v2\/posts\/21206","targetHints":{"allow":["GET"]}}],"collection":[{"href":"https:\/\/reward.pt\/en\/wp-json\/wp\/v2\/posts"}],"about":[{"href":"https:\/\/reward.pt\/en\/wp-json\/wp\/v2\/types\/post"}],"author":[{"embeddable":true,"href":"https:\/\/reward.pt\/en\/wp-json\/wp\/v2\/users\/2"}],"replies":[{"embeddable":true,"href":"https:\/\/reward.pt\/en\/wp-json\/wp\/v2\/comments?post=21206"}],"version-history":[{"count":0,"href":"https:\/\/reward.pt\/en\/wp-json\/wp\/v2\/posts\/21206\/revisions"}],"wp:featuredmedia":[{"embeddable":true,"href":"https:\/\/reward.pt\/en\/wp-json\/wp\/v2\/media\/21207"}],"wp:attachment":[{"href":"https:\/\/reward.pt\/en\/wp-json\/wp\/v2\/media?parent=21206"}],"wp:term":[{"taxonomy":"category","embeddable":true,"href":"https:\/\/reward.pt\/en\/wp-json\/wp\/v2\/categories?post=21206"},{"taxonomy":"post_tag","embeddable":true,"href":"https:\/\/reward.pt\/en\/wp-json\/wp\/v2\/tags?post=21206"}],"curies":[{"name":"wp","href":"https:\/\/api.w.org\/{rel}","templated":true}]}}