{"id":21220,"date":"2023-03-31T11:17:50","date_gmt":"2023-03-31T11:17:50","guid":{"rendered":"https:\/\/reward.pt\/?p=21220"},"modified":"2023-03-31T11:17:50","modified_gmt":"2023-03-31T11:17:50","slug":"governo-aprovou-decreto-lei-que-passa-ccdr-a-institutos-publicos","status":"publish","type":"post","link":"https:\/\/reward.pt\/en\/governo-aprovou-decreto-lei-que-passa-ccdr-a-institutos-publicos\/","title":{"rendered":"Governo aprovou decreto-lei que passa CCDR a institutos p\u00fablicos"},"content":{"rendered":"<p>O Conselho de ministros aprovou de forma final o decreto-lei que passa as CCDR institutos p\u00fablicos de regime especial, com autonomia jur\u00eddica, administrativa, financeira e patrim\u00f3nio pr\u00f3prio e lhes concede maior autonomia.<\/p>\n<p>O decreto-lei reorganiza os servi\u00e7os descentrados regionais do Estado e converte as CCDR, ou Comiss\u00f5es de Coordena\u00e7\u00e3o e Desenvolvimento Regional, em institutos p\u00fablicos. As CCDR refor\u00e7am assim o seu papel de responsabilidade pelo desenvolvimento regional.<\/p>\n<p>Vai ser criado tamb\u00e9m um servi\u00e7o semelhante ao \u201cbalc\u00e3o \u00fanico\u201d nas CCDR para atender munic\u00edpios, empresas e cidad\u00e3os e simplificar a rela\u00e7\u00e3o com o Estado. Este servi\u00e7o foi apresentado por Ana Abrunhosa e vai incluir servi\u00e7os de diferentes processos de licenciamento, entre outros.<\/p>\n<p>Ant\u00f3nio Cunha indica que o impacto da aprova\u00e7\u00e3o do decreto-lei ser\u00e1 a integra\u00e7\u00e3o dos servi\u00e7os nas CCDR e a possibilidade de empresas obterem respostas mais integradas da Administra\u00e7\u00e3o P\u00fablica. Tamb\u00e9m vai permitir tornar os servi\u00e7os do Estado menos burocr\u00e1ticos ao conseguir v\u00e1rios tipos de licenciamento no interface \u00fanico das CCDR.<\/p>\n<p>Esta altera\u00e7\u00e3o de servi\u00e7os das CCDR n\u00e3o implica que as diferentes ag\u00eancias da Administra\u00e7\u00e3o P\u00fablica deixem de ter responsabilidade dos processos de licenciamento, apenas haver\u00e1 uma simplifica\u00e7\u00e3o de rela\u00e7\u00e3o entre cidad\u00e3os, empresas e Estado.<\/p>\n<p>A n\u00edvel organizacional as CCDR ter\u00e3o um presidente e um conselho diretivo composto pelo presidente e quatro vice-presidentes, um \u00f3rg\u00e3o colegial em que o vice-presidente tem voto de qualidade. O presente decreto-lei que reorganiza os servi\u00e7os descentrados a n\u00edvel regional do Estado tinha sido aprovado em Faro a 2 de mar\u00e7o 2023, pelo que este processo se traduz numa melhoria de alguns conceitos t\u00e9cnicos, conforme indica o presidente da CCDR-N Ant\u00f3nio Cunha.<\/p>","protected":false},"excerpt":{"rendered":"<p>O Conselho de ministros aprovou de forma final o decreto-lei que passa as CCDR institutos p\u00fablicos de regime especial, com autonomia jur\u00eddica, administrativa, financeira e patrim\u00f3nio pr\u00f3prio e lhes concede maior autonomia. O decreto-lei reorganiza os servi\u00e7os descentrados regionais do Estado e converte as CCDR, ou Comiss\u00f5es de Coordena\u00e7\u00e3o e Desenvolvimento Regional, em institutos p\u00fablicos. [&hellip;]<\/p>","protected":false},"author":2,"featured_media":21221,"comment_status":"open","ping_status":"open","sticky":false,"template":"","format":"standard","meta":{"_acf_changed":false,"footnotes":""},"categories":[809,1],"tags":[896,790,897],"class_list":["post-21220","post","type-post","status-publish","format-standard","has-post-thumbnail","hentry","category-destaque","category-noticias","tag-antonio-cunha","tag-ccdr","tag-decreto-lei"],"acf":[],"_links":{"self":[{"href":"https:\/\/reward.pt\/en\/wp-json\/wp\/v2\/posts\/21220","targetHints":{"allow":["GET"]}}],"collection":[{"href":"https:\/\/reward.pt\/en\/wp-json\/wp\/v2\/posts"}],"about":[{"href":"https:\/\/reward.pt\/en\/wp-json\/wp\/v2\/types\/post"}],"author":[{"embeddable":true,"href":"https:\/\/reward.pt\/en\/wp-json\/wp\/v2\/users\/2"}],"replies":[{"embeddable":true,"href":"https:\/\/reward.pt\/en\/wp-json\/wp\/v2\/comments?post=21220"}],"version-history":[{"count":0,"href":"https:\/\/reward.pt\/en\/wp-json\/wp\/v2\/posts\/21220\/revisions"}],"wp:featuredmedia":[{"embeddable":true,"href":"https:\/\/reward.pt\/en\/wp-json\/wp\/v2\/media\/21221"}],"wp:attachment":[{"href":"https:\/\/reward.pt\/en\/wp-json\/wp\/v2\/media?parent=21220"}],"wp:term":[{"taxonomy":"category","embeddable":true,"href":"https:\/\/reward.pt\/en\/wp-json\/wp\/v2\/categories?post=21220"},{"taxonomy":"post_tag","embeddable":true,"href":"https:\/\/reward.pt\/en\/wp-json\/wp\/v2\/tags?post=21220"}],"curies":[{"name":"wp","href":"https:\/\/api.w.org\/{rel}","templated":true}]}}