{"id":21340,"date":"2023-04-24T11:26:21","date_gmt":"2023-04-24T11:26:21","guid":{"rendered":"https:\/\/reward.pt\/?p=21340"},"modified":"2024-01-12T17:40:59","modified_gmt":"2024-01-12T17:40:59","slug":"calendario-fiscal-maio-2023","status":"publish","type":"post","link":"https:\/\/reward.pt\/en\/calendario-fiscal-maio-2023\/","title":{"rendered":"Calend\u00e1rio Fiscal: Maio 2023"},"content":{"rendered":"<figure>\r\n<p>Abaixo fica o calend\u00e1rio fiscal de maio 2023 da REWARD Consulting.<\/p>\r\n<p>O calend\u00e1rio fiscal de maio 2023 tem todas as datas fiscais e contabil\u00edsticas que necessita saber, independentemente do setor de atividade da empresa, para que esteja por dentro das obriga\u00e7\u00f5es fiscais a serem cumpridas (IVA, IRS, IRC, Seguran\u00e7a Social, Mapa de F\u00e9rias, IMI, outros).<\/p>\r\n<p>\u00c9 essencial estar em conformidade com a legisla\u00e7\u00e3o tribut\u00e1ria, por isso, confira as datas e obriga\u00e7\u00f5es fiscais e esteja preparado(a) para cumprir todas as responsabilidades fiscais.<\/p>\r\n<p>&nbsp;<\/p>\r\n<\/figure>\r\n<figure class=\"wp-block-table\">\r\n<table style=\"height: 1670px;\" width=\"1296\">\r\n<tbody>\r\n<tr>\r\n<td>\r\n<h4>Dia<\/h4>\r\n<\/td>\r\n<td>\r\n<h4>Imposto<\/h4>\r\n<\/td>\r\n<td>\r\n<h4>Obriga\u00e7\u00f5es<\/h4>\r\n<\/td>\r\n<td>\r\n<h4>Documento<\/h4>\r\n<\/td>\r\n<td>\r\n<h4>Observa\u00e7\u00f5es<\/h4>\r\n<\/td>\r\n<\/tr>\r\n<tr>\r\n<td>\r\n<h5><strong>5<\/strong><\/h5>\r\n<\/td>\r\n<td>\r\n<h5>IVA<\/h5>\r\n<\/td>\r\n<td>Comunica\u00e7\u00e3o dos elementos das faturas (abril 2023)<\/td>\r\n<td>\r\n<p>&#8212;<\/p>\r\n<\/td>\r\n<td>\r\n<p>Comunica\u00e7\u00e3o a ser feita via:<\/p>\r\n<ul>\r\n<li>Transmiss\u00e3o eletr\u00f3nica em tempo real;<\/li>\r\n<li>Transmiss\u00e3o eletr\u00f3nica de dados, mediante remessa de ficheiro normalizado SAF-T (PT);<\/li>\r\n<li>Inser\u00e7\u00e3o direta em Portal das Finan\u00e7as;<\/li>\r\n<li>Outra via eletr\u00f3nica, nos termos a definir por portaria do Ministro das Finan\u00e7as.<\/li>\r\n<\/ul>\r\n<\/td>\r\n<\/tr>\r\n<tr>\r\n<td>\r\n<h5><strong>10<\/strong><\/h5>\r\n<\/td>\r\n<td>\r\n<h5>IRS \/ IRC \/ S.S.<\/h5>\r\n<\/td>\r\n<td>Declara\u00e7\u00e3o de rendimentos pagos e reten\u00e7\u00f5es, contribui\u00e7\u00f5es sociais e de sa\u00fade e quotiza\u00e7\u00f5es (abril 2023 &#8211; trabalho dependente)<\/td>\r\n<td>Declara\u00e7\u00e3o mensal de remunera\u00e7\u00f5es<\/td>\r\n<td>&#8212;<\/td>\r\n<\/tr>\r\n<tr>\r\n<td><strong>20<\/strong><\/td>\r\n<td>\r\n<h5>S.S.<\/h5>\r\n<\/td>\r\n<td>Pagamento de contribui\u00e7\u00f5es (abril 2023)<\/td>\r\n<td>\r\n<p>&#8212;<\/p>\r\n<\/td>\r\n<td>&#8212;<\/td>\r\n<\/tr>\r\n<tr>\r\n<td>&#8212;<\/td>\r\n<td>\r\n<h5>IRS \/ IRC \/ Selo<\/h5>\r\n<\/td>\r\n<td>Pagamento de IRS e IRC retidos e Imposto de Selo (abril 2023)<\/td>\r\n<td>\r\n<ul>\r\n<li>Declara\u00e7\u00e3o de reten\u00e7\u00f5es na fonte de IRS\/IRC<\/li>\r\n<li>Declara\u00e7\u00e3o Mensal de Imposto do Selo (DMIS)<\/li>\r\n<\/ul>\r\n<\/td>\r\n<td>&#8212;<\/td>\r\n<\/tr>\r\n<tr>\r\n<td>&#8212;<\/td>\r\n<td>\r\n<h5>IVA<\/h5>\r\n<\/td>\r\n<td>Envio da declara\u00e7\u00e3o peri\u00f3dica de mar\u00e7o 2023 e anexos (contribuintes em regime mensal)<\/td>\r\n<td>Declara\u00e7\u00e3o peri\u00f3dica\u00a0<\/td>\r\n<td>\r\n<p>Envio de anexos adicionais (em caso de reembolso)<\/p>\r\n<\/td>\r\n<\/tr>\r\n<tr>\r\n<td>&#8212;<\/td>\r\n<td>\r\n<h5>&#8212;<\/h5>\r\n<\/td>\r\n<td>Envio de declara\u00e7\u00e3o recapitulativa mensal (abril 2023)<\/td>\r\n<td>\r\n<p>Declara\u00e7\u00e3o recapitulativa:<\/p>\r\n<ul>\r\n<li>Transmiss\u00f5es intracomunit\u00e1rias de bens e opera\u00e7\u00f5es assimiladas \/ presta\u00e7\u00f5es de servi\u00e7os<\/li>\r\n<\/ul>\r\n<\/td>\r\n<td>\r\n<p>Aplic\u00e1vel a:<\/p>\r\n<ul>\r\n<li>Sujeitos passivos no regime mensal<\/li>\r\n<li>Sujeitos passivos no regime trimestral quando o total das transmiss\u00f5es intracomunit\u00e1rias de bens a incluir na declara\u00e7\u00e3o tenha (no trimestre em curso ou qualquer um dos 4 trimestres anteriores) excedido 50.000\u20ac<\/li>\r\n<\/ul>\r\n<\/td>\r\n<\/tr>\r\n<tr>\r\n<td>\r\n<h5>&#8212;<\/h5>\r\n<\/td>\r\n<td>\r\n<h5>&#8212;<\/h5>\r\n<\/td>\r\n<td>Envio da declara\u00e7\u00e3o peri\u00f3dica do 1\u00ba trimestre 2023 e anexos (contribuintes em regime trimestral)<\/td>\r\n<td>Declara\u00e7\u00e3o peri\u00f3dica<\/td>\r\n<td>\r\n<p>Envio eletr\u00f3nico de informa\u00e7\u00e3o adicional (em caso de reembolso)<\/p>\r\n<\/td>\r\n<\/tr>\r\n<tr>\r\n<td>\r\n<h5><strong>25<\/strong><\/h5>\r\n<\/td>\r\n<td>\r\n<h5>IVA<\/h5>\r\n<\/td>\r\n<td>Pagamento do IVA (mar\u00e7o 2023)<\/td>\r\n<td>&#8212;<\/td>\r\n<td>\r\n<p>Documento de pagamento gerado no Portal das Finan\u00e7as ap\u00f3s submiss\u00e3o da Declara\u00e7\u00e3o Peri\u00f3dica de IVA.<\/p>\r\n<p>O pagamento pode ser efetuado em presta\u00e7\u00f5es mensais de valor igual ou superior a 25 \u20ac.<\/p>\r\n<\/td>\r\n<\/tr>\r\n<tr>\r\n<td>\r\n<h5>&#8212;<\/h5>\r\n<\/td>\r\n<td>\r\n<h5>&#8212;<\/h5>\r\n<\/td>\r\n<td>Pagamento do IVA (1\u00ba trimestre 2023)<\/td>\r\n<td>&#8212;<\/td>\r\n<td>\r\n<p>Documento de pagamento gerado no Portal das Finan\u00e7as ap\u00f3s submiss\u00e3o da Declara\u00e7\u00e3o Peri\u00f3dica de IVA.<\/p>\r\n<p>O pagamento pode ser efetuado em presta\u00e7\u00f5es mensais de valor igual ou superior a 25 \u20ac.<\/p>\r\n<\/td>\r\n<\/tr>\r\n<tr>\r\n<td><strong>31<\/strong><\/td>\r\n<td>\r\n<h5>IVA<\/h5>\r\n<\/td>\r\n<td>Envio da declara\u00e7\u00e3o mensal das obriga\u00e7\u00f5es declarativas &#8211; Regime de importa\u00e7\u00e3o do Balc\u00e3o \u00danico (abril 2023)<\/td>\r\n<td>Declara\u00e7\u00e3o mensal<\/td>\r\n<td>&#8212;<\/td>\r\n<\/tr>\r\n<tr>\r\n<td>&#8212;<\/td>\r\n<td>\r\n<h5>IRS\/IRC<\/h5>\r\n<\/td>\r\n<td>Declara\u00e7\u00e3o de rendimentos pagos ou colocados \u00e0 disposi\u00e7\u00e3o de sujeitos passivos n\u00e3o residentes (mar\u00e7o 2023)<\/td>\r\n<td>Modelo 30<\/td>\r\n<td>&#8212;<\/td>\r\n<\/tr>\r\n<tr>\r\n<td>&#8212;<\/td>\r\n<td>\r\n<h5>Pre\u00e7os de transfer\u00eancia<\/h5>\r\n<\/td>\r\n<td>Comunica\u00e7\u00e3o da identifica\u00e7\u00e3o da entidade declarante e respetiva jurisdi\u00e7\u00e3o fiscal 2022 (Country by Country Report)<\/td>\r\n<td>Modelo 54<\/td>\r\n<td>\r\n<p>Comunica\u00e7\u00e3o a ser feita:<\/p>\r\n<ul>\r\n<li>Via eletr\u00f3nica<\/li>\r\n<li>Via qualquer entidade (residente ou com estabelecimento est\u00e1vel em PT) que integre um grupo sujeito \u00e0 apresenta\u00e7\u00e3o do Country By Country Report<\/li>\r\n<\/ul>\r\n<\/td>\r\n<\/tr>\r\n<tr>\r\n<td>&#8212;<\/td>\r\n<td>\r\n<h5>IMI<\/h5>\r\n<\/td>\r\n<td>Pagamento do Imposto Municipal sobre Im\u00f3veis<\/td>\r\n<td>Documento de cobran\u00e7a<\/td>\r\n<td>\r\n<p>O IMI \u00e9 pago:<\/p>\r\n<ul>\r\n<li>Em 1 presta\u00e7\u00e3o (maio) quando o montante \u00e9 igual ou inferior a 100\u20ac<\/li>\r\n<li>Em 2 presta\u00e7\u00f5es (maio e novembro) quando o montante se situa entre 101\u20ac e 500\u20ac<\/li>\r\n<li>Em 3 presta\u00e7\u00f5es (maio, agosto e novembro) quando o montante \u00e9 superior a 500\u20ac<\/li>\r\n<\/ul>\r\n<\/td>\r\n<\/tr>\r\n<tr>\r\n<td>&#8212;<\/td>\r\n<td>\r\n<h5>IRC<\/h5>\r\n<\/td>\r\n<td>\r\n<p>Envio da declara\u00e7\u00e3o Mod. 22 de 2022; pagamento do IRC, da Derrama e da Derrama Estadual<\/p>\r\n<\/td>\r\n<td>\r\n<p>Modelo 22<\/p>\r\n<p>Modelo P1<\/p>\r\n<\/td>\r\n<td>No per\u00edodo de tributa\u00e7\u00e3o n\u00e3o coincidente com o ano civil, at\u00e9 ao \u00faltimo dia do 5\u00ba m\u00eas seguinte \u00e0 data do termo do per\u00edodo de tributa\u00e7\u00e3o<\/td>\r\n<\/tr>\r\n<\/tbody>\r\n<\/table>\r\n<\/figure>","protected":false},"excerpt":{"rendered":"<p>Abaixo fica o calend\u00e1rio fiscal de maio 2023 da REWARD Consulting. O calend\u00e1rio fiscal de maio 2023 tem todas as datas fiscais e contabil\u00edsticas que necessita saber, independentemente do setor de atividade da empresa, para que esteja por dentro das obriga\u00e7\u00f5es fiscais a serem cumpridas (IVA, IRS, IRC, Seguran\u00e7a Social, Mapa de F\u00e9rias, IMI, outros). [&hellip;]<\/p>","protected":false},"author":2,"featured_media":17662,"comment_status":"closed","ping_status":"open","sticky":false,"template":"","format":"standard","meta":{"_acf_changed":false,"footnotes":""},"categories":[3,1235,1,171,519],"tags":[927,928,929,930],"class_list":["post-21340","post","type-post","status-publish","format-standard","has-post-thumbnail","hentry","category-contabilidade","category-calendario-fiscal","category-noticias","category-obrigacoes-fiscais","category-rubricas","tag-agenda-fiscal-maio-2023","tag-calendario-fiscal-maio-2023","tag-datas-irc-maio-2023","tag-datas-iva-maio-2023"],"acf":[],"_links":{"self":[{"href":"https:\/\/reward.pt\/en\/wp-json\/wp\/v2\/posts\/21340","targetHints":{"allow":["GET"]}}],"collection":[{"href":"https:\/\/reward.pt\/en\/wp-json\/wp\/v2\/posts"}],"about":[{"href":"https:\/\/reward.pt\/en\/wp-json\/wp\/v2\/types\/post"}],"author":[{"embeddable":true,"href":"https:\/\/reward.pt\/en\/wp-json\/wp\/v2\/users\/2"}],"replies":[{"embeddable":true,"href":"https:\/\/reward.pt\/en\/wp-json\/wp\/v2\/comments?post=21340"}],"version-history":[{"count":4,"href":"https:\/\/reward.pt\/en\/wp-json\/wp\/v2\/posts\/21340\/revisions"}],"predecessor-version":[{"id":21380,"href":"https:\/\/reward.pt\/en\/wp-json\/wp\/v2\/posts\/21340\/revisions\/21380"}],"wp:featuredmedia":[{"embeddable":true,"href":"https:\/\/reward.pt\/en\/wp-json\/wp\/v2\/media\/17662"}],"wp:attachment":[{"href":"https:\/\/reward.pt\/en\/wp-json\/wp\/v2\/media?parent=21340"}],"wp:term":[{"taxonomy":"category","embeddable":true,"href":"https:\/\/reward.pt\/en\/wp-json\/wp\/v2\/categories?post=21340"},{"taxonomy":"post_tag","embeddable":true,"href":"https:\/\/reward.pt\/en\/wp-json\/wp\/v2\/tags?post=21340"}],"curies":[{"name":"wp","href":"https:\/\/api.w.org\/{rel}","templated":true}]}}