{"id":21791,"date":"2023-06-12T16:06:19","date_gmt":"2023-06-12T16:06:19","guid":{"rendered":"https:\/\/reward.pt\/?p=21791"},"modified":"2023-06-12T16:06:20","modified_gmt":"2023-06-12T16:06:20","slug":"magellan-500-evtol-oeiras-mobilidade-aerea-concelho","status":"publish","type":"post","link":"https:\/\/reward.pt\/en\/magellan-500-evtol-oeiras-mobilidade-aerea-concelho\/","title":{"rendered":"Magellan 500 leva eVTOL a Oeiras e muda a mobilidade no Concelho"},"content":{"rendered":"<p>O cons\u00f3rcio Magellan 500 vai mudar a mobilidade no concelho de Oeiras atrav\u00e9s do seu novo projeto, que consiste no desenvolvimento de eVTOL, um meio el\u00e9trico e a\u00e9reo de transporte de passageiros.<\/p>\n\n\n\n<p>A sigla eVTOL significa Electric Vertical Take-Off and Landing (aterragem e descolagem el\u00e9trica vertical) e prev\u00ea-se que esta solu\u00e7\u00e3o de mobilidade el\u00e9trica e as respetivas naves possam estar dispon\u00edveis at\u00e9 2030.<\/p>\n\n\n\n<p>As eVTOL Ir\u00e3o combinar:<\/p>\n\n\n\n<ul class=\"wp-block-list\">\n<li>Efici\u00eancia no uso do espa\u00e7o necess\u00e1rio para descolar e aterrar,<\/li>\n\n\n\n<li>Funcionamento silencioso (propuls\u00e3o el\u00e9trica)<\/li>\n\n\n\n<li>Sustentabilidade da energia el\u00e9trica<\/li>\n<\/ul>\n\n\n\n<p>As eVTOL s\u00e3o aeronaves com a capacidade de descolar e aterrar de forma vertical, movidas a eletricidade e com potencial para revolucionar a forma de desloca\u00e7\u00e3o da popula\u00e7\u00e3o do concelho e reduzir a sua pegada ambiental.<\/p>\n\n\n\n<p>O concelho de Oeiras, que atrav\u00e9s de Isaltino Morais pretende tornar-se uma refer\u00eancia com o eVTOL da Magellan 500 na tecnologia e inova\u00e7\u00e3o, aposta novamente em novas solu\u00e7\u00f5es de mobilidade sustent\u00e1vel e ir\u00e1 colaborar com o cons\u00f3rcio (tamb\u00e9m promotor do novo aeroporto em Santar\u00e9m) para instalar vertiportos (pontos de descolagem e aterragem vertical, como os heliportos) destinados a estas aeronaves que ir\u00e3o transportar passageiros no concelho de Oeiras.<\/p>\n\n\n\n<p>As eVTOL t\u00eam um design moderno, pelo que algumas pessoas podem chamar de OVNI, mas foram concebidas para serem um \u201ccarro voador\u201d totalmente el\u00e9trico e com uma descolagem e aterragem muito semelhante \u00e0 dos helic\u00f3pteros, ou seja, vertical.<\/p>\n\n\n\n<p>A 31 de maio a C\u00e2mara Municipal de Oeiras formalizou um acordo com o Magellan 500 para implementa\u00e7\u00e3o do projeto no Centro de Congressos do Taguspark. O acordo foi assinado por Isaltino morais, presidente da CMO e por Carlos Braz\u00e3o, do cons\u00f3rcio Magellan 500.<\/p>\n\n\n\n<p>O acordo prev\u00ea o desenvolvimento de a\u00e7\u00f5es necess\u00e1rias e adequadas ao estudo, proje\u00e7\u00e3o, cria\u00e7\u00e3o e implementa\u00e7\u00e3o de infraestruturas nas \u00e1reas da nova mobilidade a\u00e9rea el\u00e9trica em Oeiras, nomeadamente uma infraestrutura aeroportu\u00e1ria para opera\u00e7\u00e3o de aeronaves el\u00e9tricas e outras de descolagem e aterragem vertical e respetivas infraestruturas de apoio.<\/p>\n\n\n\n<p>Isaltino Morais indica que Oeiras \u00e9 o munic\u00edpio adequado para realizar a experi\u00eancia desenvolver os estudos necess\u00e1rios. Os indicadores colocam o concelho entre os primeiros da AML devido \u00e0 sua disponibilidade e abertura para experi\u00eancias e desafios lan\u00e7ados ao longo dos anos.<\/p>\n\n\n\n<p>O cons\u00f3rcio Magellan 500 integra o Grupo Barraqueiro e pretende desenvolver os vertiportos de apoio \u00e0s conex\u00f5es entre Oeiras e Santar\u00e9m, onde ficar\u00e1 localizado o novo aeroporto. No entanto outros vertiportos ser\u00e3o estabelecidos em diferentes pontos do territ\u00f3rio de Portugal no futuro.<\/p>","protected":false},"excerpt":{"rendered":"<p>O cons\u00f3rcio Magellan 500 vai mudar a mobilidade no concelho de Oeiras atrav\u00e9s do seu novo projeto, que consiste no desenvolvimento de eVTOL, um meio el\u00e9trico e a\u00e9reo de transporte de passageiros. A sigla eVTOL significa Electric Vertical Take-Off and Landing (aterragem e descolagem el\u00e9trica vertical) e prev\u00ea-se que esta solu\u00e7\u00e3o de mobilidade el\u00e9trica e [&hellip;]<\/p>","protected":false},"author":2,"featured_media":21792,"comment_status":"open","ping_status":"open","sticky":false,"template":"","format":"standard","meta":{"_acf_changed":false,"footnotes":""},"categories":[7,8,27,1,21,40],"tags":[985,984,794],"class_list":["post-21791","post","type-post","status-publish","format-standard","has-post-thumbnail","hentry","category-sistemas-de-incentivos","category-empreendedorismo","category-empresas","category-noticias","category-portugal2030","category-prr","tag-evtol","tag-magellan-500","tag-oeiras"],"acf":[],"_links":{"self":[{"href":"https:\/\/reward.pt\/en\/wp-json\/wp\/v2\/posts\/21791","targetHints":{"allow":["GET"]}}],"collection":[{"href":"https:\/\/reward.pt\/en\/wp-json\/wp\/v2\/posts"}],"about":[{"href":"https:\/\/reward.pt\/en\/wp-json\/wp\/v2\/types\/post"}],"author":[{"embeddable":true,"href":"https:\/\/reward.pt\/en\/wp-json\/wp\/v2\/users\/2"}],"replies":[{"embeddable":true,"href":"https:\/\/reward.pt\/en\/wp-json\/wp\/v2\/comments?post=21791"}],"version-history":[{"count":1,"href":"https:\/\/reward.pt\/en\/wp-json\/wp\/v2\/posts\/21791\/revisions"}],"predecessor-version":[{"id":21794,"href":"https:\/\/reward.pt\/en\/wp-json\/wp\/v2\/posts\/21791\/revisions\/21794"}],"wp:featuredmedia":[{"embeddable":true,"href":"https:\/\/reward.pt\/en\/wp-json\/wp\/v2\/media\/21792"}],"wp:attachment":[{"href":"https:\/\/reward.pt\/en\/wp-json\/wp\/v2\/media?parent=21791"}],"wp:term":[{"taxonomy":"category","embeddable":true,"href":"https:\/\/reward.pt\/en\/wp-json\/wp\/v2\/categories?post=21791"},{"taxonomy":"post_tag","embeddable":true,"href":"https:\/\/reward.pt\/en\/wp-json\/wp\/v2\/tags?post=21791"}],"curies":[{"name":"wp","href":"https:\/\/api.w.org\/{rel}","templated":true}]}}