{"id":21886,"date":"2023-06-26T16:21:16","date_gmt":"2023-06-26T16:21:16","guid":{"rendered":"https:\/\/reward.pt\/?p=21886"},"modified":"2024-01-12T17:40:42","modified_gmt":"2024-01-12T17:40:42","slug":"calendario-fiscal-julho-2023","status":"publish","type":"post","link":"https:\/\/reward.pt\/en\/calendario-fiscal-julho-2023\/","title":{"rendered":"Calend\u00e1rio Fiscal: Julho 2023"},"content":{"rendered":"<p>Calend\u00e1rio fiscal: Julho 2023 &#8211; REWARD Consulting.<\/p>\n\n\n\n<p>O &#8220;Calend\u00e1rio fiscal: Julho 2023&#8221; tem todas as datas fiscais e contabil\u00edsticas que necessita saber, independentemente do setor de atividade da empresa, para que esteja por dentro das obriga\u00e7\u00f5es fiscais a serem cumpridas (IVA, IRS, IRC, Seguran\u00e7a Social, Mapa de F\u00e9rias, IMI, outros).<\/p>\n\n\n\n<p>\u00c9 essencial estar em conformidade com a legisla\u00e7\u00e3o tribut\u00e1ria, por isso, confira as datas e obriga\u00e7\u00f5es fiscais e esteja preparado(a) para cumprir todas as responsabilidades fiscais.<\/p>\n\n\n\n<p><\/p>\n\n\n\n<figure class=\"wp-block-table\"><table><tbody><tr><td><strong>Dia<\/strong><\/td><td><strong>Imposto<\/strong><\/td><td><strong>Obriga\u00e7\u00f5es<\/strong><\/td><td><strong>Documentos<\/strong><\/td><td><strong>Observa\u00e7\u00f5es<\/strong><\/td><\/tr><tr><td><strong>5<\/strong><\/td><td><strong>IVA<\/strong><\/td><td>Comunica\u00e7\u00e3o dos elementos das faturas (junho 2023)<\/td><td>&#8212;<\/td><td>Comunica\u00e7\u00e3o a ser feita via:<br>&#8211; Transmiss\u00e3o eletr\u00f3nica em tempo real;<br>&#8211; Transmiss\u00e3o eletr\u00f3nica de dados, mediante remessa de ficheiro normalizado SAF-T (PT);<br>&#8211; Inser\u00e7\u00e3o direta em Portal das Finan\u00e7as;<br>&#8211; Outra via eletr\u00f3nica, nos termos a definir por portaria do Ministro das Finan\u00e7as.<\/td><\/tr><tr><td><strong>10<\/strong><\/td><td><strong>IRS \/ IRC \/ Seguran\u00e7a Social<\/strong><\/td><td>Declara\u00e7\u00e3o de rendimentos pagos e reten\u00e7\u00f5es, contribui\u00e7\u00f5es sociais e de sa\u00fade e quotiza\u00e7\u00f5es (junho 2023 \u2013 trabalho dependente)<\/td><td>Declara\u00e7\u00e3o Mensal de Remunera\u00e7\u00f5es<\/td><td>&#8212;<\/td><\/tr><tr><td><strong>15 <\/strong><\/td><td><strong>Dossier Fiscal<\/strong><\/td><td>Constitui\u00e7\u00e3o\/entrega do processo de documenta\u00e7\u00e3o fiscal de 2022<\/td><td>&#8212;<\/td><td>A entrega do dossier fiscal \u00e9 obrigat\u00f3ria para Grandes Contribuintes e sujeitos passivos abrangidos pelo Regime Especial de Tributa\u00e7\u00e3o dos Grupos de Sociedades<\/td><\/tr><tr><td><\/td><td><strong>IES \/ Declara\u00e7\u00e3o anual<\/strong><\/td><td>Envio da IES \/ Declara\u00e7\u00e3o anual de 2022 e anexos aplic\u00e1veis<\/td><td>IES \/ Declara\u00e7\u00e3o anual<br>IRC: Anexos &#8220;A&#8221; a &#8220;H&#8221;<br>IRS: Anexo &#8220;I&#8221;<br>IVA: Anexos &#8220;L&#8221; a &#8220;P&#8221;<br>Selo: Anexo &#8220;Q&#8221;<br>IE: Anexos &#8220;R&#8221;, &#8220;S&#8221; e &#8220;T&#8221;<\/td><td>Caso o per\u00edodo de tributa\u00e7\u00e3o n\u00e3o coincida com o ano civil, at\u00e9 ao 15.\u00ba dia do 7.\u00ba m\u00eas posterior \u00e0 data do termo desse per\u00edodo (independentemente de ser \u00fatil ou n\u00e3o \u00fatil).<\/td><\/tr><tr><td><\/td><td><strong>Pre\u00e7os de transfer\u00eancia<\/strong><\/td><td>Organiza\u00e7\u00e3o e entrega (quando aplic\u00e1vel) da documenta\u00e7\u00e3o da pol\u00edtica de pre\u00e7os de transfer\u00eancia de 2022<\/td><td>&#8212;<\/td><td>Dispensa de prepara\u00e7\u00e3o aos sujeitos passivos que:<br>&#8211; No per\u00edodo a que respeita a obriga\u00e7\u00e3o, tenham atingido montante anual de rendimentos total abaixo de 10M\u20ac; caso tenham ultrapassado o limite, tenham s\u00f3 praticado opera\u00e7\u00f5es vinculadas cujo valor n\u00e3o tenha excedido 100.000\u20ac e 500.000\u20ac globais (considerando o valor de mercado)<br>&#8211; As dispensas n\u00e3o abrangem opera\u00e7\u00f5es vinculadas realizadas com pessoas singulares ou coletivas residentes fora de Portugal e nesse caso submetidas a regime fiscal mais favor\u00e1vel;<br>&#8211; A entrega da documenta\u00e7\u00e3o de pre\u00e7os de transfer\u00eancia \u00e9 obrigat\u00f3ria para Grandes Contribuintes eleg\u00edveis<\/td><\/tr><tr><td><strong>20<\/strong><\/td><td><strong>IRS \/ IRC \/ Selo<\/strong><\/td><td>Pagamento de IRS e IRC retidos e Imposto de Selo (junho 2023)<\/td><td>&#8211; Declara\u00e7\u00e3o de reten\u00e7\u00f5es na fonte de IRS\/IRC<br>&#8211; Declara\u00e7\u00e3o Mensal de Imposto do Selo (DMIS)<\/td><td>&#8212;<\/td><\/tr><tr><td><\/td><td><strong>IRS<\/strong><\/td><td>Pagamentos por conta (Categoria B)<\/td><td>&#8212;<\/td><td>&#8212;<\/td><\/tr><tr><td><\/td><td><strong>Seguran\u00e7a Social<\/strong><\/td><td>Pagamento de contribui\u00e7\u00f5es (junho 2023)<\/td><td>&#8212;<\/td><td>&#8212;<\/td><\/tr><tr><td><\/td><td><strong>IVA<\/strong><\/td><td>Envio da declara\u00e7\u00e3o peri\u00f3dica de maio 2023 e anexos (contribuintes em regime mensal)<\/td><td>Declara\u00e7\u00e3o peri\u00f3dica\u00a0<\/td><td>Envio de anexos adicionais (em caso de reembolso)<\/td><\/tr><tr><td><\/td><td><\/td><td>Envio de declara\u00e7\u00e3o recapitulativa mensal (junho 2023)<\/td><td>Declara\u00e7\u00e3o recapitulativa:<br>&#8211; Transmiss\u00f5es intracomunit\u00e1rias de bens e opera\u00e7\u00f5es assimiladas \/ presta\u00e7\u00f5es de servi\u00e7os<\/td><td>Aplic\u00e1vel a:<br>&#8211; Sujeitos passivos no regime mensal<br>&#8211; Sujeitos passivos no regime trimestral quando o total das transmiss\u00f5es intracomunit\u00e1rias de bens a incluir na declara\u00e7\u00e3o tenha (no trimestre em curso ou qualquer um dos 4 trimestres anteriores) excedido 50.000\u20ac<\/td><\/tr><tr><td><\/td><td><\/td><td>Envio da declara\u00e7\u00e3o recapitulativa trimestral referente ao 2.\u00ba trimestre de 2023<\/td><td>Declara\u00e7\u00e3o recapitulativa:<br>&#8211; Transmiss\u00f5es intracomunit\u00e1rias de bens e opera\u00e7\u00f5es assimiladas\/presta\u00e7\u00f5es de servi\u00e7os<\/td><td>Aplic\u00e1vel a sujeitos passivos no regime trimestral, quando o total das transmiss\u00f5es intracomunit\u00e1rias de bens a incluir na Declara\u00e7\u00e3o Recapitulativa n\u00e3o exceda 50.000 \u20ac no trimestre em curso ou em qualquer um dos quatro trimestres anteriores.<\/td><\/tr><tr><td><\/td><td><\/td><td>Envio da declara\u00e7\u00e3o do 2\u00ba trimestre 2023 referente a presta\u00e7\u00f5es de servi\u00e7os de telecomunica\u00e7\u00f5es, radiodifus\u00e3o ou televis\u00e3o e servi\u00e7os prestados por via eletr\u00f3nica a n\u00e3o sujeitos passivos estabelecidos noutro Estado-Membro (<a href=\"https:\/\/reward.pt\/en\/regime-moss-iva-sobre-servicos-digitais\/\" data-type=\"post\" data-id=\"11936\">Mini balc\u00e3o \u00danico<\/a>)<\/td><td>Declara\u00e7\u00e3o Peri\u00f3dica (<a href=\"https:\/\/reward.pt\/en\/regime-moss-iva-sobre-servicos-digitais\/\" data-type=\"post\" data-id=\"11936\">Mini balc\u00e3o \u00danico<\/a>)<\/td><td><\/td><\/tr><tr><td><strong>25<\/strong><\/td><td><strong>IVA<\/strong><\/td><td>Pagamento do IVA referente ao (maio 2023)<\/td><td>&#8212;<\/td><td>Documento de pagamento gerado no Portal das Finan\u00e7as ap\u00f3s submiss\u00e3o da Declara\u00e7\u00e3o Peri\u00f3dica de IVA. <br>O pagamento do IVA pode ser efetuado em presta\u00e7\u00f5es mensais de valor igual ou &lt; 25 \u20ac, sem juros ou penalidades nos termos do Decreto-Lei n.\u00ba 85\/2022, de 21\/12.<\/td><\/tr><tr><td><strong>31<\/strong><\/td><td><strong>Valores mobili\u00e1rios<\/strong><\/td><td>Comunica\u00e7\u00e3o pelas entidades emitentes de valores mobili\u00e1rios (2022)<\/td><td>Modelo 34<\/td><td>Aplic\u00e1vel \u00e0s entidades emitentes de valores mobili\u00e1rios.<\/td><\/tr><tr><td><\/td><td><strong>IRS \/ IRC<\/strong><\/td><td>Declara\u00e7\u00e3o de rendimentos pagos ou colocados \u00e0 disposi\u00e7\u00e3o de sujeitos passivos n\u00e3o residentes (maio 2023)<\/td><td>Modelo 30<\/td><td>&#8212;<\/td><\/tr><tr><td><\/td><td><\/td><td>Comunica\u00e7\u00e3o de rendimentos isentos, dispensados de reten\u00e7\u00e3o ou com redu\u00e7\u00e3o de taxa (pagos em 2022)<\/td><td>Modelo 31<\/td><td>&#8212;<\/td><\/tr><tr><td><\/td><td><strong>IRC<\/strong><\/td><td>1\u00ba Pagamento por Conta<\/td><td>Modelo P1<\/td><td>&#8212;<\/td><\/tr><tr><td><\/td><td><\/td><td>1.\u00ba Pagamento adicional por conta<\/td><td>Modelo P1<\/td><td>&#8212;<\/td><\/tr><tr><td><\/td><td><strong>IVA<\/strong><\/td><td>Envio da declara\u00e7\u00e3o trimestral de obriga\u00e7\u00f5es declarativas decorrentes do regime extra-Uni\u00e3o do Balc\u00e3o \u00danico (2\u00ba trimestre 2023)<\/td><td>Declara\u00e7\u00e3o trimestral<\/td><td>&#8212;<\/td><\/tr><tr><td><\/td><td><\/td><td>Envio da declara\u00e7\u00e3o trimestral referente \u00e0s obriga\u00e7\u00f5es declarativas decorrentes do regime da Uni\u00e3o do Balc\u00e3o \u00danico (2\u00ba trimestre 2023)<\/td><td>Declara\u00e7\u00e3o trimestral<\/td><td>&#8212;<\/td><\/tr><tr><td><\/td><td><\/td><td>Envio da declara\u00e7\u00e3o mensal de obriga\u00e7\u00f5es declarativas decorrentes do regime de importa\u00e7\u00e3o do Balc\u00e3o \u00danico (junho 2023)<\/td><td>Declara\u00e7\u00e3o mensal<\/td><td>&#8212;<\/td><\/tr><tr><td><\/td><td><strong>Seguran\u00e7a Social<\/strong><\/td><td>Entrega de declara\u00e7\u00f5es trimestrais por trabalhadores independentes (obrigat\u00f3rio para trabalhadores ao abrigo do regime simplificado e sujeitos ao cumprimento da obriga\u00e7\u00e3o contributiva) &#8211; 2.\u00ba trimestre 2023<\/td><td>Declara\u00e7\u00e3o trimestral<\/td><td>&#8212;<\/td><\/tr><\/tbody><\/table><\/figure>","protected":false},"excerpt":{"rendered":"<p>Calend\u00e1rio fiscal: Julho 2023 &#8211; REWARD Consulting. O &#8220;Calend\u00e1rio fiscal: Julho 2023&#8221; tem todas as datas fiscais e contabil\u00edsticas que necessita saber, independentemente do setor de atividade da empresa, para que esteja por dentro das obriga\u00e7\u00f5es fiscais a serem cumpridas (IVA, IRS, IRC, Seguran\u00e7a Social, Mapa de F\u00e9rias, IMI, outros). \u00c9 essencial estar em conformidade [&hellip;]<\/p>","protected":false},"author":2,"featured_media":21887,"comment_status":"closed","ping_status":"open","sticky":false,"template":"","format":"standard","meta":{"_acf_changed":false,"footnotes":""},"categories":[3,1235,27,1,171,519],"tags":[993,994],"class_list":["post-21886","post","type-post","status-publish","format-standard","has-post-thumbnail","hentry","category-contabilidade","category-calendario-fiscal","category-empresas","category-noticias","category-obrigacoes-fiscais","category-rubricas","tag-agenda-fiscal-julho-2023","tag-impostos-julho-2023"],"acf":[],"_links":{"self":[{"href":"https:\/\/reward.pt\/en\/wp-json\/wp\/v2\/posts\/21886","targetHints":{"allow":["GET"]}}],"collection":[{"href":"https:\/\/reward.pt\/en\/wp-json\/wp\/v2\/posts"}],"about":[{"href":"https:\/\/reward.pt\/en\/wp-json\/wp\/v2\/types\/post"}],"author":[{"embeddable":true,"href":"https:\/\/reward.pt\/en\/wp-json\/wp\/v2\/users\/2"}],"replies":[{"embeddable":true,"href":"https:\/\/reward.pt\/en\/wp-json\/wp\/v2\/comments?post=21886"}],"version-history":[{"count":2,"href":"https:\/\/reward.pt\/en\/wp-json\/wp\/v2\/posts\/21886\/revisions"}],"predecessor-version":[{"id":21889,"href":"https:\/\/reward.pt\/en\/wp-json\/wp\/v2\/posts\/21886\/revisions\/21889"}],"wp:featuredmedia":[{"embeddable":true,"href":"https:\/\/reward.pt\/en\/wp-json\/wp\/v2\/media\/21887"}],"wp:attachment":[{"href":"https:\/\/reward.pt\/en\/wp-json\/wp\/v2\/media?parent=21886"}],"wp:term":[{"taxonomy":"category","embeddable":true,"href":"https:\/\/reward.pt\/en\/wp-json\/wp\/v2\/categories?post=21886"},{"taxonomy":"post_tag","embeddable":true,"href":"https:\/\/reward.pt\/en\/wp-json\/wp\/v2\/tags?post=21886"}],"curies":[{"name":"wp","href":"https:\/\/api.w.org\/{rel}","templated":true}]}}