{"id":22309,"date":"2023-07-21T14:41:36","date_gmt":"2023-07-21T14:41:36","guid":{"rendered":"https:\/\/reward.pt\/?p=22309"},"modified":"2023-07-21T14:41:38","modified_gmt":"2023-07-21T14:41:38","slug":"criada-comissao-para-o-livro-verde-do-futuro-da-seguranca-e-saude-no-trabalho","status":"publish","type":"post","link":"https:\/\/reward.pt\/en\/criada-comissao-para-o-livro-verde-do-futuro-da-seguranca-e-saude-no-trabalho\/","title":{"rendered":"Criada comiss\u00e3o para o Livro Verde do Futuro da Seguran\u00e7a e Sa\u00fade no Trabalho"},"content":{"rendered":"<p>O Livro Verde do Futuro da Seguran\u00e7a e Sa\u00fade no Trabalho vai ser criado por uma comiss\u00e3o recentemente constitu\u00edda pelo <a href=\"https:\/\/reward.pt\/en\/?s=Governo+de+Portugal\">Governo de Portugal<\/a>, comiss\u00e3o essa que deve apresentar a proposta final do Livro Verde at\u00e9 dia 31 de dezembro 2023.<\/p>\n\n\n\n<p>Segundo despacho assinado pelo secret\u00e1rio de Estado do Trabalho, j\u00e1 publicado em Di\u00e1rio da Rep\u00fablica, a miss\u00e3o da comiss\u00e3o para elabora\u00e7\u00e3o do Livro Verde do Futuro da Seguran\u00e7a e Sa\u00fade no Trabalho \u00e9 apresentar uma proposta final do livro ao membro do Governo respons\u00e1vel pela \u00e1rea do trabalho, solidariedade e seguran\u00e7a social at\u00e9 fim de dezembro.<\/p>\n\n\n\n<p>Embora sem preju\u00edzo de eventual prorroga\u00e7\u00e3o, a proposta final deve contemplar as grandezas de an\u00e1lise baseada no mapeamento dos principais estudos e an\u00e1lises sobre seguran\u00e7a e sa\u00fade no trabalho em Portugal, sobre a sua implementa\u00e7\u00e3o, desafios e problemas.<\/p>\n\n\n\n<p>O Livro Verde deve tamb\u00e9m contemplar a compara\u00e7\u00e3o das experi\u00eancias de reflex\u00e3o e a regulamenta\u00e7\u00e3o em curso noutros pa\u00edses e o diagn\u00f3stico sobre tend\u00eancias futuras e desafios emergentes de seguran\u00e7a e sa\u00fade no trabalho.<\/p>\n\n\n\n<p>Adicionalmente a proposta deve integrar uma dimens\u00e3o de densifica\u00e7\u00e3o de problem\u00e1ticas e linhas de reflex\u00e3o para acomodar abordagens inovadoras e solu\u00e7\u00f5es criativas para implementar e dinamizar a seguran\u00e7a e sa\u00fade no trabalho no \u00e2mbito da \u201cvis\u00e3o zero\u201d quanto \u00e0s mortes ligadas ao trabalho.<\/p>\n\n\n\n<p>Por \u00faltimo, o Livro Verde do Futuro da Seguran\u00e7a e Sa\u00fade no Trabalho deve visar igualmente a dinamiza\u00e7\u00e3o do futuro da seguran\u00e7a e sa\u00fade no trabalho de forma a promover a sua consciencializa\u00e7\u00e3o e incentivar melhorias nas condi\u00e7\u00f5es de seguran\u00e7a e sa\u00fade no trabalho.<\/p>\n\n\n\n<p>S\u00edlvia Silva vai ser a coordenadora cient\u00edfica da comiss\u00e3o tamb\u00e9m composta por Anabela Figueiredo, F\u00e1tima Ramalho, Florentino Serranheira, Isabel Mois\u00e9s, Jorge Barroso Dias, Samuel Antunes e outras personalidades que, por sua vez, ir\u00e1 funcionar na depend\u00eancia do secret\u00e1rio de Estado do Trabalho, sob a sua coordena\u00e7\u00e3o.<\/p>","protected":false},"excerpt":{"rendered":"<p>O Livro Verde do Futuro da Seguran\u00e7a e Sa\u00fade no Trabalho vai ser criado por uma comiss\u00e3o recentemente constitu\u00edda pelo Governo de Portugal, comiss\u00e3o essa que deve apresentar a proposta final do Livro Verde at\u00e9 dia 31 de dezembro 2023. Segundo despacho assinado pelo secret\u00e1rio de Estado do Trabalho, j\u00e1 publicado em Di\u00e1rio da Rep\u00fablica, [&hellip;]<\/p>","protected":false},"author":2,"featured_media":22310,"comment_status":"closed","ping_status":"open","sticky":false,"template":"","format":"standard","meta":{"_acf_changed":false,"footnotes":""},"categories":[8,27,1,9],"tags":[1022],"class_list":["post-22309","post","type-post","status-publish","format-standard","has-post-thumbnail","hentry","category-empreendedorismo","category-empresas","category-noticias","category-trabalho","tag-livro-verde-do-futuro-da-seguranca-e-saude-no-trabalho"],"acf":[],"_links":{"self":[{"href":"https:\/\/reward.pt\/en\/wp-json\/wp\/v2\/posts\/22309","targetHints":{"allow":["GET"]}}],"collection":[{"href":"https:\/\/reward.pt\/en\/wp-json\/wp\/v2\/posts"}],"about":[{"href":"https:\/\/reward.pt\/en\/wp-json\/wp\/v2\/types\/post"}],"author":[{"embeddable":true,"href":"https:\/\/reward.pt\/en\/wp-json\/wp\/v2\/users\/2"}],"replies":[{"embeddable":true,"href":"https:\/\/reward.pt\/en\/wp-json\/wp\/v2\/comments?post=22309"}],"version-history":[{"count":1,"href":"https:\/\/reward.pt\/en\/wp-json\/wp\/v2\/posts\/22309\/revisions"}],"predecessor-version":[{"id":22311,"href":"https:\/\/reward.pt\/en\/wp-json\/wp\/v2\/posts\/22309\/revisions\/22311"}],"wp:featuredmedia":[{"embeddable":true,"href":"https:\/\/reward.pt\/en\/wp-json\/wp\/v2\/media\/22310"}],"wp:attachment":[{"href":"https:\/\/reward.pt\/en\/wp-json\/wp\/v2\/media?parent=22309"}],"wp:term":[{"taxonomy":"category","embeddable":true,"href":"https:\/\/reward.pt\/en\/wp-json\/wp\/v2\/categories?post=22309"},{"taxonomy":"post_tag","embeddable":true,"href":"https:\/\/reward.pt\/en\/wp-json\/wp\/v2\/tags?post=22309"}],"curies":[{"name":"wp","href":"https:\/\/api.w.org\/{rel}","templated":true}]}}