{"id":22413,"date":"2023-08-02T16:56:56","date_gmt":"2023-08-02T16:56:56","guid":{"rendered":"https:\/\/reward.pt\/?p=22413"},"modified":"2023-08-02T16:56:57","modified_gmt":"2023-08-02T16:56:57","slug":"lei-das-grandes-opcoes-para-2023-2026","status":"publish","type":"post","link":"https:\/\/reward.pt\/en\/lei-das-grandes-opcoes-para-2023-2026\/","title":{"rendered":"Lei das Grandes Op\u00e7\u00f5es para 2023-2026"},"content":{"rendered":"<p>A Lei das Grandes Op\u00e7\u00f5es para 2023-2026, publicada hoje em Di\u00e1rio da Rep\u00fablica, delineia um plano plurianual de programa\u00e7\u00e3o or\u00e7amental que integra medidas pol\u00edticas para a aplica\u00e7\u00e3o dos Fundos Europeus em Portugal. Este plano ambicioso \u00e9 financiado por fundos nacionais e europeus e visa concretizar investimentos significativos no pa\u00eds.<\/p>\n\n\n\n<p>A conjuntura atual \u00e9 levada em considera\u00e7\u00e3o e as medidas implementadas visam mitigar o impacto destes eventos, permitir a conten\u00e7\u00e3o de pre\u00e7os e promover o crescimento econ\u00f3mico e o desenvolvimento econ\u00f3mico-social e territorial em Portugal.<\/p>\n\n\n\n<p>A estrat\u00e9gia pol\u00edtica das Grandes Op\u00e7\u00f5es 2023-2026 \u00e9 bifocal. Por um lado, responde a desafios imediatos (os efeitos da instabilidade geopol\u00edtica e a necessidade de refor\u00e7ar a autonomia energ\u00e9tica do pa\u00eds). Por outro lado, foca-se em objetivos de m\u00e9dio e longo prazo, orientados para a acelera\u00e7\u00e3o da mudan\u00e7a do modelo de desenvolvimento econ\u00f3mico, social e territorial do pa\u00eds.<\/p>\n\n\n\n<p>Os desafios estrat\u00e9gicos que estruturam a a\u00e7\u00e3o governativa s\u00e3o a boa governa\u00e7\u00e3o, as altera\u00e7\u00f5es clim\u00e1ticas, a demografia, as desigualdades e a sociedade digital, da criatividade e da inova\u00e7\u00e3o.<\/p>\n\n\n\n<p>No \u00e2mbito dos Fundos Europeus, as Grandes Op\u00e7\u00f5es incluem medidas financiadas pelo Portugal 2020 (PT 2020), o Portugal 2030 (PT 2030), o Plano de Recupera\u00e7\u00e3o e Resili\u00eancia (PRR), os fundos da Pol\u00edtica Agr\u00edcola Comum e outros fundos europeus a que Portugal tem acesso.<\/p>\n\n\n\n<p>A coordena\u00e7\u00e3o geral dos Fundos Europeus Estruturais e de Investimento (FEEI) e a coordena\u00e7\u00e3o da Pol\u00edtica de Desenvolvimento Regional em Portugal s\u00e3o asseguradas pela AD&amp;C \u2013 Ag\u00eancia para o Desenvolvimento e Coes\u00e3o.<\/p>\n\n\n\n<p>Para mais detalhes, consulte a <a href=\"https:\/\/diariodarepublica.pt\/dr\/detalhe\/lei\/38-2023-216598400\" target=\"_blank\" rel=\"noopener\">Lei n.\u00ba 38\/2023 \u2013 D.R. n.\u00ba 149\/2023, S\u00e9rie I de 2023-08-02, ASSEMBLEIA DA REP\u00daBLICA, Lei das Grandes Op\u00e7\u00f5es para 2023-2026<\/a>.<\/p>","protected":false},"excerpt":{"rendered":"<p>A Lei das Grandes Op\u00e7\u00f5es para 2023-2026, publicada hoje em Di\u00e1rio da Rep\u00fablica, delineia um plano plurianual de programa\u00e7\u00e3o or\u00e7amental que integra medidas pol\u00edticas para a aplica\u00e7\u00e3o dos Fundos Europeus em Portugal. Este plano ambicioso \u00e9 financiado por fundos nacionais e europeus e visa concretizar investimentos significativos no pa\u00eds. A conjuntura atual \u00e9 levada em [&hellip;]<\/p>","protected":false},"author":2,"featured_media":22414,"comment_status":"closed","ping_status":"open","sticky":false,"template":"","format":"standard","meta":{"_acf_changed":false,"footnotes":""},"categories":[809,1,21,40,7],"tags":[],"class_list":["post-22413","post","type-post","status-publish","format-standard","has-post-thumbnail","hentry","category-destaque","category-noticias","category-portugal2030","category-prr","category-sistemas-de-incentivos"],"acf":[],"_links":{"self":[{"href":"https:\/\/reward.pt\/en\/wp-json\/wp\/v2\/posts\/22413","targetHints":{"allow":["GET"]}}],"collection":[{"href":"https:\/\/reward.pt\/en\/wp-json\/wp\/v2\/posts"}],"about":[{"href":"https:\/\/reward.pt\/en\/wp-json\/wp\/v2\/types\/post"}],"author":[{"embeddable":true,"href":"https:\/\/reward.pt\/en\/wp-json\/wp\/v2\/users\/2"}],"replies":[{"embeddable":true,"href":"https:\/\/reward.pt\/en\/wp-json\/wp\/v2\/comments?post=22413"}],"version-history":[{"count":1,"href":"https:\/\/reward.pt\/en\/wp-json\/wp\/v2\/posts\/22413\/revisions"}],"predecessor-version":[{"id":22415,"href":"https:\/\/reward.pt\/en\/wp-json\/wp\/v2\/posts\/22413\/revisions\/22415"}],"wp:featuredmedia":[{"embeddable":true,"href":"https:\/\/reward.pt\/en\/wp-json\/wp\/v2\/media\/22414"}],"wp:attachment":[{"href":"https:\/\/reward.pt\/en\/wp-json\/wp\/v2\/media?parent=22413"}],"wp:term":[{"taxonomy":"category","embeddable":true,"href":"https:\/\/reward.pt\/en\/wp-json\/wp\/v2\/categories?post=22413"},{"taxonomy":"post_tag","embeddable":true,"href":"https:\/\/reward.pt\/en\/wp-json\/wp\/v2\/tags?post=22413"}],"curies":[{"name":"wp","href":"https:\/\/api.w.org\/{rel}","templated":true}]}}