{"id":22756,"date":"2023-09-29T16:50:24","date_gmt":"2023-09-29T16:50:24","guid":{"rendered":"https:\/\/reward.pt\/?p=22756"},"modified":"2025-03-10T11:48:57","modified_gmt":"2025-03-10T11:48:57","slug":"plano-anual-de-avisos-portugal-2030-pt2030-publicado","status":"publish","type":"post","link":"https:\/\/reward.pt\/en\/plano-anual-de-avisos-portugal-2030-pt2030-publicado\/","title":{"rendered":"Plano Anual de Avisos Portugal 2030 (PT2030) publicado"},"content":{"rendered":"<p>The <a href=\"https:\/\/portugal2030.pt\/plano-anual-de-avisos\/\" target=\"_blank\" rel=\"noopener\">Plano Anual de Avisos Portugal 2030<\/a> (PT2030) foi publicado dia 28 de setembro 2023. No plano anual de avisos PT2030 foram publicados 412 avisos programados para os pr\u00f3ximos 12 meses, avisos que contam com 6.180.856.839\u20ac para apoiar os projetos aprovados neste quadro comunit\u00e1rio.<\/p>\n\n\n\n<p>A partir de agora \u00e9 poss\u00edvel os cidad\u00e3os e empresas conhecerem o <a href=\"https:\/\/portugal2030.pt\/2023\/09\/28\/ja-disponivel-plano-anual-de-avisos-portugal-2030\/\" target=\"_blank\" rel=\"noopener\">Plano Anual de Avisos Portugal 2030<\/a>, de forma a facilitar o planeamento das atividades e investimentos das entidades que se pretendem candidatar a apoios de fundos europeus.<\/p>\n\n\n\n<p>Os 412 avisos Portugal 2030 para apresenta\u00e7\u00e3o de candidaturas a lan\u00e7ar pelas entidades de gest\u00e3o PT2030 e FAMI, mobilizam 6,2 mil milh\u00f5es de euros que se encontram divididos por objetivos de pol\u00edtica e pelas diferentes regi\u00f5es do pa\u00eds, nas \u00e1reas da sociedade, economia, ambiente, mar e territ\u00f3rio.<\/p>\n\n\n\n<p>A estes 412 avisos PT2030 juntam-se outros 54 avisos j\u00e1 abertos com uma dota\u00e7\u00e3o total de 1,3 mil milh\u00f5es de euros, tal como 31 avisos abertos no \u00e2mbito do Mecanismo Extraordin\u00e1rio de Antecipa\u00e7\u00e3o (tamb\u00e9m com dota\u00e7\u00e3o de 1,3 mil milh\u00f5es de euros), o que resulta numa dota\u00e7\u00e3o total de aproximadamente 8 mil milh\u00f5es de euros.<\/p>\n\n\n\n<p>O primeiro Plano Anual de Avisos Portugal 2030 est\u00e1 estruturado em 3 quadrimestres, a come\u00e7ar em setembro 2023 e terminar em agosto 2024. O plano tem informa\u00e7\u00e3o mais detalhada no primeiro quadrimestre, ao especificar os par\u00e2metros: <\/p>\n\n\n\n<ul class=\"wp-block-list\">\n<li>Avisos a publicar;<\/li>\n\n\n\n<li>Objetivos;<\/li>\n\n\n\n<li>Enquadramento estrat\u00e9gico;<\/li>\n\n\n\n<li>Enquadramento program\u00e1tico;<\/li>\n\n\n\n<li>Enquadramento regulamentar;<\/li>\n\n\n\n<li>Benefici\u00e1rios;<\/li>\n\n\n\n<li>A\u00e7\u00f5es eleg\u00edveis;<\/li>\n\n\n\n<li>Montantes associados;<\/li>\n\n\n\n<li>Territ\u00f3rio abrangido<\/li>\n<\/ul>\n\n\n\n<p>O Minist\u00e9rio da Presid\u00eancia informou que embora tenha ocorrido a devida calendariza\u00e7\u00e3o, o Plano Anual de Avisos Portugal 2030 \u00e9 alvo de atualiza\u00e7\u00f5es todos os quadrimestres, nos meses de abril, agosto e dezembro.<\/p>\n\n\n\n<p>A publica\u00e7\u00e3o anual do plano de avisos foi um procedimento que surgiu aquando do anterior quadro comunit\u00e1rio Portugal 2020, pr\u00e1tica que entretanto abandonada e recuperada pelo atual executivo do Governo de Portugal e aplicada ao novo quadro comunit\u00e1rio Portugal 2030.<\/p>\n\n\n\n<div style=\"height:40px\" aria-hidden=\"true\" class=\"wp-block-spacer\"><\/div>\n\n\n\n<h2 class=\"wp-block-heading\">Tabela de Programas Portugal 2030, n\u00famero de avisos por programa e respetiva dota\u00e7\u00e3o (\u20ac)<\/h2>\n\n\n\n<p>Os programas regionais Norte 2030 (50 avisos), Madeira 2030 (48 avisos), Centro 2030 (42 avisos) e Pessoas 2030 (40 avisos) s\u00e3o os programas com maior n\u00famero de avisos na tabela abaixo. <\/p>\n\n\n\n<p>J\u00e1 os programas do Plano Anual de Avisos Portugal 2030 que re\u00fanem uma maior dota\u00e7\u00e3o total s\u00e3o o Pessoas 2023 (1.763.549.000\u20ac), Sustent\u00e1vel 2030 (1.240.362.500\u20ac) e Norte 2030 (842.927.836\u20ac).<\/p>\n\n\n\n<p>Por outro lado, os programas com menor n\u00famero de avisos s\u00e3o FAMI (17 avisos); Mar 2030 (14 avisos) e PAT 2030 (10 avisos). Os programas com menor dota\u00e7\u00e3o s\u00e3o Alentejo 2030 (57.018.333\u20ac); FAMI (29.315.000\u20ac) e Assist\u00eancia T\u00e9cnica 2030 (15.000.000\u20ac)<\/p>\n\n\n\n<figure class=\"wp-block-table\"><table><tbody><tr><td><strong>Programa<\/strong><\/td><td><strong>N\u00ba de Avisos<\/strong><\/td><td><strong>Dota\u00e7\u00e3o<\/strong> <strong>total<\/strong> (\u20ac)<\/td><\/tr><tr><td>Pessoas 2030<\/td><td>40<\/td><td>1 763 549 000 \u20ac<\/td><\/tr><tr><td>Compete 2030<\/td><td>20<\/td><td>156 700 000 \u20ac<\/td><\/tr><tr><td>Sustent\u00e1vel 2030<\/td><td>26<\/td><td>1 240 362 500 \u20ac<\/td><\/tr><tr><td>Mar 2030<\/td><td>14<\/td><td>125 185 822 \u20ac<\/td><\/tr><tr><td>Norte 2030<\/td><td>50<\/td><td>842 927 836 \u20ac<\/td><\/tr><tr><td>Centro 2030<\/td><td>42<\/td><td>572 780 208 \u20ac<\/td><\/tr><tr><td>Lisboa 2030<\/td><td>28<\/td><td>160 282 000 \u20ac<\/td><\/tr><tr><td>Alentejo 2030<\/td><td>27<\/td><td>57 018 333 \u20ac<\/td><\/tr><tr><td>Algarve 2030<\/td><td>35<\/td><td>62 531 139 \u20ac<\/td><\/tr><tr><td>A\u00e7ores 2030<\/td><td>36<\/td><td>218 035 000 \u20ac<\/td><\/tr><tr><td>Madeira 2030<\/td><td>48<\/td><td>149 420 000 \u20ac<\/td><\/tr><tr><td>PAT 2030<\/td><td>10<\/td><td>15 000 000 \u20ac<\/td><\/tr><tr><td>FAMI<\/td><td>17<\/td><td>29 315 000 \u20ac<\/td><\/tr><tr><td>Multi Programa<\/td><td>19<\/td><td>787 750 000 \u20ac<\/td><\/tr><\/tbody><\/table><\/figure>\n\n\n\n<div style=\"height:40px\" aria-hidden=\"true\" class=\"wp-block-spacer\"><\/div>\n\n\n\n<h2 class=\"wp-block-heading\">Avisos Portugal 2030 por m\u00eas\/quadrimestre e respetiva dota\u00e7\u00e3o (\u20ac)<\/h2>\n\n\n\n<p>Na tabela abaixo \u00e9 poss\u00edvel constatar que o primeiro quadrimestre compreendido entre Setembro e Dezembro de 2023 tem 165 avisos previstos, com uma dota\u00e7\u00e3o total de 2.183.680.838\u20ac; mais avisos do que o segundo quadrimestre de Janeiro a Abril 2024 (160) mas com menos dota\u00e7\u00e3o (2.641.773.000\u20ac).<\/p>\n\n\n\n<p>Prev\u00ea-se que o \u00faltimo quadrimestre do Plano Anual de Avisos Portugal 2030, compreendido entre Maio e Agosto 2024, seja o quadrimestre com menor quantidade de avisos (87 avisos) e tamb\u00e9m com menor dota\u00e7\u00e3o or\u00e7amental (1.355.403.000\u20ac).<\/p>\n\n\n\n<figure class=\"wp-block-table\"><table><tbody><tr><td><strong>M\u00eas \/ quadrimestre<\/strong><\/td><td><strong>N\u00ba de Avisos<\/strong><\/td><td><strong>Dota\u00e7\u00e3o<\/strong> (\u20ac)<\/td><\/tr><tr><td>Setembro 2023<\/td><td>19<\/td><td>408 990 000 \u20ac<\/td><\/tr><tr><td>Outubro 2023<\/td><td>53<\/td><td>581 596 222 \u20ac<\/td><\/tr><tr><td>Novembro 2023<\/td><td>62<\/td><td>860 363 072 \u20ac<\/td><\/tr><tr><td>Dezembro 2023<\/td><td>31<\/td><td>332 731 544 \u20ac<\/td><\/tr><tr><td>Janeiro a abril 2024<\/td><td>160<\/td><td>2 641 773 000 \u20ac<\/td><\/tr><tr><td>Maio a agosto 2024<\/td><td>87<\/td><td>1 355 403 000 \u20ac<\/td><\/tr><\/tbody><\/table><\/figure>\n\n\n\n<div style=\"height:40px\" aria-hidden=\"true\" class=\"wp-block-spacer\"><\/div>\n\n\n\n<h2 class=\"wp-block-heading\">Lista de prioridades dos programas do Plano Anual de Avisos Portugal 2030<\/h2>\n\n\n\n<p>Existem 44 prioridades distintas dos programas abrangidos pelo Plano Anual de Avisos Portugal 2030. No respetivo website \u00e9 poss\u00edvel fazer filtragem pelas prioridades, de forma a encontrar os avisos correspondentes. <\/p>\n\n\n\n<p>As prioridades dos programas do Plano Anual de Avisos Portugal 2030 s\u00e3o:<\/p>\n\n\n\n<div class=\"wp-block-columns is-layout-flex wp-container-core-columns-is-layout-9d6595d7 wp-block-columns-is-layout-flex\">\n<div class=\"wp-block-column is-layout-flow wp-block-column-is-layout-flow\">\n<ul class=\"wp-block-list\" type=\"1\">\n<li>Alentejo mais Competitivo e Inteligente;<\/li>\n\n\n\n<li>Alentejo mais Inova\u00e7\u00e3o Social;<\/li>\n\n\n\n<li>Alentejo mais social e inclusivo;<\/li>\n\n\n\n<li>Alentejo mais verde;<\/li>\n\n\n\n<li>Alentejo territorialmente mais coeso;<\/li>\n\n\n\n<li>Apoio aos jovens;<\/li>\n\n\n\n<li>Assist\u00eancia t\u00e9cnica;<\/li>\n\n\n\n<li>Centro + pr\u00f3ximo;<\/li>\n\n\n\n<li>Combate \u00e0 priva\u00e7\u00e3o material;<\/li>\n\n\n\n<li>Combater a priva\u00e7\u00e3o material;<\/li>\n\n\n\n<li>Competitividade e inova\u00e7\u00e3o;<\/li>\n\n\n\n<li>Competitividade, investiga\u00e7\u00e3o, desenvolvimento e inova\u00e7\u00e3o;<\/li>\n\n\n\n<li>Compet\u00eancias para a competitividade;<\/li>\n\n\n\n<li>Conectividade digital;<\/li>\n\n\n\n<li>Desenvolvimento urbano;<\/li>\n\n\n\n<li>Energia, a\u00e7\u00e3o clim\u00e1tica e sustentabilidade;<\/li>\n\n\n\n<li>Fomento de atividades de aquicultura sustent\u00e1veis e transforma\u00e7\u00e3o e comercializa\u00e7\u00e3o de produtos de pesca e da aquicultura;<\/li>\n\n\n\n<li>Fomento da pesca sustent\u00e1vel e restaura\u00e7\u00e3o e conserva\u00e7\u00e3o de recursos biol\u00f3gicos aqu\u00e1ticos;<\/li>\n\n\n\n<li>Fundo para uma transi\u00e7\u00e3o justa;<\/li>\n\n\n\n<li>Inova\u00e7\u00e3o e competitividade;<\/li>\n\n\n\n<li>Madeira + Inteligente e competitiva;<\/li>\n\n\n\n<li>Madeira + Social e inclusiva<\/li>\n\n\n\n<li>Madeira + Verde<\/li>\n\n\n\n<li>Mais e melhor requalifica\u00e7\u00e3o de adultos para crescer;<\/li>\n\n\n\n<li>Mais e melhor acesso a servi\u00e7os de qualidade<\/li>\n<\/ul>\n<\/div>\n\n\n\n<div class=\"wp-block-column is-layout-flow wp-block-column-is-layout-flow\">\n<ul class=\"wp-block-list\" type=\"1\">\n<li>Mais e melhor emprego, concilia\u00e7\u00e3o da vida profissional e pessoal e igualdade de g\u00e9nero;<\/li>\n\n\n\n<li>Mais e melhor inclus\u00e3o de pessoas em risco ou em situa\u00e7\u00e3o de exclus\u00e3o social;<\/li>\n\n\n\n<li>Mais e melhor qualifica\u00e7\u00e3o inicial para crescer<\/li>\n\n\n\n<li>Mobilidade urbana sustent\u00e1vel<\/li>\n\n\n\n<li>Norte mais social<\/li>\n\n\n\n<li>PEDS<\/li>\n\n\n\n<li>Promo\u00e7\u00e3o do desenvolvimento de uma economia azul sustent\u00e1vel nas regi\u00f5es costeiras, insulares e interiores e fomento do desenvolvimento das comunidades piscat\u00f3rias e de aquicultura;<\/li>\n\n\n\n<li>Qualifica\u00e7\u00e3o e emprego;<\/li>\n\n\n\n<li>Qualifica\u00e7\u00f5es, emprego e inclus\u00e3o;<\/li>\n\n\n\n<li>Redes de transporte ferrovi\u00e1rio;<\/li>\n\n\n\n<li>Refor\u00e7o de governa\u00e7\u00e3o internacional dos oceanos e promo\u00e7\u00e3o de mares e oceanos seguros, protegidos, limpos e geridos de forma sustent\u00e1vel;<\/li>\n\n\n\n<li>RUP;<\/li>\n\n\n\n<li>Sa\u00fade e inclus\u00e3o social;<\/li>\n\n\n\n<li>Sustentabilidade e biodiversidade<\/li>\n\n\n\n<li>Sustentabilidade e resili\u00eancia;<\/li>\n\n\n\n<li>Sustentabilidade e transi\u00e7\u00e3o clim\u00e1tica;<\/li>\n\n\n\n<li>Transi\u00e7\u00e3o energ\u00e9tica;<\/li>\n\n\n\n<li>Transi\u00e7\u00e3o justa;<\/li>\n\n\n\n<li>Uma Europa mais social e inclusiva, atrav\u00e9s da aplica\u00e7\u00e3o do pilar europeu dos direitos sociais.<\/li>\n<\/ul>\n<\/div>\n<\/div>\n\n\n\n<div style=\"height:40px\" aria-hidden=\"true\" class=\"wp-block-spacer\"><\/div>\n\n\n\n<h2 class=\"wp-block-heading\">Lista de tipologias de a\u00e7\u00e3o Portugal 2030<\/h2>\n\n\n\n<p>Existe um total de 111 tipologias de a\u00e7\u00e3o no Plano Anual de Avisos Portugal 2030. \u00c0 semelhan\u00e7a das prioridades dos programas Portugal 2030 tamb\u00e9m est\u00e1 prevista a filtragem por tipologia ou tipologias de a\u00e7\u00e3o, de forma a facilitar a consulta dos respetivos avisos PT2030.<\/p>\n\n\n\n<p>A lista total de tipologias de a\u00e7\u00e3o do Plano Anual de Avisos Portugal 2030 \u00e9:<\/p>\n\n\n\n<div class=\"wp-block-columns is-layout-flex wp-container-core-columns-is-layout-9d6595d7 wp-block-columns-is-layout-flex\">\n<div class=\"wp-block-column is-layout-flow wp-block-column-is-layout-flow\">\n<ul class=\"wp-block-list\" type=\"1\">\n<li>(Re) Qualifica\u00e7\u00e3o de adultos (ESO4.7)<\/li>\n\n\n\n<li>(Re) Qualifica\u00e7\u00e3o de adultos (ESO4.8)<\/li>\n\n\n\n<li>(Re) Qualifica\u00e7\u00e3o de adultos (JSO8.1)<\/li>\n\n\n\n<li>Abordagens territoriais para a inclus\u00e3o<\/li>\n\n\n\n<li>Acervo da Uni\u00e3o e prioridades relacionadas com o SECA<\/li>\n\n\n\n<li>Adapta\u00e7\u00e3o \u00e0s altera\u00e7\u00f5es clim\u00e1ticas<\/li>\n\n\n\n<li>Aloca\u00e7\u00e3o Espec\u00edfica RUP<\/li>\n\n\n\n<li>Apoio ao arranque da atividade de jovens pescadores<\/li>\n\n\n\n<li>Apoios ao emprego (ESO4.1)<\/li>\n\n\n\n<li>Apoios ao emprego (JSO8.1)<\/li>\n\n\n\n<li>Assist\u00eancia T\u00e9cnica (MAR)<\/li>\n\n\n\n<li>Technical assistance<\/li>\n\n\n\n<li>Assist\u00eancia T\u00e9cnica (FEDER\/FC)<\/li>\n\n\n\n<li>Assist\u00eancia T\u00e9cnica (FSE+)<\/li>\n\n\n\n<li>Aumentar a qualidade e diversificar a provis\u00e3o de servi\u00e7os<\/li>\n\n\n\n<li>Autoconsumo e comunidades de energia renov\u00e1vel<\/li>\n\n\n\n<li>Capacidade dos sistemas de asilo dos Estados-Membros<\/li>\n\n\n\n<li>Combate \u00e0 priva\u00e7\u00e3o material<\/li>\n\n\n\n<li>Compet\u00eancias e qualifica\u00e7\u00f5es no \u00e2mbito empresarial e da administra\u00e7\u00e3o local<\/li>\n\n\n\n<li>Compet\u00eancias e qualifica\u00e7\u00f5es no \u00e2mbito empresarial e da administra\u00e7\u00e3o regional e local<\/li>\n\n\n\n<li>Conserva\u00e7\u00e3o da natureza, biodiversidade e patrim\u00f3nio natural<\/li>\n\n\n\n<li>Coopera\u00e7\u00e3o com pa\u00edses terceiros, atrav\u00e9s da reinstala\u00e7\u00e3o e de outras vias legais<\/li>\n\n\n\n<li>Coopera\u00e7\u00e3o e parcerias com pa\u00edses terceiros para efeitos da gest\u00e3o da migra\u00e7\u00e3o<\/li>\n\n\n\n<li>Cria\u00e7\u00e3o de conhecimento cient\u00edfico e tecnol\u00f3gico<\/li>\n\n\n\n<li>CUA em alta (sistemas multimunicipais e municipais na RAA)<\/li>\n\n\n\n<li>CUA em baixa (sistemas municipais)<\/li>\n\n\n\n<li>CUA: Reutiliza\u00e7\u00e3o, resili\u00eancia, moderniza\u00e7\u00e3o e descarboniza\u00e7\u00e3o<\/li>\n\n\n\n<li>Cultura<\/li>\n\n\n\n<li>Descarboniza\u00e7\u00e3o do setor industrial e empresarial<\/li>\n\n\n\n<li>Digitaliza\u00e7\u00e3o na Administra\u00e7\u00e3o P\u00fablica (Regional, Local e CCDR)<\/li>\n<\/ul>\n<\/div>\n\n\n\n<div class=\"wp-block-column is-layout-flow wp-block-column-is-layout-flow\">\n<ul class=\"wp-block-list\" type=\"1\">\n<li>Digitaliza\u00e7\u00e3o nas empresas<\/li>\n\n\n\n<li>Economia circular<\/li>\n\n\n\n<li>Efici\u00eancia energ\u00e9tica na AP Regional e Local<\/li>\n\n\n\n<li>Ensino Pr\u00e9-Escolar, B\u00e1sico e Secund\u00e1rio<\/li>\n\n\n\n<li>Ensino superior<\/li>\n\n\n\n<li>Envelhecimento ativo, estilos de vida saud\u00e1vel e preven\u00e7\u00e3o de doen\u00e7as<\/li>\n\n\n\n<li>est\u00e3o de res\u00edduos urbanos<\/li>\n\n\n\n<li>Forma\u00e7\u00e3o superior e avan\u00e7ada<\/li>\n\n\n\n<li>Forma\u00e7\u00e3o superior e avan\u00e7ada (ESO4.11)<\/li>\n\n\n\n<li>Forma\u00e7\u00e3o superior e avan\u00e7ada (ESO4.6)<\/li>\n\n\n\n<li>Gest\u00e3o de Recursos H\u00eddricos<\/li>\n\n\n\n<li>Gest\u00e3o de res\u00edduos urbanos<\/li>\n\n\n\n<li>Gest\u00e3o de res\u00edduos: Sub investimentos em alta<\/li>\n\n\n\n<li>Gest\u00e3o de res\u00edduos: Sub investimentos em baixa<\/li>\n\n\n\n<li>Gest\u00e3o dos regressos e redu\u00e7\u00e3o dos incentivos \u00e0 migra\u00e7\u00e3o irregular<\/li>\n\n\n\n<li>Igualdade de acesso a servi\u00e7os de educa\u00e7\u00e3o<\/li>\n\n\n\n<li>Infraestrutura aeroportu\u00e1ria (RTE)<\/li>\n\n\n\n<li>Infraestrutura ferrovi\u00e1ria (RTE)<\/li>\n\n\n\n<li>Infraestrutura portu\u00e1ria (RTE)<\/li>\n\n\n\n<li>Infraestruturas e equipamentos (de base n\u00e3o tecnol\u00f3gica) de apoio \u00e0 competitividade<\/li>\n\n\n\n<li>Inova\u00e7\u00e3o Social<\/li>\n\n\n\n<li>Instala\u00e7\u00e3o de redes de banda larga<\/li>\n\n\n\n<li>Integra\u00e7\u00e3o de grupos vulner\u00e1veis no mercado de trabalho<\/li>\n\n\n\n<li>Integra\u00e7\u00e3o econ\u00f3mica e social de NPT e prote\u00e7\u00e3o das pessoas vulner\u00e1veis<\/li>\n\n\n\n<li>Interven\u00e7\u00f5es n\u00e3o urbanas<\/li>\n\n\n\n<li>Interven\u00e7\u00f5es urbanas<\/li>\n\n\n\n<li>Investimento empresarial e valoriza\u00e7\u00e3o econ\u00f3mica do conhecimento<\/li>\n\n\n\n<li>Investimento empresarial integrado em Investiga\u00e7\u00e3o e Inova\u00e7\u00e3o<\/li>\n\n\n\n<li>Investimento empresarial produtivo (JSO8.1)<\/li>\n\n\n\n<li>Investimento empresarial produtivo (RSO1.3)<\/li>\n\n\n\n<li>Investimentos em Portos de Pesca, Locais de Desembarque, Lotas e Abrigos<\/li>\n\n\n\n<li>Melhoria da qualidade dos servi\u00e7os de emprego<\/li>\n<\/ul>\n<\/div>\n\n\n\n<div class=\"wp-block-column is-layout-flow wp-block-column-is-layout-flow\">\n<ul class=\"wp-block-list\" type=\"1\">\n<li>Melhoria e monitoriza\u00e7\u00e3o da qualidade do ar e do ru\u00eddo<\/li>\n\n\n\n<li>Mobilidade Sustent\u00e1vel (RSO2.8)<\/li>\n\n\n\n<li>Muti TA<\/li>\n\n\n\n<li>Parcerias entre cientistas e pescadores<\/li>\n\n\n\n<li>Participa\u00e7\u00e3o ativa, igualdade de oportunidades e n\u00e3o discrimina\u00e7\u00e3o dos grupos vulner\u00e1veis<\/li>\n\n\n\n<li>Passivos ambientais (\u00e1reas mineiras abandonadas e pedreiras em situa\u00e7\u00e3o cr\u00edtica)<\/li>\n\n\n\n<li>Planos de produ\u00e7\u00e3o e de comercializa\u00e7\u00e3o das OP<\/li>\n\n\n\n<li>Prepara\u00e7\u00e3o, funcionamento e anima\u00e7\u00e3o das Estrat\u00e9gias de Desenvolvimento Local<\/li>\n\n\n\n<li>Promo\u00e7\u00e3o da igualdade de g\u00e9nero (ESO4.3)<\/li>\n\n\n\n<li>Promo\u00e7\u00e3o do emprego<\/li>\n\n\n\n<li>Promo\u00e7\u00e3o do Emprego qualificado<\/li>\n\n\n\n<li>Promo\u00e7\u00e3o, comercializa\u00e7\u00e3o e novos mercados para os produtos da pesca, da transforma\u00e7\u00e3o e da aquicultura<\/li>\n\n\n\n<li>Prote\u00e7\u00e3o civil e gest\u00e3o integrada de riscos<\/li>\n\n\n\n<li>Prote\u00e7\u00e3o e defesa do litoral<\/li>\n\n\n\n<li>Qualidade do sistema de educa\u00e7\u00e3o e forma\u00e7\u00e3o (ESO4.6)<\/li>\n\n\n\n<li>Qualidade do sistema de educa\u00e7\u00e3o e forma\u00e7\u00e3o (ESO4.7)<\/li>\n\n\n\n<li>Qualifica\u00e7\u00e3o e internacionaliza\u00e7\u00e3o das empresas<\/li>\n\n\n\n<li>Qualifica\u00e7\u00e3o inicial (ESO4.6)<\/li>\n\n\n\n<li>Qualifica\u00e7\u00e3o Inicial (ESO4.8)<\/li>\n\n\n\n<li>Rede ferrovi\u00e1ria das \u00c1reas Metropolitanas<\/li>\n\n\n\n<li>Redes de transporte de passageiros de elevada capacidade<\/li>\n\n\n\n<li>Redes e capacita\u00e7\u00e3o institucional RIS3<\/li>\n\n\n\n<li>Regressos volunt\u00e1rios e reintegra\u00e7\u00e3o nos pa\u00edses de origem<\/li>\n\n\n\n<li>Respostas sociais de proximidade<\/li>\n\n\n\n<li>Sa\u00fade &#8211; cuidados sa\u00fade prim\u00e1rios<\/li>\n\n\n\n<li>Sa\u00fade &#8211; Hospitais<\/li>\n\n\n\n<li>Servi\u00e7os de gest\u00e3o e aconselhamento \u00e0s explora\u00e7\u00f5es aqu\u00edcolas e aumento do potencial dos s\u00edtios aqu\u00edcolas<\/li>\n\n\n\n<li>Transfer\u00eancia de conhecimento e tecnologia<\/li>\n\n\n\n<li>Turismo<\/li>\n<\/ul>\n<\/div>\n<\/div>\n\n\n\n<div style=\"height:40px\" aria-hidden=\"true\" class=\"wp-block-spacer\"><\/div>\n\n\n\n<h2 class=\"wp-block-heading\">Lista de tipologias de interven\u00e7\u00e3o do Plano Anual de Avisos Portugal 2030<\/h2>\n\n\n\n<p>Relativamente \u00e0s tipologias de interven\u00e7\u00e3o previstas no Plano Anual de Avisos Portugal 2030, est\u00e3o previstas 51 tipologias distintas para os v\u00e1rios avisos. As tipologias de interven\u00e7\u00e3o do Plano Anual de Avisos Portugal 2030 s\u00e3o:<\/p>\n\n\n\n<div class=\"wp-block-columns is-layout-flex wp-container-core-columns-is-layout-9d6595d7 wp-block-columns-is-layout-flex\">\n<div class=\"wp-block-column is-layout-flow wp-block-column-is-layout-flow\">\n<ul class=\"wp-block-list\" type=\"1\">\n<li>Abordagens territoriais para a inclus\u00e3o<\/li>\n\n\n\n<li>Acompanhamento e apoio especializado<\/li>\n\n\n\n<li>Adapta\u00e7\u00e3o \u00e0s altera\u00e7\u00f5es clim\u00e1ticas<\/li>\n\n\n\n<li>Aloca\u00e7\u00e3o Espec\u00edfica RUP<\/li>\n\n\n\n<li>Apoio a crian\u00e7as e jovens em risco<\/li>\n\n\n\n<li>Apoio ao arranque da atividade de jovens pescadores<\/li>\n\n\n\n<li>Apoio ao emprego e empreendedorismo<\/li>\n\n\n\n<li>Apoios a estudantes carenciados do ensino superior<\/li>\n\n\n\n<li>Apoios ao empreendedorismo<\/li>\n\n\n\n<li>Apoios \u00e0 contrata\u00e7\u00e3o<\/li>\n\n\n\n<li>Assist\u00eancia T\u00e9cnica (MAR)<\/li>\n\n\n\n<li>Assist\u00eancia T\u00e9cnica (FEDER\/FC)<\/li>\n\n\n\n<li>Assist\u00eancia T\u00e9cnica (FSE+) Funcionamento dos sistemas e das estruturas de coordena\u00e7\u00e3o, gest\u00e3o, monitoriza\u00e7\u00e3o e avalia\u00e7\u00e3o (FSE+)<\/li>\n\n\n\n<li>Autoconsumo e comunidades de energia renov\u00e1vel<\/li>\n\n\n\n<li>Capacita\u00e7\u00e3o do ecossistema dos fundos (FEDER\/FC)<\/li>\n\n\n\n<li>Combate \u00e0 priva\u00e7\u00e3o material<\/li>\n\n\n\n<li>Conhecimento sobre os v\u00e1rios aspetos do SECA<\/li>\n\n\n\n<li>Conserva\u00e7\u00e3o da natureza, biodiversidade e patrim\u00f3nio natural<\/li>\n\n\n\n<li>Controlo das condi\u00e7\u00f5es de trabalho<\/li>\n\n\n\n<li>CUA em alta (sistemas multimunicipais e municipais na RAA)<\/li>\n\n\n\n<li>CUA em baixa (sistemas municipais)<\/li>\n\n\n\n<li>CUA: Reutiliza\u00e7\u00e3o, resili\u00eancia, moderniza\u00e7\u00e3o e descarboniza\u00e7\u00e3o<\/li>\n\n\n\n<li>Cultura<\/li>\n\n\n\n<li>Descarboniza\u00e7\u00e3o do setor industrial e empresarial<\/li>\n\n\n\n<li>Digitaliza\u00e7\u00e3o<\/li>\n\n\n\n<li>Digitaliza\u00e7\u00e3o para a efici\u00eancia de servi\u00e7os aos cidad\u00e3os e empresas<\/li>\n\n\n\n<li>Diversifica\u00e7\u00e3o econ\u00f3mica\/ Inova\u00e7\u00e3o produtiva<\/li>\n\n\n\n<li>Economia circular<\/li>\n\n\n\n<li>Efici\u00eancia energ\u00e9tica na AP Regional e Local<\/li>\n\n\n\n<li>Empreendedorismo e Inova\u00e7\u00e3o Social<\/li>\n\n\n\n<li>Empreendedorismo Qualificado associado ao conhecimento<\/li>\n\n\n\n<li>Ensino Pr\u00e9-Escolar, B\u00e1sico e Secund\u00e1rio<\/li>\n\n\n\n<li>Ensino Pr\u00e9-escolar, B\u00e1sico e Secund\u00e1rio (IT)<\/li>\n\n\n\n<li>Ensino superior<\/li>\n\n\n\n<li>Envelhecimento ativo, estilos de vida saud\u00e1vel e preven\u00e7\u00e3o de doen\u00e7as<\/li>\n\n\n\n<li>Estruturas locais de apoio ao emprego<\/li>\n\n\n\n<li>Est\u00e1gios para promover a internacionaliza\u00e7\u00e3o<\/li>\n\n\n\n<li>Est\u00e1gios Profissionais<\/li>\n\n\n\n<li>Forma\u00e7\u00e3o Avan\u00e7ada<\/li>\n\n\n\n<li>Forma\u00e7\u00e3o de ativos para a empregabilidade<\/li>\n\n\n\n<li>Forma\u00e7\u00e3o de base qualificante (ESO4.7-01)<\/li>\n\n\n\n<li>Forma\u00e7\u00e3o de base qualificante (ESO4.8-01)<\/li>\n\n\n\n<li>Forma\u00e7\u00e3o de base qualificante (ESO4.8-02)<\/li>\n\n\n\n<li>Forma\u00e7\u00e3o Profissional<\/li>\n\n\n\n<li>Forma\u00e7\u00e3o superior<\/li>\n\n\n\n<li>Funcionamento dos sistemas e das estruturas de coordena\u00e7\u00e3o, gest\u00e3o, monitoriza\u00e7\u00e3o e avalia\u00e7\u00e3o (FEDER\/FC)<\/li>\n\n\n\n<li>Funcionamento dos sistemas e das estruturas de coordena\u00e7\u00e3o, gest\u00e3o, monitoriza\u00e7\u00e3o e avalia\u00e7\u00e3o (FSE+)<\/li>\n\n\n\n<li>Gest\u00e3o de Recursos H\u00eddricos<\/li>\n\n\n\n<li>Gest\u00e3o de res\u00edduos urbanos<\/li>\n\n\n\n<li>Gest\u00e3o de res\u00edduos: Subinvestimentos em alta<\/li>\n\n\n\n<li>Gest\u00e3o de res\u00edduos: Subinvestimentos em baixa<\/li>\n\n\n\n<li>Governa\u00e7\u00e3o das pol\u00edticas de integra\u00e7\u00e3o<\/li>\n\n\n\n<li>I&amp;D Empresarial<\/li>\n\n\n\n<li>I&amp;D&amp;I Empresarial<\/li>\n\n\n\n<li>Inclus\u00e3o ativa de grupos vulner\u00e1veis<\/li>\n\n\n\n<li>Informa\u00e7\u00e3o e comunica\u00e7\u00e3o do PT 2030 e dos Fundos associados (FEDER\/FC)<\/li>\n\n\n\n<li>Infraestrutura aeroportu\u00e1ria (RTE)<\/li>\n\n\n\n<li>Infraestrutura ferrovi\u00e1ria (RTE)<\/li>\n\n\n\n<li>Infraestrutura portu\u00e1ria (RTE)<\/li>\n\n\n\n<li>Infraestruturas de acolhimento empresarial de nova gera\u00e7\u00e3o<\/li>\n<\/ul>\n<\/div>\n\n\n\n<div class=\"wp-block-column is-layout-flow wp-block-column-is-layout-flow\">\n<ul class=\"wp-block-list\" type=\"1\">\n<li>Infraestruturas de ci\u00eancia e tecnologia<\/li>\n\n\n\n<li>Infraestruturas e equipamentos tecnol\u00f3gicos<\/li>\n\n\n\n<li>Productive Innovation<\/li>\n\n\n\n<li>Inser\u00e7\u00e3o de recursos humanos altamente qualificados<\/li>\n\n\n\n<li>Instala\u00e7\u00e3o de redes de banda larga<\/li>\n\n\n\n<li>Integra\u00e7\u00e3o de grupos vulner\u00e1veis no mercado de trabalho<\/li>\n\n\n\n<li>Integra\u00e7\u00e3o e participa\u00e7\u00e3o ativa de NPT na sociedade portuguesa<\/li>\n\n\n\n<li>Investiga\u00e7\u00e3o cient\u00edfica e tecnol\u00f3gica<\/li>\n\n\n\n<li>Investimentos de base territorial (RSO1.3)<\/li>\n\n\n\n<li>Investimentos em Portos de Pesca, Locais de Desembarque, Lotas e Abrigos<\/li>\n\n\n\n<li>Melhoria e monitoriza\u00e7\u00e3o da qualidade do ar e do ru\u00eddo<\/li>\n\n\n\n<li>Mobilidade laboral e investiga\u00e7\u00e3o\/educa\u00e7\u00e3o de n\u00edvel superior<\/li>\n\n\n\n<li>Mobilidade Sustent\u00e1vel (RSO2.8)<\/li>\n\n\n\n<li>Multi TI<\/li>\n\n\n\n<li>Ofertas de educa\u00e7\u00e3o e forma\u00e7\u00e3o profissionalizante<\/li>\n\n\n\n<li>Parcerias entre cientistas e pescadores<\/li>\n\n\n\n<li>Passivos ambientais (\u00e1reas mineiras abandonadas e pedreiras em situa\u00e7\u00e3o cr\u00edtica)<\/li>\n\n\n\n<li>Patrim\u00f3nio cultural e natural (IT)<\/li>\n\n\n\n<li>Planos de produ\u00e7\u00e3o e de comercializa\u00e7\u00e3o das OP<\/li>\n\n\n\n<li>Prepara\u00e7\u00e3o, funcionamento e anima\u00e7\u00e3o das Estrat\u00e9gias de Desenvolvimento Local<\/li>\n\n\n\n<li>Produtos tur\u00edsticos regionais<\/li>\n\n\n\n<li>Programa de(re)qualifica\u00e7\u00e3o de adultos<\/li>\n\n\n\n<li>Programas de qualifica\u00e7\u00e3o para o emprego<\/li>\n\n\n\n<li>Promo\u00e7\u00e3o da igualdade de g\u00e9nero no trabalho, de combate \u00e0 segrega\u00e7\u00e3o profissional e de mitiga\u00e7\u00e3o do gap salarial de g\u00e9nero<\/li>\n\n\n\n<li>Promo\u00e7\u00e3o do sucesso educativo<\/li>\n\n\n\n<li>Promo\u00e7\u00e3o, comercializa\u00e7\u00e3o e novos mercados para os produtos da pesca, da transforma\u00e7\u00e3o e da aquicultura<\/li>\n\n\n\n<li>Prote\u00e7\u00e3o civil e gest\u00e3o integrada de riscos<\/li>\n\n\n\n<li>Prote\u00e7\u00e3o e defesa do litoral<\/li>\n\n\n\n<li>Qualidade do sistema de educa\u00e7\u00e3o e forma\u00e7\u00e3o (ESO4.6)<\/li>\n\n\n\n<li>Qualidade do sistema de educa\u00e7\u00e3o e forma\u00e7\u00e3o (ESO4.7)<\/li>\n\n\n\n<li>Qualifica\u00e7\u00e3o de empres\u00e1rios e trabalhadores das empresas<\/li>\n\n\n\n<li>Qualifica\u00e7\u00e3o de servi\u00e7os territoriais<\/li>\n\n\n\n<li>Qualifica\u00e7\u00e3o e internacionaliza\u00e7\u00e3o das empresas<\/li>\n\n\n\n<li>Reabilita\u00e7\u00e3o e regenera\u00e7\u00e3o urbanas (IT)<\/li>\n\n\n\n<li>Reabilita\u00e7\u00e3o e regenera\u00e7\u00e3o urbanas (Parcerias para a Coes\u00e3o urbanas)<\/li>\n\n\n\n<li>Rede ferrovi\u00e1ria das \u00c1reas Metropolitanas(1)<\/li>\n\n\n\n<li>Redes de transporte de passageiros de elevada capacidade(2)<\/li>\n\n\n\n<li>Redes e capacita\u00e7\u00e3o institucional RIS3(5)<\/li>\n\n\n\n<li>Refuncionaliza\u00e7\u00e3o de equipamentos coletivos e qualifica\u00e7\u00e3o do espa\u00e7os p\u00fablicos (IT)<\/li>\n\n\n\n<li>Regressos volunt\u00e1rios e reintegra\u00e7\u00e3o nos pa\u00edses de origem<\/li>\n\n\n\n<li>Reinstala\u00e7\u00e3o e admiss\u00e3o por motivos humanit\u00e1rios (artigo 19.\u00ba)<\/li>\n\n\n\n<li>Respostas sociais de proximidade<\/li>\n\n\n\n<li>Sa\u00fade &#8211; cuidados sa\u00fade prim\u00e1rios<\/li>\n\n\n\n<li>Sa\u00fade &#8211; Hospitais<\/li>\n\n\n\n<li>Seguran\u00e7a dos sistemas de gest\u00e3o e controlo (FEDER\/FC)<\/li>\n\n\n\n<li>Servi\u00e7os de gest\u00e3o e aconselhamento \u00e0s explora\u00e7\u00f5es aqu\u00edcolas e aumento do potencial dos s\u00edtios aqu\u00edcolas<\/li>\n\n\n\n<li>Servi\u00e7os e redes de interven\u00e7\u00e3o social e de sa\u00fade<\/li>\n\n\n\n<li>Servi\u00e7os prestados em infraestruturas de acolhimento e equiparadas<\/li>\n\n\n\n<li>Sistema de monitoriza\u00e7\u00e3o do regresso for\u00e7ado<\/li>\n\n\n\n<li>Transfer\u00eancia do conhecimento cient\u00edfico e tecnol\u00f3gico<\/li>\n\n\n\n<li>Valoriza\u00e7\u00e3o de recursos end\u00f3genos<\/li>\n<\/ul>\n<\/div>\n<\/div>\n\n\n\n<div style=\"height:40px\" aria-hidden=\"true\" class=\"wp-block-spacer\"><\/div>\n\n\n\n<h2 class=\"wp-block-heading\">Tabela de avisos Portugal 2030<\/h2>\n\n\n\n<figure class=\"wp-block-table\"><table><tbody><tr><td><strong>Aviso<\/strong><\/td><td><strong>Objetivo espec\u00edfico<\/strong><\/td><td><strong>Tipo de promotor<\/strong><\/td><td><strong>Regi\u00e3o \/ Regi\u00f5es<\/strong><\/td><td><strong>Valor dispon\u00edvel<\/strong><\/td><\/tr><tr><td><strong>Funcionamento dos sistemas e estruturas de coordena\u00e7\u00e3o, gest\u00e3o e monitoriza\u00e7\u00e3o (FSE+) \u2013 2024\/2025 \u2013 OI-EMPIS<\/strong><\/td><td>Technical assistance<\/td><td>P\u00fablico<\/td><td>North<\/td><td>258.836 \u20ac<\/td><\/tr><tr><td><strong>Contrata\u00e7\u00e3o de Recursos Humanos Altamente Qualificados por empresas (micro, pequenas e m\u00e9dias) \u2013 Outros territ\u00f3rios<\/strong><\/td><td>Adapta\u00e7\u00e3o dos trabalhadores e das empresas \u00e0 mudan\u00e7a<\/td><td>Privado<\/td><td>North<\/td><td>4.500.000 \u20ac<\/td><\/tr><tr><td><strong>Bolsas de ensino superior para alunos carenciados \u2013 ano letivo 2023\/2024<\/strong><\/td><td>Acesso a servi\u00e7os de qualidade<\/td><td>P\u00fablico<\/td><td>Norte, Centro, Alentejo<\/td><td>80.000.000 \u20ac<\/td><\/tr><tr><td><strong>INOVA\u00c7\u00c3O 2030<\/strong><\/td><td>Crescimento e competitividade das PMEs<\/td><td>Privado<\/td><td>RAM<\/td><td>5.000.000 \u20ac<\/td><\/tr><tr><td><strong>Infraestrutura Portu\u00e1ria (RTE) \u2013 Porto de Leix\u00f5es-1.\u00ba Aviso<\/strong><\/td><td>Rede trans europeia de transportes<\/td><td>P\u00fablico<\/td><td>North<\/td><td>23.200.000 \u20ac<\/td><\/tr><tr><td><strong>Porto das Lajes das Flores<\/strong><\/td><td>Rede trans europeia de transportes<\/td><td>P\u00fablico<\/td><td>RAA<\/td><td>168.300.000 \u20ac<\/td><\/tr><tr><td><strong>Infraestrutura Portu\u00e1ria (RTE) \u2013 Porto de Lisboa-1.\u00ba Aviso<\/strong><\/td><td>Rede trans europeia de transportes<\/td><td>P\u00fablico<\/td><td>AML<\/td><td>14.500.000 \u20ac<\/td><\/tr><tr><td><strong>Infraestrutura Portu\u00e1ria (RTE) \u2013 Porto de Aveiro-1.\u00baAviso<\/strong><\/td><td>Rede trans europeia de transportes<\/td><td>P\u00fablico<\/td><td>Center<\/td><td>3.200.000 \u20ac<\/td><\/tr><tr><td><strong>Technical assistance<\/strong><\/td><td>Assist\u00eancia t\u00e9cnica<\/td><td>P\u00fablico<\/td><td>Norte, Centro, Alentejo<\/td><td>28.000.000 \u20ac<\/td><\/tr><tr><td><strong>Conectividade digital<\/strong><\/td><td>Colher os benef\u00edcios da digitaliza\u00e7\u00e3o<\/td><td>P\u00fablico<\/td><td>RAA<\/td><td>2.000.000 \u20ac<\/td><\/tr><tr><td><strong>Promover o desenvolvimento econ\u00f3mico, investiga\u00e7\u00e3o, inova\u00e7\u00e3o e a digitaliza\u00e7\u00e3o<\/strong><\/td><td>Crescimento e competitividade das PME<\/td><td>P\u00fablico<\/td><td>RAA<\/td><td>6.000.000 \u20ac<\/td><\/tr><tr><td><strong>A\u00e7\u00f5es de promo\u00e7\u00e3o externa internacional do destino A\u00e7ores<\/strong><\/td><td>Crescimento e competitividade das PMEs<\/td><td>P\u00fablico<\/td><td>RAA<\/td><td>10.000.000 \u20ac<\/td><\/tr><tr><td><strong>Instala\u00e7\u00e3o de redes de banda larga<\/strong><\/td><td>Conectividade digital<\/td><td>P\u00fablico<\/td><td>RAA<\/td><td>3.500.000 \u20ac<\/td><\/tr><tr><td><strong>Meios materiais para a prote\u00e7\u00e3o civil<\/strong><\/td><td>Adapta\u00e7\u00e3o \u00e0s altera\u00e7\u00f5es clim\u00e1ticas<\/td><td>P\u00fablico<\/td><td>RAA<\/td><td>8.000.000 \u20ac<\/td><\/tr><tr><td><strong>Medidas de adapta\u00e7\u00e3o \u00e0s altera\u00e7\u00f5es clim\u00e1ticas<\/strong><\/td><td>Adapta\u00e7\u00e3o \u00e0s altera\u00e7\u00f5es clim\u00e1ticas<\/td><td>P\u00fablico<\/td><td>RAA<\/td><td>17.890.000 \u20ac<\/td><\/tr><tr><td><strong>Ciclo da \u00c1gua \u2013 subinvestimentos em baixa<\/strong><\/td><td>Gest\u00e3o sustent\u00e1vel da \u00e1gua<\/td><td>P\u00fablico<\/td><td>RAA<\/td><td>17.500.000 \u20ac<\/td><\/tr><tr><td><strong>Gest\u00e3o de res\u00edduos: Subinvestimentos em baixa<\/strong><\/td><td>Economia Circular<\/td><td>P\u00fablico<\/td><td>RAA<\/td><td>3.600.000 \u20ac<\/td><\/tr><tr><td><strong>Prote\u00e7\u00e3o e preserva\u00e7\u00e3o da natureza, biodiversidade e infraestruturas verdes<\/strong><\/td><td>Prote\u00e7\u00e3o da natureza e biodiversidade<\/td><td>P\u00fablico<\/td><td>RAA<\/td><td>11.000.000 \u20ac<\/td><\/tr><tr><td><strong>Ensino Pr\u00e9-Escolar, B\u00e1sico e Secund\u00e1rio<\/strong><\/td><td>Infraestruturas de educa\u00e7\u00e3o e forma\u00e7\u00e3o<\/td><td>P\u00fablico<\/td><td>RAA<\/td><td>2.800.000 \u20ac<\/td><\/tr><tr><td><strong>Cultura e turismo<\/strong><\/td><td>Cultura e turismo sustent\u00e1veis<\/td><td>P\u00fablico<\/td><td>RAA<\/td><td>3.500.000 \u20ac<\/td><\/tr><tr><td><strong>Assist\u00eancia T\u00e9cnica OI\u2019s Madeira 2030<\/strong><\/td><td>Technical assistance<\/td><td>P\u00fablico<\/td><td>RAM<\/td><td>1.000.000 \u20ac<\/td><\/tr><tr><td><strong>Acolhimento de requerentes de prote\u00e7\u00e3o internacional espont\u00e2neos<\/strong><\/td><td>Asilo<\/td><td>Privado, P\u00fablico<\/td><td>Norte, Centro, AML, Alentejo, Algarve, RAA, RAM<\/td><td>1.500.000 \u20ac<\/td><\/tr><tr><td><strong>Centros Locais de Apoio \u00e0 Integra\u00e7\u00e3o de Migrantes (CLAIM)<\/strong><\/td><td>Migra\u00e7\u00e3o legal e integra\u00e7\u00e3o<\/td><td>Privado<\/td><td>Norte, Centro, AML, Alentejo, Algarve, RAA, RAM<\/td><td>3.250.000 \u20ac<\/td><\/tr><tr><td><strong>Educa\u00e7\u00e3o intercultural em contexto escolar<\/strong><\/td><td>Migra\u00e7\u00e3o legal e integra\u00e7\u00e3o<\/td><td>Privado, P\u00fablico<\/td><td>Alentejo, Algarve, AML, Centro, Norte, RAA, RAM<\/td><td>625.000 \u20ac<\/td><\/tr><tr><td><strong>Apoio ao arranque da atividade de jovens pescadores<\/strong><\/td><td>Atividades de pesca sustent\u00e1vel<\/td><td>Privado<\/td><td>Norte, Centro, AML, Alentejo, Algarve<\/td><td>2.980.000 \u20ac<\/td><\/tr><tr><td><strong>Apoio a investimentos em portos de pesca, locais de desembarque, lotas e abrigos<\/strong><\/td><td>Atividades de pesca sustent\u00e1vel<\/td><td>Privado, P\u00fablico<\/td><td>Alentejo, Algarve, AML, Centro, Norte<\/td><td>5.375.000 \u20ac<\/td><\/tr><tr><td><strong>Apoio \u00e0 transfer\u00eancia de conhecimentos entre cientistas e pescadores<\/strong><\/td><td>Atividades de pesca sustent\u00e1vel<\/td><td>Privado, P\u00fablico<\/td><td>Norte, Centro, AML, Alentejo, Algarve<\/td><td>400.000 \u20ac<\/td><\/tr><tr><td><strong>Apoio \u00e0 recolha de dados e ao controlo e inspe\u00e7\u00e3o no quadro da Pol\u00edtica Comum das Pescas<\/strong><\/td><td>Controlo e execu\u00e7\u00e3o eficientes da pesca<\/td><td>P\u00fablico<\/td><td>Norte, Centro, AML, Alentejo, Algarve, RAA, RAM<\/td><td>56.400.000 \u20ac<\/td><\/tr><tr><td><strong>Apoio ao desenvolvimento local de base comunit\u00e1ria (custos de funcionamento)<\/strong><\/td><td>Desenvolvimento sustent\u00e1vel das comunidades piscat\u00f3rias<\/td><td>Privado<\/td><td>Norte, Centro, AML, Alentejo, Algarve, RAA, RAM<\/td><td>6.750.000 \u20ac<\/td><\/tr><tr><td><strong>Apoio \u00e0 Execu\u00e7\u00e3o da Pol\u00edtica Mar\u00edtima Integrada<\/strong><\/td><td>Conhecimento marinho e vigil\u00e2ncia mar\u00edtima<\/td><td>Privado, P\u00fablico<\/td><td>Norte, Centro, AML, Alentejo, Algarve, RAA, RAM<\/td><td>1.666.667 \u20ac<\/td><\/tr><tr><td><strong>Apoio \u00e0 Prote\u00e7\u00e3o e Restaura\u00e7\u00e3o da Biodiversidade e dos Ecossistemas Marinhos\u200b\u200b<\/strong><\/td><td>Prote\u00e7\u00e3o e restaura\u00e7\u00e3o da biodiversidade aqu\u00e1tica<\/td><td>Privado, P\u00fablico<\/td><td>Norte, Centro, AML, Alentejo, Algarve<\/td><td>2.222.500 \u20ac<\/td><\/tr><tr><td><strong>Apoio a Servi\u00e7os de gest\u00e3o e aconselhamento \u00e0s explora\u00e7\u00f5es aqu\u00edcolas e aumento do potencial dos s\u00edtios aqu\u00edcolas<\/strong><\/td><td>Atividades de aquicultura sustent\u00e1vel<\/td><td>P\u00fablico<\/td><td>Norte, Centro, AML, Alentejo, Algarve<\/td><td>1.995.000 \u20ac<\/td><\/tr><tr><td><strong>Apoio a estrat\u00e9gias de comercializa\u00e7\u00e3o e internacionaliza\u00e7\u00e3o das empresas do sector da pesca, da transforma\u00e7\u00e3o e das empresas aqu\u00edcolas<\/strong><\/td><td>Comercializa\u00e7\u00e3o e transforma\u00e7\u00e3o &#8211; Pesca e Aquicultura<\/td><td>Privado, P\u00fablico<\/td><td>Norte, Centro, AML, Alentejo, Algarve, RAA, RAM<\/td><td>995.000 \u20ac<\/td><\/tr><tr><td><strong>A\u00e7\u00f5es de Assist\u00eancia T\u00e9cnica<\/strong><\/td><td>Technical assistance<\/td><td>Privado, P\u00fablico<\/td><td>Norte, Centro, AML, Alentejo, Algarve, RAA, RAM<\/td><td>17.674.155 \u20ac<\/td><\/tr><tr><td><strong>Dinamiza\u00e7\u00e3o e Realiza\u00e7\u00e3o de Summer\/ Winter Schools em \u00e1reas priorit\u00e1rias do PT2030<\/strong><\/td><td>Technical assistance<\/td><td>P\u00fablico<\/td><td>Norte, Centro, AML, Alentejo, Algarve, RAA, RAM<\/td><td>1.000.000 \u20ac<\/td><\/tr><tr><td><strong>Estrutura de Miss\u00e3o Portugal Inova\u00e7\u00e3o Social<\/strong><\/td><td>Technical assistance<\/td><td>P\u00fablico<\/td><td>Norte, Centro, AML, Alentejo, Algarve, RAA, RAM<\/td><td>2.000.000 \u20ac<\/td><\/tr><tr><td><strong>Academia dos Fundos<\/strong><\/td><td>Technical assistance<\/td><td>P\u00fablico<\/td><td>Norte, Centro, AML, Alentejo, Algarve, RAA, RAM<\/td><td>2.000.000 \u20ac<\/td><\/tr><tr><td><strong>Programa de Assist\u00eancia T\u00e9cnica<\/strong><\/td><td>Technical assistance<\/td><td>P\u00fablico<\/td><td>Norte, Centro, AML, Alentejo, Algarve, RAA, RAM<\/td><td>1.500.000 \u20ac<\/td><\/tr><tr><td><strong>2.\u00ba Relat\u00f3rio do Desenvolvimento &amp; Coes\u00e3o: estudos tem\u00e1ticos de aprofundamento<\/strong><\/td><td>Technical assistance<\/td><td>Privado, P\u00fablico<\/td><td>Norte, Centro, AML, Alentejo, Algarve, RAA, RAM<\/td><td>2.000.000 \u20ac<\/td><\/tr><tr><td><strong>Apoios \u00e0 Contrata\u00e7\u00e3o<\/strong><\/td><td>Acesso ao emprego<\/td><td>P\u00fablico<\/td><td>Norte, Centro, Alentejo<\/td><td>72.675.000 \u20ac<\/td><\/tr><tr><td><strong>Refor\u00e7o dos Servi\u00e7os de Psicologia e Orienta\u00e7\u00e3o \u2013 ano letivo 2023\/2024<\/strong><\/td><td>Acesso \u00e0 educa\u00e7\u00e3o e forma\u00e7\u00e3o<\/td><td>P\u00fablico<\/td><td>Norte, Centro, Alentejo<\/td><td>7.500.000 \u20ac<\/td><\/tr><tr><td><strong>Contratos Locais de Desenvolvimento Social (CLDS)<\/strong><\/td><td>Acesso a servi\u00e7os de qualidade<\/td><td>Privado, P\u00fablico<\/td><td>Alentejo, Centro, Norte<\/td><td>119.238.000 \u20ac<\/td><\/tr><tr><td><strong>Prote\u00e7\u00e3o e defesa do litoral \u2013 A\u00e7\u00f5es materiais e imateriais \u2013 RAM<\/strong><\/td><td>Adapta\u00e7\u00e3o \u00e0s altera\u00e7\u00f5es clim\u00e1ticas<\/td><td>P\u00fablico<\/td><td>RAM<\/td><td>1.750.000 \u20ac<\/td><\/tr><tr><td><strong>Prote\u00e7\u00e3o civil e gest\u00e3o integrada de riscos \u2013 Prote\u00e7\u00e3o dos territ\u00f3rios<\/strong><\/td><td>Adapta\u00e7\u00e3o \u00e0s altera\u00e7\u00f5es clim\u00e1ticas<\/td><td>P\u00fablico<\/td><td>RAM<\/td><td>27.000.000 \u20ac<\/td><\/tr><tr><td><strong>Medidas de adapta\u00e7\u00e3o \u00e0s altera\u00e7\u00f5es clim\u00e1ticas<\/strong><\/td><td>Adapta\u00e7\u00e3o \u00e0s altera\u00e7\u00f5es clim\u00e1ticas<\/td><td>P\u00fablico<\/td><td>RAM<\/td><td>23.000.000 \u20ac<\/td><\/tr><tr><td><strong>Assist\u00eancia T\u00e9cnica \u2013 Organismos Interm\u00e9dios<\/strong><\/td><td>Technical assistance<\/td><td>P\u00fablico<\/td><td>RAA, RAM<\/td><td>3.000.000 \u20ac<\/td><\/tr><tr><td><strong>Gest\u00e3o de Res\u00edduos Urbanos \u2013 Campanha de comunica\u00e7\u00e3o, sensibiliza\u00e7\u00e3o e informa\u00e7\u00e3o<\/strong><\/td><td>Economia circular<\/td><td>P\u00fablico<\/td><td>Norte, Centro, AML, Alentejo, Algarve, RAA, RAM<\/td><td>250.000 \u20ac<\/td><\/tr><tr><td><strong>Cursos T\u00e9cnicos Superiores Profissionais (TeSP) Entidades P\u00fablicas \u2013 Ciclo Letivo 23\/25<\/strong><\/td><td>Acesso \u00e0 educa\u00e7\u00e3o e forma\u00e7\u00e3o<\/td><td>P\u00fablico<\/td><td>Center<\/td><td>7.500.000 \u20ac<\/td><\/tr><tr><td><strong>Apoio a pessoas em situa\u00e7\u00e3o de sem abrigo<\/strong><\/td><td>Inclus\u00e3o ativa e empregabilidade<\/td><td>Privado, P\u00fablico<\/td><td>Center<\/td><td>2.000.000 \u20ac<\/td><\/tr><tr><td><strong>Assist\u00eancia T\u00e9cnica AG Lisboa 2030<\/strong><\/td><td>Technical assistance<\/td><td>P\u00fablico<\/td><td>AML<\/td><td>1.670.400 \u20ac<\/td><\/tr><tr><td><strong>Melhoria e Monitoriza\u00e7\u00e3o da qualidade do ar e do ru\u00eddo<\/strong><\/td><td>Prote\u00e7\u00e3o da natureza e biodiversidade<\/td><td>P\u00fablico<\/td><td>Lisbon<\/td><td>1.000.000 \u20ac<\/td><\/tr><tr><td><strong>Aquisi\u00e7\u00e3o direta de g\u00e9neros alimentares e ou de bens de primeira necessidade<\/strong><\/td><td>Combater a priva\u00e7\u00e3o material<\/td><td>P\u00fablico<\/td><td>Norte, Centro, AML, Alentejo, Algarve<\/td><td>64.800.000 \u20ac<\/td><\/tr><tr><td><strong>Distribui\u00e7\u00e3o direta de g\u00e9neros alimentares e ou de bens de primeira necessidade e medidas de acompanhamento<\/strong><\/td><td>Combater a priva\u00e7\u00e3o material<\/td><td>Privado, P\u00fablico<\/td><td>Norte, Centro, AML, Alentejo, Algarve<\/td><td>9.072.000 \u20ac<\/td><\/tr><tr><td><strong>Cursos T\u00e9cnicos Superiores Profissionais (TeSP) Entidades P\u00fablicas \u2013 Ciclo Letivo 22\/24<\/strong><\/td><td>Acesso \u00e0 educa\u00e7\u00e3o e forma\u00e7\u00e3o<\/td><td>P\u00fablico<\/td><td>Center<\/td><td>7.500.000 \u20ac<\/td><\/tr><tr><td><strong>SIID \u2013 Internacionaliza\u00e7\u00e3o de I&amp;D \u2013 Opera\u00e7\u00f5es de I&amp;D industrial \u00e0 escala europeia<\/strong><\/td><td>Promover a investiga\u00e7\u00e3o e a inova\u00e7\u00e3o<\/td><td>Privado, P\u00fablico<\/td><td>Norte, Centro, AML, Alentejo, Algarve<\/td><td>39.300.000 \u20ac<\/td><\/tr><tr><td><strong>Apoio a custos de prepara\u00e7\u00e3o e execu\u00e7\u00e3o dos planos anuais de produ\u00e7\u00e3o e de comercializa\u00e7\u00e3o das organiza\u00e7\u00f5es de produtores \u2013 Plano de Produ\u00e7\u00e3o e Comercializa\u00e7\u00e3o de 2023<\/strong><\/td><td>Comercializa\u00e7\u00e3o e transforma\u00e7\u00e3o &#8211; Pesca e Aquicultura<\/td><td>Privado<\/td><td>Norte, Centro, AML, Alentejo, Algarve, RAA, RAM<\/td><td>1.625.000 \u20ac<\/td><\/tr><tr><td><strong>Estrat\u00e9gias de Efici\u00eancia Coletiva PROVERE na Regi\u00e3o Alentejo<\/strong><\/td><td>Desenvolvimento integrado nas zonas rurais e costeiras<\/td><td>Privado<\/td><td>Alentejo<\/td><td>0 \u20ac<\/td><\/tr><tr><td><strong>Cursos T\u00e9cnicos Superiores Profissionais (Cursos TeSP) \u2013 Entidades P\u00fablicas \u2013 Ciclo letivo 23\/25<\/strong><\/td><td>Acesso \u00e0 educa\u00e7\u00e3o e forma\u00e7\u00e3o<\/td><td>P\u00fablico<\/td><td>Algarve<\/td><td>1.200.000 \u20ac<\/td><\/tr><tr><td><strong>Redes e capacita\u00e7\u00e3o institucional RIS3<\/strong><\/td><td>Compet\u00eancias para a especializa\u00e7\u00e3o inteligente e a transi\u00e7\u00e3o<\/td><td>P\u00fablico<\/td><td>Alentejo<\/td><td>600.000 \u20ac<\/td><\/tr><tr><td><strong>Apoio a pessoas em situa\u00e7\u00e3o de sem abrigo<\/strong><\/td><td>Inclus\u00e3o ativa e empregabilidade<\/td><td>Privado, P\u00fablico<\/td><td>Algarve<\/td><td>1.000.000 \u20ac<\/td><\/tr><tr><td><strong>A\u00e7\u00f5es Coletivas \u2013 Internacionaliza\u00e7\u00e3o<\/strong><\/td><td>Refor\u00e7ar o crescimento sustent\u00e1vel e a competitividade das PME, bem como a cria\u00e7\u00e3o de emprego nas PME, inclusive atrav\u00e9s de investimentos produtivos<\/td><td>Privado, P\u00fablico<\/td><td>Alentejo<\/td><td>2.000.000 \u20ac<\/td><\/tr><tr><td><strong>Forma\u00e7\u00e3o de Reconvers\u00e3o Profissional (FTJ)<\/strong><\/td><td>Fundo para uma Transi\u00e7\u00e3o Justa<\/td><td>P\u00fablico<\/td><td>Alentejo<\/td><td>1.500.000 \u20ac<\/td><\/tr><tr><td><strong>SICE \u2013 Internacionaliza\u00e7\u00e3o das PME \u2013 Opera\u00e7\u00f5es em conjunto<\/strong><\/td><td>Crescimento e competitividade das PME<\/td><td>Privado, P\u00fablico<\/td><td>Norte, Centro, AML, Alentejo, Algarve<\/td><td>18.000.000 \u20ac<\/td><\/tr><tr><td><strong>SIRHQ \u2013 Forma\u00e7\u00e3o Empresarial \u2013 Clusters \u2013 Opera\u00e7\u00f5es individuais<\/strong><\/td><td>Adapta\u00e7\u00e3o dos trabalhadores e das empresas \u00e0 mudan\u00e7a<\/td><td>Privado<\/td><td>Norte, Centro, Alentejo<\/td><td>10.000.000 \u20ac<\/td><\/tr><tr><td><strong>INOVCONTACTO<\/strong><\/td><td>Adapta\u00e7\u00e3o dos trabalhadores e das empresas \u00e0 mudan\u00e7a<\/td><td>P\u00fablico<\/td><td>Norte, Centro, Alentejo<\/td><td>4.700.000 \u20ac<\/td><\/tr><tr><td><strong>PEPAC Miss\u00f5es<\/strong><\/td><td>Adapta\u00e7\u00e3o dos trabalhadores e das empresas \u00e0 mudan\u00e7a<\/td><td>P\u00fablico<\/td><td>Norte, Centro, Alentejo<\/td><td>3.500.000 \u20ac<\/td><\/tr><tr><td><strong>Assist\u00eancia T\u00e9cnica 2023 \u2013 Organismos Interm\u00e9dios \u2013 TP e IAPMEI<\/strong><\/td><td>Technical assistance<\/td><td>P\u00fablico<\/td><td>Alentejo<\/td><td>340.000 \u20ac<\/td><\/tr><tr><td><strong>Assist\u00eancia T\u00e9cnica 2023 \u2013 ITI-CIM<\/strong><\/td><td>Technical assistance<\/td><td>P\u00fablico<\/td><td>Alentejo<\/td><td>728.333 \u20ac<\/td><\/tr><tr><td><strong>Contrata\u00e7\u00e3o de Recursos Humanos Altamente Qualificados por PME<\/strong><\/td><td>Adapta\u00e7\u00e3o dos trabalhadores e das empresas \u00e0 mudan\u00e7a<\/td><td>Privado<\/td><td>Alentejo<\/td><td>1.000.000 \u20ac<\/td><\/tr><tr><td><strong>Acolhimento de requerentes e benefici\u00e1rios de prote\u00e7\u00e3o internacional<\/strong><\/td><td>Asilo<\/td><td>Privado, P\u00fablico<\/td><td>Norte, Centro, AML, Alentejo, Algarve, RAA, RAM<\/td><td>6.000.000 \u20ac<\/td><\/tr><tr><td><strong>Regressos volunt\u00e1rios e reintegra\u00e7\u00e3o nos pa\u00edses de origem<\/strong><\/td><td>Voltar<\/td><td>Privado<\/td><td>Norte, Centro, AML, Alentejo, Algarve, RAA, RAM<\/td><td>2.400.000 \u20ac<\/td><\/tr><tr><td><strong>Planos de a\u00e7\u00e3o de base territorial \u2013 Investimentos Territoriais Redes Urbanas<\/strong><\/td><td>Technical assistance<\/td><td>Privado<\/td><td>Norte, Centro, AML, Alentejo, Algarve, RAA, RAM<\/td><td>1.000.000 \u20ac<\/td><\/tr><tr><td><strong>A\u00e7\u00f5es de capacita\u00e7\u00e3o sobre avalia\u00e7\u00e3o do risco de fraude e medidas a adotar no \u00e2mbito do combate \u00e0 fraude nos fundos europeus<\/strong><\/td><td>Technical assistance<\/td><td>P\u00fablico<\/td><td>Norte, Centro, AML, Alentejo, Algarve, RAA, RAM<\/td><td>1.000.000 \u20ac<\/td><\/tr><tr><td><strong>Informa\u00e7\u00e3o e Comunica\u00e7\u00e3o do PT2030<\/strong><\/td><td>Technical assistance<\/td><td>P\u00fablico<\/td><td>Norte, Centro, AML, Alentejo, Algarve, RAA, RAM<\/td><td>2.000.000 \u20ac<\/td><\/tr><tr><td><strong>Cursos profissionais \u2013 ano letivo 2023\/2024<\/strong><\/td><td>Acesso \u00e0 educa\u00e7\u00e3o e forma\u00e7\u00e3o<\/td><td>Privado, P\u00fablico<\/td><td>Norte, Centro, Alentejo<\/td><td>205.000.000 \u20ac<\/td><\/tr><tr><td><strong>Cursos profissionais \u2013 ano letivo 2023\/2024<\/strong><\/td><td>Acesso \u00e0 educa\u00e7\u00e3o e forma\u00e7\u00e3o<\/td><td>P\u00fablico<\/td><td>Norte, Centro, Alentejo<\/td><td>50.000.000 \u20ac<\/td><\/tr><tr><td><strong>Forma\u00e7\u00f5es modulares certificadas<\/strong><\/td><td>Aprendizagem ao longo da vida e transi\u00e7\u00f5es profissionais<\/td><td>Privado, P\u00fablico<\/td><td>Alentejo, Centro, Norte<\/td><td>190.000.000 \u20ac<\/td><\/tr><tr><td><strong>Vida Ativa emprego qualificado<\/strong><\/td><td>Aprendizagem ao longo da vida e transi\u00e7\u00f5es profissionais<\/td><td>P\u00fablico<\/td><td>Norte, Centro, Alentejo<\/td><td>71.250.000 \u20ac<\/td><\/tr><tr><td><strong>Cursos de educa\u00e7\u00e3o e forma\u00e7\u00e3o de jovens (CEF) \u2013 ano letivo 2023\/2024<\/strong><\/td><td>Inclus\u00e3o ativa e empregabilidade<\/td><td>Privado, P\u00fablico<\/td><td>Norte, Centro, Alentejo<\/td><td>13.000.000 \u20ac<\/td><\/tr><tr><td><strong>Cursos de educa\u00e7\u00e3o e forma\u00e7\u00e3o de jovens (CEF) \u2013 ano letivo 2023\/2024<\/strong><\/td><td>Inclus\u00e3o ativa e empregabilidade<\/td><td>P\u00fablico<\/td><td>Norte, Centro, Alentejo<\/td><td>2.000.000 \u20ac<\/td><\/tr><tr><td><strong>Territ\u00f3rios Educativos de Interven\u00e7\u00e3o Priorit\u00e1ria (TEIP) \u2013 ano letivo 2023\/2024<\/strong><\/td><td>Acesso a servi\u00e7os de qualidade<\/td><td>P\u00fablico<\/td><td>Norte, Centro, Alentejo<\/td><td>20.000.000 \u20ac<\/td><\/tr><tr><td><strong>Centros Nacionais de Apoio \u00e0 Integra\u00e7\u00e3o de Migrantes (CNAIM)<\/strong><\/td><td>Acesso a servi\u00e7os de qualidade<\/td><td>P\u00fablico<\/td><td>Norte, Centro, Alentejo<\/td><td>1.500.000 \u20ac<\/td><\/tr><tr><td><strong>Programa Escolhas<\/strong><\/td><td>Acesso a servi\u00e7os de qualidade<\/td><td>P\u00fablico<\/td><td>Norte, Centro, Alentejo<\/td><td>10.500.000 \u20ac<\/td><\/tr><tr><td><strong>Planos territoriais de adapta\u00e7\u00e3o \u00e0s altera\u00e7\u00f5es clim\u00e1ticas (NUTS II, NUTS III e Munic\u00edpios)<\/strong><\/td><td>Adapta\u00e7\u00e3o \u00e0s altera\u00e7\u00f5es clim\u00e1ticas<\/td><td>P\u00fablico<\/td><td>North<\/td><td>4.000.000 \u20ac<\/td><\/tr><tr><td><strong>Digitaliza\u00e7\u00e3o da administra\u00e7\u00e3o regional<\/strong><\/td><td>Promover a investiga\u00e7\u00e3o e a inova\u00e7\u00e3o<\/td><td>P\u00fablico<\/td><td>North<\/td><td>5.500.000 \u20ac<\/td><\/tr><tr><td><strong>Monitoriza\u00e7\u00e3o do ar<\/strong><\/td><td>Prote\u00e7\u00e3o da natureza e biodiversidade<\/td><td>P\u00fablico<\/td><td>North<\/td><td>2.500.000 \u20ac<\/td><\/tr><tr><td><strong>Transporte Urbano Digitalizado<\/strong><\/td><td>Mobilidade urbana sustent\u00e1vel<\/td><td>P\u00fablico<\/td><td>RAM<\/td><td>3.000.000 \u20ac<\/td><\/tr><tr><td><strong>Cursos Profissionais<\/strong><\/td><td>Acesso \u00e0 educa\u00e7\u00e3o e forma\u00e7\u00e3o<\/td><td>P\u00fablico<\/td><td>RAM<\/td><td>1.250.000 \u20ac<\/td><\/tr><tr><td><strong>Cursos de Aprendizagem<\/strong><\/td><td>Acesso \u00e0 educa\u00e7\u00e3o e forma\u00e7\u00e3o<\/td><td>P\u00fablico<\/td><td>RAM<\/td><td>500.000 \u20ac<\/td><\/tr><tr><td><strong>Cursos Profissionais<\/strong><\/td><td>Acesso \u00e0 educa\u00e7\u00e3o e forma\u00e7\u00e3o<\/td><td>P\u00fablico<\/td><td>RAM<\/td><td>1.800.000 \u20ac<\/td><\/tr><tr><td><strong>Cursos de Aprendizagem<\/strong><\/td><td>Acesso \u00e0 educa\u00e7\u00e3o e forma\u00e7\u00e3o<\/td><td>P\u00fablico<\/td><td>RAM<\/td><td>1.200.000 \u20ac<\/td><\/tr><tr><td><strong>Cursos Profissionais \u2013 Entidades Privadas<\/strong><\/td><td>Acesso \u00e0 educa\u00e7\u00e3o e forma\u00e7\u00e3o<\/td><td>Privado<\/td><td>RAM<\/td><td>5.000.000 \u20ac<\/td><\/tr><tr><td><strong>Cursos Profissionais \u2013 Entidades Privadas<\/strong><\/td><td>Acesso \u00e0 educa\u00e7\u00e3o e forma\u00e7\u00e3o<\/td><td>Privado<\/td><td>RAM<\/td><td>8.000.000 \u20ac<\/td><\/tr><tr><td><strong>Cursos Profissionais \u2013 Entidades P\u00fablicas<\/strong><\/td><td>Acesso \u00e0 educa\u00e7\u00e3o e forma\u00e7\u00e3o<\/td><td>P\u00fablico<\/td><td>RAM<\/td><td>3.500.000 \u20ac<\/td><\/tr><tr><td><strong>Cursos Profissionais \u2013 Entidades P\u00fablicas<\/strong><\/td><td>Acesso \u00e0 educa\u00e7\u00e3o e forma\u00e7\u00e3o<\/td><td>P\u00fablico<\/td><td>RAM<\/td><td>4.000.000 \u20ac<\/td><\/tr><tr><td><strong>Moderniza\u00e7\u00e3o dos equipamentos aeroportu\u00e1rios da Aerogare Civil das Lages na Regi\u00e3o Aut\u00f3noma dos A\u00e7ores \u2013 1\u00ba Aviso<\/strong><\/td><td>Rede trans europeia de transportes<\/td><td>P\u00fablico<\/td><td>RAA<\/td><td>600.000 \u20ac<\/td><\/tr><tr><td><strong>SACCCT \u2013 Projetos de Contexto Europeu (Individuais e Co promo\u00e7\u00e3o)<\/strong><\/td><td>Promover a investiga\u00e7\u00e3o e a inova\u00e7\u00e3o<\/td><td>Privado, P\u00fablico<\/td><td>Center<\/td><td>1.000.000 \u20ac<\/td><\/tr><tr><td><strong>Promo\u00e7\u00e3o tur\u00edstica regional<\/strong><\/td><td>Cultura e turismo sustent\u00e1veis<\/td><td>Privado, P\u00fablico<\/td><td>Center<\/td><td>3.000.000 \u20ac<\/td><\/tr><tr><td><strong>Contrata\u00e7\u00e3o de Recursos Humanos Altamente Qualificados por empresas (micro, pequenas e m\u00e9dias)<\/strong><\/td><td>Adapta\u00e7\u00e3o dos trabalhadores e das empresas \u00e0 mudan\u00e7a<\/td><td>Privado<\/td><td>Center<\/td><td>6.000.000 \u20ac<\/td><\/tr><tr><td><strong>SI&amp;IDE \u2013 Projetos de Contexto Europeu \u2013 Individuais e Co promo\u00e7\u00e3o<\/strong><\/td><td>Promover a investiga\u00e7\u00e3o e a inova\u00e7\u00e3o<\/td><td>Privado, P\u00fablico<\/td><td>Center<\/td><td>1.000.000 \u20ac<\/td><\/tr><tr><td><strong>Assist\u00eancia T\u00e9cnica OI<\/strong><\/td><td>Technical assistance<\/td><td>P\u00fablico<\/td><td>AML<\/td><td>1.461.600 \u20ac<\/td><\/tr><tr><td><strong>Conserva\u00e7\u00e3o da natureza, biodiversidade e patrim\u00f3nio natural<\/strong><\/td><td>Prote\u00e7\u00e3o da natureza e biodiversidade<\/td><td>P\u00fablico<\/td><td>&#8212;<\/td><td>9.800.000 \u20ac<\/td><\/tr><tr><td><strong>Apoios a pessoas em situa\u00e7\u00e3o de sem abrigo<\/strong><\/td><td>Inclus\u00e3o ativa e empregabilidade<\/td><td>P\u00fablico<\/td><td>AML<\/td><td>1.500.000 \u20ac<\/td><\/tr><tr><td><strong>Programas (Inter)municipais de promo\u00e7\u00e3o do sucesso educativo<\/strong><\/td><td>Acesso a servi\u00e7os de qualidade<\/td><td>P\u00fablico<\/td><td>AML<\/td><td>3.600.000 \u20ac<\/td><\/tr><tr><td><strong>Centros Nacionais de Apoio \u00e0 Integra\u00e7\u00e3o de Migrantes (CNAIM)<\/strong><\/td><td>Acesso a servi\u00e7os de qualidade<\/td><td>P\u00fablico<\/td><td>AML<\/td><td>800.000 \u20ac<\/td><\/tr><tr><td><strong>Infraestruturas do ensino pr\u00e9-escolar, b\u00e1sico e secund\u00e1rio<\/strong><\/td><td>Desenvolvimento integrado nas zonas urbanas<\/td><td>P\u00fablico<\/td><td>Lisbon<\/td><td>28.000.000 \u20ac<\/td><\/tr><tr><td><strong>Inclus\u00e3o pela Cultura<\/strong><\/td><td>Inclus\u00e3o ativa e empregabilidade<\/td><td>P\u00fablico<\/td><td>AML<\/td><td>1.500.000 \u20ac<\/td><\/tr><tr><td><strong>SICE \u2013 Inova\u00e7\u00e3o Produtiva \u2013 Regime Contratual de Investimento<\/strong><\/td><td>Crescimento e competitividade das PMEs<\/td><td>Privado<\/td><td>Alentejo, Algarve, AML, Centro, Norte<\/td><td>0\u20ac<\/td><\/tr><tr><td><strong>SIID \u2013 I&amp;D Empresarial \u2013 Opera\u00e7\u00f5es em Individuais \u2013 Outros territ\u00f3rios<\/strong><\/td><td>Promover a investiga\u00e7\u00e3o e a inova\u00e7\u00e3o<\/td><td>Privado<\/td><td>Norte, Centro, AML, Alentejo, Algarve<\/td><td>32.000.000 \u20ac<\/td><\/tr><tr><td><strong>SIID \u2013 I&amp;D Empresarial \u2013 Opera\u00e7\u00f5es em Co promo\u00e7\u00e3o \u2013 Outros territ\u00f3rios<\/strong><\/td><td>Promover a investiga\u00e7\u00e3o e a inova\u00e7\u00e3o<\/td><td>Privado<\/td><td>Norte, Centro, AML, Alentejo, Algarve<\/td><td>46.200.000 \u20ac<\/td><\/tr><tr><td><strong>SIID \u2013 I&amp;D Empresarial \u2013 Regime Contratual de Investimento<\/strong><\/td><td>Promover a investiga\u00e7\u00e3o e a inova\u00e7\u00e3o<\/td><td>Privado, P\u00fablico<\/td><td>Norte, Centro, AML, Alentejo, Algarve<\/td><td>0\u20ac<\/td><\/tr><tr><td><strong>Apoios \u00e0 contrata\u00e7\u00e3o<\/strong><\/td><td>Acesso ao emprego<\/td><td>P\u00fablico<\/td><td>RAA<\/td><td>17.000.000 \u20ac<\/td><\/tr><tr><td><strong>Est\u00e1gios Profissionais<\/strong><\/td><td>Acesso ao emprego<\/td><td>P\u00fablico<\/td><td>RAA<\/td><td>17.000.000 \u20ac<\/td><\/tr><tr><td><strong>Programa de Inser\u00e7\u00e3o Socioprofissional<\/strong><\/td><td>Inclus\u00e3o ativa e empregabilidade<\/td><td>P\u00fablico<\/td><td>RAA<\/td><td>8.500.000 \u20ac<\/td><\/tr><tr><td><strong>Reinstala\u00e7\u00e3o e admiss\u00e3o por motivos humanit\u00e1rios 2021-2022: 2.\u00aa fase<\/strong><\/td><td>Solidariedade<\/td><td>P\u00fablico<\/td><td>Norte, Centro, AML, Alentejo, Algarve, RAA, RAM<\/td><td>1.340.000 \u20ac<\/td><\/tr><tr><td><strong>Apoio a pessoas em situa\u00e7\u00e3o de sem abrigo<\/strong><\/td><td>Inclus\u00e3o ativa e empregabilidade<\/td><td>Privado<\/td><td>Alentejo<\/td><td>800.000 \u20ac<\/td><\/tr><tr><td><strong>Assist\u00eancia T\u00e9cnica 2024\/2025- Estrutura de Miss\u00e3o Portugal Inova\u00e7\u00e3o Social \u2013 EMPIS<\/strong><\/td><td>Assist\u00eancia t\u00e9cnica<\/td><td>P\u00fablico<\/td><td>Alentejo<\/td><td>43.139 \u20ac<\/td><\/tr><tr><td><strong>Contrata\u00e7\u00e3o de Recursos Humanos Altamente Qualificados por empresas (micro, pequenas e m\u00e9dias) \u2013 Territ\u00f3rios classificados como de Baixa Densidade<\/strong><\/td><td>Adapta\u00e7\u00e3o dos trabalhadores e das empresas \u00e0 mudan\u00e7a<\/td><td>Privado<\/td><td>Center<\/td><td>4.000.000 \u20ac<\/td><\/tr><tr><td><strong>Contrata\u00e7\u00e3o de Recursos Humanos Altamente Qualificados por PME \u2013 Territ\u00f3rios de Baixa Densidade<\/strong><\/td><td>Adapta\u00e7\u00e3o dos trabalhadores e das empresas \u00e0 mudan\u00e7a<\/td><td>Privado<\/td><td>Alentejo<\/td><td>3.000.000 \u20ac<\/td><\/tr><tr><td><strong>CURSOS T\u00c9CNICOS SUPERIORES PROFISSIONAIS (TeSP) Entidades P\u00fablicas \u2013 Ciclo Formativo 2023\/2025<\/strong><\/td><td>Promover a igualdade de acesso e a conclus\u00e3o, em especial por parte dos grupos desfavorecidos, de um percurso de educa\u00e7\u00e3o e forma\u00e7\u00e3o inclusivo e de qualidade, desde a educa\u00e7\u00e3o e acolhimento na primeira inf\u00e2ncia at\u00e9 ao ensino superior, passando pelo ensino e forma\u00e7\u00e3o gerais e vocacionais, bem como a educa\u00e7\u00e3o e aprendizagem de adultos, facilitando, nomeadamente, a mobilidade para fins de aprendizagem para todos e a acessibilidade para as pessoas com defici\u00eancia<\/td><td>P\u00fablico<\/td><td>Alentejo<\/td><td>3.500.000 \u20ac<\/td><\/tr><tr><td><strong>SIID \u2013 I&amp;D Empresarial \u2013 Opera\u00e7\u00f5es em Individuais \u2013 Baixa Densidade<\/strong><\/td><td>Promover a investiga\u00e7\u00e3o e a inova\u00e7\u00e3o<\/td><td>Privado<\/td><td>Norte, Centro, Alentejo, Algarve<\/td><td>9.000.000 \u20ac<\/td><\/tr><tr><td><strong>SIID \u2013 I&amp;D Empresarial \u2013 Opera\u00e7\u00f5es em Copromo\u00e7\u00e3o \u2013 Baixa Densidade<\/strong><\/td><td>Promover a investiga\u00e7\u00e3o e a inova\u00e7\u00e3o<\/td><td>Privado<\/td><td>Alentejo, Algarve, Centro, Norte<\/td><td>14.300.000 \u20ac<\/td><\/tr><tr><td><strong>Assist\u00eancia T\u00e9cnica ao Programa Regional Algarve 2030<\/strong><\/td><td>Assist\u00eancia t\u00e9cnica<\/td><td>P\u00fablico<\/td><td>Algarve<\/td><td>150.000 \u20ac<\/td><\/tr><tr><td><strong>Centros Nacionais de Apoio \u00e0 Integra\u00e7\u00e3o de Migrantes (CNAIM)<\/strong><\/td><td>Acesso a servi\u00e7os de qualidade<\/td><td>P\u00fablico<\/td><td>Algarve<\/td><td>1.200.000 \u20ac<\/td><\/tr><tr><td><strong>Territ\u00f3rios Educativos de Interven\u00e7\u00e3o Priorit\u00e1ria (TEIP)<\/strong><\/td><td>Acesso a servi\u00e7os de qualidade<\/td><td>P\u00fablico<\/td><td>Algarve<\/td><td>2.400.000 \u20ac<\/td><\/tr><tr><td><strong>Programa Escolhas<\/strong><\/td><td>Acesso a servi\u00e7os de qualidade<\/td><td>P\u00fablico<\/td><td>Algarve<\/td><td>1.200.000 \u20ac<\/td><\/tr><tr><td><strong>SIAC \u2013 Internacionaliza\u00e7\u00e3o<\/strong><\/td><td>Crescimento e competitividade das PMEs<\/td><td>P\u00fablico<\/td><td>Norte, Centro, Alentejo<\/td><td>5.000.000 \u20ac<\/td><\/tr><tr><td><strong>SIAC \u2013 Internacionaliza\u00e7\u00e3o<\/strong><\/td><td>Crescimento e competitividade das PMEs<\/td><td>P\u00fablico<\/td><td>Norte, Centro, Alentejo<\/td><td>7.500.000 \u20ac<\/td><\/tr><tr><td><strong>SIRHQ \u2013 Forma\u00e7\u00e3o Empresarial \u2013 Clusters \u2013 Opera\u00e7\u00f5es em conjunto<\/strong><\/td><td>Adapta\u00e7\u00e3o dos trabalhadores e das empresas \u00e0 mudan\u00e7a<\/td><td>Privado<\/td><td>Norte, Centro, Alentejo<\/td><td>10.000.000 \u20ac<\/td><\/tr><tr><td><strong>Planos Intermunicipais de Promo\u00e7\u00e3o do Sucesso Escolar<\/strong><\/td><td>Acesso a servi\u00e7os de qualidade<\/td><td>P\u00fablico<\/td><td>Alentejo<\/td><td>5.000.000 \u20ac<\/td><\/tr><tr><td><strong>Portugu\u00eas L\u00edngua de Acolhimento<\/strong><\/td><td>Migra\u00e7\u00e3o legal e integra\u00e7\u00e3o<\/td><td>Privado, P\u00fablico<\/td><td>Algarve, RAA, RAM<\/td><td>2.500.000 \u20ac<\/td><\/tr><tr><td><strong>Sistema de monitoriza\u00e7\u00e3o do regresso for\u00e7ado<\/strong><\/td><td>Voltar<\/td><td>P\u00fablico<\/td><td>Norte, Centro, AML, Alentejo, Algarve, RAA, RAM<\/td><td>162.500 \u20ac<\/td><\/tr><tr><td><strong>Recupera\u00e7\u00e3o das aprendizagens, promo\u00e7\u00e3o do sucesso escolar e combate \u00e0s desigualdades (PRA) \u2013 ano letivo 2023\/2024<\/strong><\/td><td>Acesso a servi\u00e7os de qualidade<\/td><td>P\u00fablico<\/td><td>Norte, Centro, Alentejo<\/td><td>65.500.000 \u20ac<\/td><\/tr><tr><td><strong>Contrata\u00e7\u00e3o de Recursos Humanos Altamente Qualificados por empresas (micro, pequenas e m\u00e9dias) \u2013 Territ\u00f3rios de baixa densidade e outros territ\u00f3rios<\/strong><\/td><td>Adapta\u00e7\u00e3o dos trabalhadores e das empresas \u00e0 mudan\u00e7a<\/td><td>Privado<\/td><td>North<\/td><td>1.500.000 \u20ac<\/td><\/tr><tr><td><strong>Corredores verdes em contexto urbano \u2013 ITI CIM<\/strong><\/td><td>Prote\u00e7\u00e3o da natureza e biodiversidade<\/td><td>P\u00fablico<\/td><td>Center<\/td><td>10.000.000 \u20ac<\/td><\/tr><tr><td><strong>Remedia\u00e7\u00e3o Ambiental das antigas \u00e1reas mineiras abandonadas<\/strong><\/td><td>Prote\u00e7\u00e3o da natureza e biodiversidade<\/td><td>Privado<\/td><td>Center<\/td><td>5.000.000 \u20ac<\/td><\/tr><tr><td><strong>Mobilidade Ativa (pedonal e cicl\u00e1vel) \u2013 Eixo 2 ITI CIM<\/strong><\/td><td>Mobilidade urbana sustent\u00e1vel<\/td><td>P\u00fablico<\/td><td>Center<\/td><td>15.000.000 \u20ac<\/td><\/tr><tr><td><strong>Infraestruturas e equipamentos de ensino superior<\/strong><\/td><td>Infraestruturas de educa\u00e7\u00e3o e forma\u00e7\u00e3o<\/td><td>Privado, P\u00fablico<\/td><td>Center<\/td><td>10.000.000 \u20ac<\/td><\/tr><tr><td><strong>Reabilita\u00e7\u00e3o e regenera\u00e7\u00e3o urbanas (IT)<\/strong><\/td><td>Desenvolvimento integrado nas zonas urbanas<\/td><td>P\u00fablico<\/td><td>Center<\/td><td>45.000.000 \u20ac<\/td><\/tr><tr><td><strong>Refuncionaliza\u00e7\u00e3o de equipamentos coletivos e qualifica\u00e7\u00e3o do espa\u00e7os p\u00fablicos (IT)<\/strong><\/td><td>Desenvolvimento integrado nas zonas urbanas<\/td><td>P\u00fablico<\/td><td>Center<\/td><td>43.750.000 \u20ac<\/td><\/tr><tr><td><strong>Valoriza\u00e7\u00e3o do patrim\u00f3nio cultural (IT)<\/strong><\/td><td>Desenvolvimento integrado nas zonas urbanas<\/td><td>Privado, P\u00fablico<\/td><td>Center<\/td><td>10.000.000 \u20ac<\/td><\/tr><tr><td><strong>Programas (Inter)municipais de Promo\u00e7\u00e3o do Sucesso Escolar (PIPSE)<\/strong><\/td><td>Acesso a servi\u00e7os de qualidade<\/td><td>P\u00fablico<\/td><td>Center<\/td><td>10.000.000 \u20ac<\/td><\/tr><tr><td><strong>Funcionamento dos sistemas e estruturas de coordena\u00e7\u00e3o, gest\u00e3o e monitoriza\u00e7\u00e3o (FSE+) \u2013 2024 \u2013 ITI-CIM<\/strong><\/td><td>Technical assistance<\/td><td>P\u00fablico<\/td><td>Center<\/td><td>5.000.000 \u20ac<\/td><\/tr><tr><td><strong>Funcionamento dos sistemas e estruturas de coordena\u00e7\u00e3o, gest\u00e3o e monitoriza\u00e7\u00e3o (FSE+) 2024 \u2013 AG<\/strong><\/td><td>Technical assistance<\/td><td>P\u00fablico<\/td><td>Center<\/td><td>5.000.000 \u20ac<\/td><\/tr><tr><td><strong>Redes e capacita\u00e7\u00e3o institucional RIS3<\/strong><\/td><td>Compet\u00eancias para a especializa\u00e7\u00e3o inteligente e a transi\u00e7\u00e3o<\/td><td>P\u00fablico<\/td><td>Lisbon<\/td><td>500.000 \u20ac<\/td><\/tr><tr><td><strong>SAICT \u2013 Projetos de ICDT<\/strong><\/td><td>Promover a investiga\u00e7\u00e3o e a inova\u00e7\u00e3o<\/td><td>Privado, P\u00fablico<\/td><td>Norte, Centro, AML, Alentejo, Algarve<\/td><td>65.000.000 \u20ac<\/td><\/tr><tr><td><strong>Investiga\u00e7\u00e3o cient\u00edfica e tecnol\u00f3gica<\/strong><\/td><td>Promover a investiga\u00e7\u00e3o e a inova\u00e7\u00e3o<\/td><td>Privado, P\u00fablico<\/td><td>RAA<\/td><td>300.000 \u20ac<\/td><\/tr><tr><td><strong>I&amp;D empresarial<\/strong><\/td><td>Promover a investiga\u00e7\u00e3o e a inova\u00e7\u00e3o<\/td><td>Privado, P\u00fablico<\/td><td>RAA<\/td><td>300.000 \u20ac<\/td><\/tr><tr><td><strong>Investiga\u00e7\u00e3o cient\u00edfica e tecnol\u00f3gica<\/strong><\/td><td>Promover a investiga\u00e7\u00e3o e a inova\u00e7\u00e3o<\/td><td>Privado, P\u00fablico<\/td><td>RAA<\/td><td>4.500.000 \u20ac<\/td><\/tr><tr><td><strong>Investiga\u00e7\u00e3o cient\u00edfica e tecnol\u00f3gica<\/strong><\/td><td>Promover a investiga\u00e7\u00e3o e a inova\u00e7\u00e3o<\/td><td>Privado, P\u00fablico<\/td><td>RAA<\/td><td>260.000 \u20ac<\/td><\/tr><tr><td><strong>\u00c1reas de Acolhimento Empresarial de Base n\u00e3o Tecnol\u00f3gica<\/strong><\/td><td>Refor\u00e7ar o crescimento sustent\u00e1vel e a competitividade das PME, bem como a cria\u00e7\u00e3o de emprego nas PME, inclusive atrav\u00e9s de investimentos produtivos<\/td><td>P\u00fablico<\/td><td>Center<\/td><td>10.000.000 \u20ac<\/td><\/tr><tr><td><strong>Integra\u00e7\u00e3o e participa\u00e7\u00e3o ativa na sociedade portuguesa: Respostas de proximidade<\/strong><\/td><td>Migra\u00e7\u00e3o legal e integra\u00e7\u00e3o<\/td><td>Privado<\/td><td>Alentejo, Algarve, AML, Centro, Norte, RAA, RAM<\/td><td>550.000 \u20ac<\/td><\/tr><tr><td><strong>Investiga\u00e7\u00e3o cientifica e tecnol\u00f3gica \u2013 ERA Chair<\/strong><\/td><td>Promover a investiga\u00e7\u00e3o e a inova\u00e7\u00e3o<\/td><td>Privado, P\u00fablico<\/td><td>North<\/td><td>800.000 \u20ac<\/td><\/tr><tr><td><strong>A\u00e7\u00f5es coletivas de transfer\u00eancia do conhecimento cient\u00edfico e tecnol\u00f3gico \u2013 Teaming Biop\u00f3lis<\/strong><\/td><td>Promover a investiga\u00e7\u00e3o e a inova\u00e7\u00e3o<\/td><td>Privado, P\u00fablico<\/td><td>North<\/td><td>4.900.000 \u20ac<\/td><\/tr><tr><td><strong>Funcionamento dos sistemas e estruturas de coordena\u00e7\u00e3o, gest\u00e3o e monitoriza\u00e7\u00e3o (FSE+) \u2013 2024\/2025 \u2013 OI-EMPIS<\/strong><\/td><td>Assist\u00eancia t\u00e9cnica<\/td><td>P\u00fablico<\/td><td>Center<\/td><td>250.208 \u20ac<\/td><\/tr><tr><td><strong>SIAC-Empreendedorismo Qualificado associado ao conhecimento<\/strong><\/td><td>Promover a investiga\u00e7\u00e3o e a inova\u00e7\u00e3o<\/td><td>Privado, P\u00fablico<\/td><td>Algarve<\/td><td>1.000.000 \u20ac<\/td><\/tr><tr><td><strong>Investimentos de base territorial \u2013 Inova\u00e7\u00e3o e moderniza\u00e7\u00e3o para o aumento da produ\u00e7\u00e3o e Cria\u00e7\u00e3o de novas empresas e neg\u00f3cios<\/strong><\/td><td>Crescimento e competitividade das PMEs<\/td><td>Privado<\/td><td>Algarve<\/td><td>5.000.000 \u20ac<\/td><\/tr><tr><td><strong>Vida Ativa Emprego Qualificado<\/strong><\/td><td>Aprendizagem ao longo da vida e transi\u00e7\u00f5es profissionais<\/td><td>P\u00fablico<\/td><td>Algarve<\/td><td>1.200.000 \u20ac<\/td><\/tr><tr><td><strong>T\u00edtulos de Impacto Social<\/strong><\/td><td>Inclus\u00e3o ativa e empregabilidade<\/td><td>Privado, P\u00fablico<\/td><td>Alentejo<\/td><td>510.000 \u20ac<\/td><\/tr><tr><td><strong>Centros para o Empreendedorismo de Impacto<\/strong><\/td><td>Inclus\u00e3o ativa e empregabilidade<\/td><td>Privado, P\u00fablico<\/td><td>Alentejo<\/td><td>510.000 \u20ac<\/td><\/tr><tr><td><strong>Reinstala\u00e7\u00e3o e admiss\u00e3o por motivos humanit\u00e1rios 2023<\/strong><\/td><td>Solidariedade<\/td><td>P\u00fablico<\/td><td>Norte, Centro, AML, Alentejo, Algarve, RAA, RAM<\/td><td>3.800.000 \u20ac<\/td><\/tr><tr><td><strong>Estudos ou investiga\u00e7\u00f5es acad\u00e9micas sobre o sistema de asilo<\/strong><\/td><td>Asilo<\/td><td>Privado, P\u00fablico<\/td><td>Norte, Centro, AML, Alentejo, Algarve, RAA, RAM<\/td><td>1.000.000 \u20ac<\/td><\/tr><tr><td><strong>Cursos de l\u00edngua e cultura portuguesas<\/strong><\/td><td>Asilo<\/td><td>Privado, P\u00fablico<\/td><td>Norte, Centro, AML, Alentejo, Algarve, RAA, RAM<\/td><td>1.000.000 \u20ac<\/td><\/tr><tr><td><strong>Planos Municipais para a Integra\u00e7\u00e3o de Migrantes (PMIM)<\/strong><\/td><td>Migra\u00e7\u00e3o legal e integra\u00e7\u00e3o<\/td><td>P\u00fablico<\/td><td>Norte, Centro, AML, Alentejo, Algarve, RAA, RAM<\/td><td>3.250.000 \u20ac<\/td><\/tr><tr><td><strong>Auditoria e Controlo do Portugal 2030 \u2013 Autoridade de Auditoria (AA)<\/strong><\/td><td>Technical assistance<\/td><td>P\u00fablico<\/td><td>Norte, Centro, AML, Alentejo, Algarve, RAA, RAM<\/td><td>500.000 \u20ac<\/td><\/tr><tr><td><strong>Estudos e Avalia\u00e7\u00e3o<\/strong><\/td><td>Technical assistance<\/td><td>P\u00fablico<\/td><td>Alentejo, Algarve, AML, Centro, Norte, RAA, RAM<\/td><td>2.000.000 \u20ac<\/td><\/tr><tr><td><strong>Est\u00e1gios Profissionais<\/strong><\/td><td>Acesso ao emprego<\/td><td>P\u00fablico<\/td><td>Norte, Centro, Alentejo<\/td><td>192.950.000 \u20ac<\/td><\/tr><tr><td><strong>Centros especializados em qualifica\u00e7\u00e3o de adultos e processos de RVCC (Centros Qualifica)<\/strong><\/td><td>Aprendizagem ao longo da vida e transi\u00e7\u00f5es profissionais<\/td><td>Privado, P\u00fablico<\/td><td>Alentejo, Centro, Norte<\/td><td>85.000.000 \u20ac<\/td><\/tr><tr><td><strong>A\u00e7\u00f5es do Mercado Social de Emprego (MSE)<\/strong><\/td><td>Inclus\u00e3o ativa e empregabilidade<\/td><td>P\u00fablico<\/td><td>Norte, Centro, Alentejo<\/td><td>57.290.000 \u20ac<\/td><\/tr><tr><td><strong>Apoio ao emprego de pessoas com defici\u00eancia e ou incapacidade<\/strong><\/td><td>Inclus\u00e3o ativa e empregabilidade<\/td><td>P\u00fablico<\/td><td>Norte, Centro, Alentejo<\/td><td>7.140.000 \u20ac<\/td><\/tr><tr><td><strong>Aprendizagem de l\u00edngua portuguesa por cidad\u00e3os estrangeiros<\/strong><\/td><td>Inclus\u00e3o ativa e empregabilidade<\/td><td>Privado, P\u00fablico<\/td><td>Alentejo, Centro, Norte<\/td><td>1.600.000 \u20ac<\/td><\/tr><tr><td><strong>A\u00e7\u00f5es de sensibiliza\u00e7\u00e3o e campanhas<\/strong><\/td><td>Inclus\u00e3o ativa e empregabilidade<\/td><td>P\u00fablico<\/td><td>Norte, Centro, AML, Alentejo, Algarve<\/td><td>730.000 \u20ac<\/td><\/tr><tr><td><strong>Apoio t\u00e9cnico e financeiro a organiza\u00e7\u00f5es da sociedade civil (ONG) que atuam na \u00e1rea da igualdade e n\u00e3o discrimina\u00e7\u00e3o<\/strong><\/td><td>Acesso a servi\u00e7os de qualidade<\/td><td>Privado<\/td><td>Norte, Centro, Alentejo<\/td><td>4.000.000 \u20ac<\/td><\/tr><tr><td><strong>Cursos de Aprendizagem<\/strong><\/td><td>Acesso \u00e0 educa\u00e7\u00e3o e forma\u00e7\u00e3o<\/td><td>P\u00fablico<\/td><td>Alentejo, Centro, Norte<\/td><td>90.000.000 \u20ac<\/td><\/tr><tr><td><strong>Cursos de Educa\u00e7\u00e3o e Forma\u00e7\u00e3o de Adultos (EFA)<\/strong><\/td><td>Inclus\u00e3o ativa e empregabilidade<\/td><td>Privado, P\u00fablico<\/td><td>Norte, Centro, Alentejo<\/td><td>156.000.000 \u20ac<\/td><\/tr><tr><td><strong>Cursos de Educa\u00e7\u00e3o e Forma\u00e7\u00e3o de Adultos (EFA)<\/strong><\/td><td>Inclus\u00e3o ativa e empregabilidade<\/td><td>Privado<\/td><td>Norte, Centro, Alentejo<\/td><td>10.000.000 \u20ac<\/td><\/tr><tr><td><strong>Forma\u00e7\u00e3o cont\u00ednua de docentes, formadores e outros agentes de educa\u00e7\u00e3o e profissionais do sistema<\/strong><\/td><td>Aprendizagem ao longo da vida e transi\u00e7\u00f5es profissionais<\/td><td>Privado, P\u00fablico<\/td><td>Norte, Centro, Alentejo<\/td><td>10.000.000 \u20ac<\/td><\/tr><tr><td><strong>Capacita\u00e7\u00e3o para a inclus\u00e3o<\/strong><\/td><td>Inclus\u00e3o ativa e empregabilidade<\/td><td>Privado<\/td><td>Norte, Centro, Alentejo<\/td><td>350.000 \u20ac<\/td><\/tr><tr><td><strong>Modelo de Apoio \u00e0 Vida Independente (MAVI)<\/strong><\/td><td>Acesso a servi\u00e7os de qualidade<\/td><td>P\u00fablico<\/td><td>Norte, Centro, Alentejo<\/td><td>21.250.000 \u20ac<\/td><\/tr><tr><td><strong>Instrumentos espec\u00edficos de apoio e prote\u00e7\u00e3o \u00e0s v\u00edtimas \u2013 Tele assist\u00eancia<\/strong><\/td><td>Acesso a servi\u00e7os de qualidade<\/td><td>P\u00fablico<\/td><td>Norte, Centro, Alentejo<\/td><td>3.000.000 \u20ac<\/td><\/tr><tr><td><strong>Digitaliza\u00e7\u00e3o da Administra\u00e7\u00e3o P\u00fablica Local (IT)<\/strong><\/td><td>Promover a investiga\u00e7\u00e3o e a inova\u00e7\u00e3o<\/td><td>P\u00fablico<\/td><td>North<\/td><td>37.450.000 \u20ac<\/td><\/tr><tr><td><strong>Centros para o Empreendedorismo de Impacto<\/strong><\/td><td>Inclus\u00e3o ativa e empregabilidade<\/td><td>Privado, P\u00fablico<\/td><td>North<\/td><td>1.700.000 \u20ac<\/td><\/tr><tr><td><strong>T\u00edtulos de Impacto Social<\/strong><\/td><td>Inclus\u00e3o ativa e empregabilidade<\/td><td>Privado, P\u00fablico<\/td><td>North<\/td><td>2.975.000 \u20ac<\/td><\/tr><tr><td><strong>Infraestruturas tecnol\u00f3gicas<\/strong><\/td><td>Promover a investiga\u00e7\u00e3o e a inova\u00e7\u00e3o<\/td><td>P\u00fablico<\/td><td>RAM<\/td><td>7.500.000 \u20ac<\/td><\/tr><tr><td><strong>Infraestruturas de acolhimento empresarial<\/strong><\/td><td>Crescimento e competitividade das PME<\/td><td>P\u00fablico<\/td><td>RAM<\/td><td>3.500.000 \u20ac<\/td><\/tr><tr><td><strong>Infraestruturas tecnol\u00f3gicas<\/strong><\/td><td>Crescimento e competitividade das PME<\/td><td>P\u00fablico<\/td><td>RAM<\/td><td>7.500.000 \u20ac<\/td><\/tr><tr><td><strong>FUNCIONAMENTO 2030<\/strong><\/td><td>Crescimento e competitividade das PME<\/td><td>Privado<\/td><td>RAM<\/td><td>5.000.000 \u20ac<\/td><\/tr><tr><td><strong>Sala de Concertos<\/strong><\/td><td>Cultura e turismo sustent\u00e1veis<\/td><td>P\u00fablico<\/td><td>RAM<\/td><td>15.000.000 \u20ac<\/td><\/tr><tr><td><strong>A\u00e7\u00f5es Capacitar<\/strong><\/td><td>Aprendizagem ao longo da vida e transi\u00e7\u00f5es profissionais<\/td><td>P\u00fablico<\/td><td>RAM<\/td><td>300.000 \u20ac<\/td><\/tr><tr><td><strong>Centros Qualifica<\/strong><\/td><td>Aprendizagem ao longo da vida e transi\u00e7\u00f5es profissionais<\/td><td>P\u00fablico<\/td><td>RAM<\/td><td>250.000 \u20ac<\/td><\/tr><tr><td><strong>Cursos T\u00e9cnicos Superiores Profissionais (TeSP)<\/strong><\/td><td>Acesso \u00e0 educa\u00e7\u00e3o e forma\u00e7\u00e3o<\/td><td>Privado, P\u00fablico<\/td><td>RAM<\/td><td>2.500.000 \u20ac<\/td><\/tr><tr><td><strong>Forma\u00e7\u00e3o Avan\u00e7ada<\/strong><\/td><td>Acesso \u00e0 educa\u00e7\u00e3o e forma\u00e7\u00e3o<\/td><td>P\u00fablico<\/td><td>RAM<\/td><td>3.000.000 \u20ac<\/td><\/tr><tr><td><strong>Centros Qualifica<\/strong><\/td><td>Aprendizagem ao longo da vida e transi\u00e7\u00f5es profissionais<\/td><td>P\u00fablico<\/td><td>RAM<\/td><td>1.000.000 \u20ac<\/td><\/tr><tr><td><strong>Qualifica\u00e7\u00e3o de pessoas com defici\u00eancia e ou incapacidade<\/strong><\/td><td>Inclus\u00e3o ativa e empregabilidade<\/td><td>P\u00fablico<\/td><td>RAM<\/td><td>500.000 \u20ac<\/td><\/tr><tr><td><strong>Qualifica\u00e7\u00e3o de pessoas com defici\u00eancia e ou incapacidade<\/strong><\/td><td>Inclus\u00e3o ativa e empregabilidade<\/td><td>P\u00fablico<\/td><td>RAM<\/td><td>500.000 <\/td><\/tr><tr><td><strong>A\u00e7\u00f5es Capacitar<\/strong><\/td><td>Aprendizagem ao longo da vida e transi\u00e7\u00f5es profissionais<\/td><td>Privado, P\u00fablico<\/td><td>RAM<\/td><td>2.500.000 \u20ac<\/td><\/tr><tr><td><strong>Forma\u00e7\u00e3o da Administra\u00e7\u00e3o p\u00fablica regional e local<\/strong><\/td><td>Adapta\u00e7\u00e3o dos trabalhadores e das empresas \u00e0 mudan\u00e7a<\/td><td>P\u00fablico<\/td><td>RAM<\/td><td>1.500.000 \u20ac<\/td><\/tr><tr><td><strong>Aquisi\u00e7\u00e3o direta de g\u00e9neros alimentares<\/strong><\/td><td>Combater a priva\u00e7\u00e3o material<\/td><td>P\u00fablico<\/td><td>RAM<\/td><td>1.400.000 \u20ac<\/td><\/tr><tr><td><strong>Distribui\u00e7\u00e3o direta de g\u00e9neros alimentares<\/strong><\/td><td>Combater a priva\u00e7\u00e3o material<\/td><td>P\u00fablico<\/td><td>RAM<\/td><td>140.000 \u20ac<\/td><\/tr><tr><td><strong>Material Circulante e Linha Circular do Metro Lisboa \u2013 2.\u00aa Fase<\/strong><\/td><td>Mobilidade urbana sustent\u00e1vel<\/td><td>P\u00fablico<\/td><td>AML<\/td><td>139.000.000 \u20ac<\/td><\/tr><tr><td><strong>Prote\u00e7\u00e3o e defesa do litoral \u2013 a\u00e7\u00f5es materiais e imateriais<\/strong><\/td><td>Adapta\u00e7\u00e3o \u00e0s altera\u00e7\u00f5es clim\u00e1ticas<\/td><td>P\u00fablico<\/td><td>Norte, Centro, AML, Alentejo<\/td><td>23.300.000 \u20ac<\/td><\/tr><tr><td><strong>Rede Ferrovi\u00e1ria das \u00c1reas Metropolitana: Linha do Minho (Contumil \u2013 Ermesinde)<\/strong><\/td><td>Mobilidade urbana sustent\u00e1vel<\/td><td>P\u00fablico<\/td><td>AMP<\/td><td>39.350.000 \u20ac<\/td><\/tr><tr><td><strong> Infraestrutura ferrovi\u00e1ria (RTE) \u2013 Tro\u00e7os da Linha Norte, Linha do Sul, Linha de Leix\u00f5es, Linha Alentejo e Programa de Supress\u00e3o de PN<\/strong><\/td><td>Rede trans europeia de transportes<\/td><td>P\u00fablico<\/td><td>Norte, Centro, AML, Alentejo, Algarve,<\/td><td>230.700.000 \u20ac<\/td><\/tr><tr><td><strong>Infraestrutura Portu\u00e1ria (RTE) \u2013 Porto da Figueira da Foz-1.\u00ba Aviso<\/strong><\/td><td>Rede trans europeia de transportes<\/td><td>P\u00fablico<\/td><td>Center<\/td><td>9.500.000 \u20ac<\/td><\/tr><tr><td><strong>Aquisi\u00e7\u00e3o de equipamentos nas Infraestruturas portu\u00e1rias da RAA<\/strong><\/td><td>Rede trans europeia de transportes<\/td><td>P\u00fablico<\/td><td>RAA<\/td><td>7.200.000 \u20ac<\/td><\/tr><tr><td><strong>SI&amp;IDE \u2013 Projetos de N\u00facleos de I&amp;D \u2013 Individuais<\/strong><\/td><td>Promover a investiga\u00e7\u00e3o e a inova\u00e7\u00e3o<\/td><td>Privado<\/td><td>Center<\/td><td>2.000.000 \u20ac<\/td><\/tr><tr><td><strong>Ciclo Urbano da \u00c1gua em Alta<\/strong><\/td><td>Gest\u00e3o sustent\u00e1vel da \u00e1gua<\/td><td>P\u00fablico<\/td><td>Center<\/td><td>30.000.000 \u20ac<\/td><\/tr><tr><td><strong>Gest\u00e3o de res\u00edduos: Subinvestimentos em alta<\/strong><\/td><td>Economia circular<\/td><td>P\u00fablico<\/td><td>Center<\/td><td>34.000.000 \u20ac<\/td><\/tr><tr><td><strong>Infraestruturas hospitalares<\/strong><\/td><td>Garantir a igualdade de acesso aos cuidados de sa\u00fade, fomentar a resili\u00eancia dos sistemas de sa\u00fade, inclusive dos cuidados de sa\u00fade prim\u00e1rios, e promover a transi\u00e7\u00e3o dos cuidados institucionais para os cuidados centrados na fam\u00edlia e de proximidade<\/td><td>Privado, P\u00fablico<\/td><td>Center<\/td><td>20.000.000 \u20ac<\/td><\/tr><tr><td><strong>Equipamentos hospitalares<\/strong><\/td><td>Garantir a igualdade de acesso aos cuidados de sa\u00fade, fomentar a resili\u00eancia dos sistemas de sa\u00fade, inclusive dos cuidados de sa\u00fade prim\u00e1rios, e promover a transi\u00e7\u00e3o dos cuidados institucionais para os cuidados centrados na fam\u00edlia e de proximidade<\/td><td>Privado, P\u00fablico<\/td><td>Center<\/td><td>15.000.000 \u20ac<\/td><\/tr><tr><td><strong>Digitaliza\u00e7\u00e3o na Administra\u00e7\u00e3o P\u00fablica Local<\/strong><\/td><td>Colher os benef\u00edcios da digitaliza\u00e7\u00e3o<\/td><td>P\u00fablico<\/td><td>Center<\/td><td>20.000.000 \u20ac<\/td><\/tr><tr><td><strong>Patrim\u00f3nio cultural<\/strong><\/td><td>Cultura e turismo sustent\u00e1veis<\/td><td>Privado, P\u00fablico<\/td><td>Center<\/td><td>5.000.000 \u20ac<\/td><\/tr><tr><td><strong>T\u00edtulos de Impacto Social<\/strong><\/td><td>Inclus\u00e3o ativa e empregabilidade<\/td><td>Privado, P\u00fablico<\/td><td>Center<\/td><td>1.955.000 \u20ac<\/td><\/tr><tr><td><strong>Centros para o Empreendedorismo de Impacto<\/strong><\/td><td>Inclus\u00e3o ativa e empregabilidade<\/td><td>Privado, P\u00fablico<\/td><td>Center<\/td><td>1.700.000 \u20ac<\/td><\/tr><tr><td><strong>Infraestruturas cient\u00edficas e tecnol\u00f3gicas<\/strong><\/td><td>Promover a investiga\u00e7\u00e3o e a inova\u00e7\u00e3o<\/td><td>Privado, P\u00fablico<\/td><td>Lisbon<\/td><td>10.000.000 \u20ac<\/td><\/tr><tr><td><strong>T\u00edtulos de Impacto Social<\/strong><\/td><td>Inclus\u00e3o ativa e empregabilidade<\/td><td>Privado, P\u00fablico<\/td><td>AML<\/td><td>300.000 \u20ac<\/td><\/tr><tr><td><strong>Efici\u00eancia Energ\u00e9tica para Edif\u00edcios da Administra\u00e7\u00e3o Local<\/strong><\/td><td>Efici\u00eancia energ\u00e9tica<\/td><td>P\u00fablico<\/td><td>Lisbon<\/td><td>3.500.000 \u20ac<\/td><\/tr><tr><td><strong>Prote\u00e7\u00e3o civil e gest\u00e3o integrada de riscos<\/strong><\/td><td>Adapta\u00e7\u00e3o \u00e0s altera\u00e7\u00f5es clim\u00e1ticas<\/td><td>P\u00fablico<\/td><td>Lisbon<\/td><td>2.000.000 \u20ac<\/td><\/tr><tr><td><strong>Adapta\u00e7\u00e3o \u00e0s Altera\u00e7\u00f5es Clim\u00e1ticas<\/strong><\/td><td>Adapta\u00e7\u00e3o \u00e0s Altera\u00e7\u00f5es Clim\u00e1ticas<\/td><td>P\u00fablico<\/td><td>Lisbon<\/td><td>12.500.000 \u20ac<\/td><\/tr><tr><td><strong>Mobilidade Sustent\u00e1vel<\/strong><\/td><td>Mobilidade urbana sustent\u00e1vel<\/td><td>P\u00fablico<\/td><td>Lisbon<\/td><td>36.600.000 \u20ac<\/td><\/tr><tr><td><strong>Contrata\u00e7\u00e3o de Recursos Humanos Altamente Qualificados por empresas (micro, pequenas e m\u00e9dias)<\/strong><\/td><td>Adapta\u00e7\u00e3o dos trabalhadores e das empresas \u00e0 mudan\u00e7a<\/td><td>Privado<\/td><td>AML<\/td><td>700.000 \u20ac<\/td><\/tr><tr><td><strong>Forma\u00e7\u00f5es Modulares Certificadas<\/strong><\/td><td>Aprendizagem ao longo da vida e transi\u00e7\u00f5es profissionais<\/td><td>Privado, P\u00fablico<\/td><td>AML<\/td><td>1.200.000 \u20ac<\/td><\/tr><tr><td><strong>Centros para o empreendedorismo de impacto<\/strong><\/td><td>Inclus\u00e3o ativa e empregabilidade<\/td><td>Privado<\/td><td>AML<\/td><td>750.000 \u20ac<\/td><\/tr><tr><td><strong>Reabilita\u00e7\u00e3o e regenera\u00e7\u00e3o urbanas (IT)<\/strong><\/td><td>Desenvolvimento integrado nas zonas urbanas<\/td><td>P\u00fablico<\/td><td>Lisbon<\/td><td>12.000.000 \u20ac<\/td><\/tr><tr><td><strong>SICE \u2013 Inova\u00e7\u00e3o Produtiva \u2013 Baixa Densidade e Outro Territ\u00f3rios<\/strong><\/td><td>Crescimento e competitividade das PMEs<\/td><td>Privado<\/td><td>Norte, Centro, AML, Alentejo, Algarve<\/td><td>313.000.000 \u20ac<\/td><\/tr><tr><td><strong>SAICT \u2013 Prote\u00e7\u00e3o da Propriedade Intelectual e Industrial (cont\u00ednuo\/fases)<\/strong><\/td><td>Promover a investiga\u00e7\u00e3o e a inova\u00e7\u00e3o<\/td><td>Privado, P\u00fablico<\/td><td>Norte, Centro, AML, Alentejo, Algarve<\/td><td>5.500.000 \u20ac<\/td><\/tr><tr><td><strong>SIAC \u2013 Digitaliza\u00e7\u00e3o \u2013 pr\u00e9-qualifica\u00e7\u00e3o<\/strong><\/td><td>Colher os benef\u00edcios da digitaliza\u00e7\u00e3o<\/td><td>Privado, P\u00fablico<\/td><td>Norte, Centro, Alentejo<\/td><td>0 \u20ac<\/td><\/tr><tr><td><strong>SIID \u2013 Prote\u00e7\u00e3o da propriedade intelectual e industrial (cont\u00ednuo\/fases)<\/strong><\/td><td>Promover a investiga\u00e7\u00e3o e a inova\u00e7\u00e3o<\/td><td>Privado<\/td><td>Norte, Centro, AML, Alentejo, Algarve<\/td><td>6.125.000 \u20ac<\/td><\/tr><tr><td><strong>Investiga\u00e7\u00e3o cient\u00edfica e tecnol\u00f3gica<\/strong><\/td><td>Promover a investiga\u00e7\u00e3o e a inova\u00e7\u00e3o<\/td><td>Privado, P\u00fablico<\/td><td>RAA<\/td><td>600.000 \u20ac<\/td><\/tr><tr><td><strong>I&amp;D empresarial<\/strong><\/td><td>Promover a investiga\u00e7\u00e3o e a inova\u00e7\u00e3o<\/td><td>Privado, P\u00fablico<\/td><td>RAA<\/td><td>300.000 \u20ac<\/td><\/tr><tr><td><strong>Promo\u00e7\u00e3o da Efici\u00eancia Energ\u00e9tica<\/strong><\/td><td>Efici\u00eancia energ\u00e9tica<\/td><td>Privado<\/td><td>RAA<\/td><td>2.600.000 \u20ac<\/td><\/tr><tr><td><strong>Prote\u00e7\u00e3o e defesa do litoral<\/strong><\/td><td>Adapta\u00e7\u00e3o \u00e0s altera\u00e7\u00f5es clim\u00e1ticas<\/td><td>P\u00fablico<\/td><td>RAA<\/td><td>13.000.000 \u20ac<\/td><\/tr><tr><td><strong>Gest\u00e3o de Recursos H\u00eddricos<\/strong><\/td><td>Adapta\u00e7\u00e3o \u00e0s altera\u00e7\u00f5es clim\u00e1ticas<\/td><td>P\u00fablico<\/td><td>RAA<\/td><td>2.000.000 \u20ac<\/td><\/tr><tr><td><strong>Gest\u00e3o de res\u00edduos: Subinvestimentos em alta<\/strong><\/td><td>Economia Circular<\/td><td>P\u00fablico<\/td><td>RAA<\/td><td>5.800.000 \u20ac<\/td><\/tr><tr><td><strong>Cria\u00e7\u00e3o de ciclovias e Infraestruturas de mobilidade suave<\/strong><\/td><td>Mobilidade urbana sustent\u00e1vel<\/td><td>P\u00fablico<\/td><td>RAA<\/td><td>3.000.000 \u20ac<\/td><\/tr><tr><td><strong>Respostas sociais de proximidade<\/strong><\/td><td>Acesso aos cuidados de sa\u00fade<\/td><td>P\u00fablico<\/td><td>RAA<\/td><td>5.000.000 \u20ac<\/td><\/tr><tr><td><strong>Sa\u00fade \u2013 Cuidados Sa\u00fade Prim\u00e1rios<\/strong><\/td><td>Acesso aos cuidados de sa\u00fade<\/td><td>P\u00fablico<\/td><td>RAA<\/td><td>1.900.000 \u20ac<\/td><\/tr><tr><td><strong>Sa\u00fade \u2013 Hospitais<\/strong><\/td><td>Acesso aos cuidados de sa\u00fade<\/td><td>P\u00fablico<\/td><td>RAA<\/td><td>13.260.000 \u20ac<\/td><\/tr><tr><td><strong>Forma\u00e7\u00e3o Avan\u00e7ada (Bolsas doutoramento)<\/strong><\/td><td>Acesso \u00e0 educa\u00e7\u00e3o e forma\u00e7\u00e3o<\/td><td>P\u00fablico<\/td><td>RAA<\/td><td>1.275.000 \u20ac<\/td><\/tr><tr><td><strong>Combate \u00e0 priva\u00e7\u00e3o material<\/strong><\/td><td>Combater a priva\u00e7\u00e3o material<\/td><td>P\u00fablico<\/td><td>RAA<\/td><td>2.550.000 \u20ac<\/td><\/tr><tr><td><strong>SACCCT \u2013 Investiga\u00e7\u00e3o cient\u00edfica e tecnol\u00f3gica- Projetos de IC&amp;DT<\/strong><\/td><td>Promover a investiga\u00e7\u00e3o e a inova\u00e7\u00e3o<\/td><td>Privado, P\u00fablico<\/td><td>Algarve<\/td><td>2.000.000 \u20ac<\/td><\/tr><tr><td><strong>Redes e capacita\u00e7\u00e3o institucional RIS3 \u2013 Cadeias de valor e redes colaborativas<\/strong><\/td><td>Compet\u00eancias para a especializa\u00e7\u00e3o inteligente e a transi\u00e7\u00e3o<\/td><td>Privado, P\u00fablico<\/td><td>Algarve<\/td><td>2.000.000 \u20ac<\/td><\/tr><tr><td><strong>Redes e capacita\u00e7\u00e3o institucional RIS3 \u2013 Plataformas de inova\u00e7\u00e3o, governa\u00e7\u00e3o e internacionaliza\u00e7\u00e3o<\/strong><\/td><td>Compet\u00eancias para a especializa\u00e7\u00e3o inteligente e a transi\u00e7\u00e3o<\/td><td>Privado, P\u00fablico<\/td><td>Algarve<\/td><td>1.000.000 \u20ac<\/td><\/tr><tr><td><strong>Sistema de incentivos Investimento Produtivo Verde<\/strong><\/td><td>Efici\u00eancia energ\u00e9tica<\/td><td>Privado<\/td><td>Algarve<\/td><td>1.000.000 \u20ac<\/td><\/tr><tr><td><strong>Sistema de incentivos Economia circular<\/strong><\/td><td>Economia circular<\/td><td>Privado<\/td><td>Algarve<\/td><td>1.000.000 \u20ac<\/td><\/tr><tr><td><strong>Contrata\u00e7\u00e3o de Recursos Humanos Altamente Qualificados em infraestruturas cient\u00edficas, institui\u00e7\u00f5es cient\u00edficas e tecnol\u00f3gicas e Laborat\u00f3rios Colaborativos<\/strong><\/td><td>Adapta\u00e7\u00e3o dos trabalhadores e das empresas \u00e0 mudan\u00e7a<\/td><td>Privado, P\u00fablico<\/td><td>AML<\/td><td>1.800.000 \u20ac<\/td><\/tr><tr><td><strong>Reabilita\u00e7\u00e3o e regenera\u00e7\u00e3o urbanas (Parcerias para a Coes\u00e3o urbanas)<\/strong><\/td><td>Promover o desenvolvimento social, econ\u00f3mico e ambiental integrado e inclusivo, a cultura, o patrim\u00f3nio natural, o turismo sustent\u00e1vel e a seguran\u00e7a nas zonas urbanas<\/td><td>Privado, P\u00fablico<\/td><td>Lisbon<\/td><td>6.800.000 \u20ac<\/td><\/tr><tr><td><strong>Parcerias para a Inova\u00e7\u00e3o Social<\/strong><\/td><td>Inclus\u00e3o ativa e empregabilidade<\/td><td>Privado<\/td><td>AML<\/td><td>1.300.000 \u20ac<\/td><\/tr><tr><td><strong>Programas (inter)municipais de promo\u00e7\u00e3o do sucesso escolar<\/strong><\/td><td>Acesso a servi\u00e7os de qualidade<\/td><td>P\u00fablico<\/td><td>Algarve<\/td><td>2.400.000 \u20ac<\/td><\/tr><tr><td><strong>Investimento Empresarial Produtivo para uma Transi\u00e7\u00e3o Justa<\/strong><\/td><td>Fundo para uma Transi\u00e7\u00e3o Justa<\/td><td>Privado<\/td><td>Alentejo<\/td><td>10.000.000 \u20ac<\/td><\/tr><tr><td><strong>Contrata\u00e7\u00e3o de Recursos Humanos Altamente Qualificados por empresas (micro, pequenas e m\u00e9dias)<\/strong><\/td><td>Adapta\u00e7\u00e3o dos trabalhadores e das empresas \u00e0 mudan\u00e7a<\/td><td>Privado<\/td><td>Algarve<\/td><td>1.200.000 \u20ac<\/td><\/tr><tr><td><strong>Contrata\u00e7\u00e3o de Recursos Humanos Altamente Qualificados por infraestruturas cient\u00edficas, institui\u00e7\u00f5es cient\u00edficas e tecnol\u00f3gicas e Laborat\u00f3rios Colaborativos<\/strong><\/td><td>Adapta\u00e7\u00e3o dos trabalhadores e das empresas \u00e0 mudan\u00e7a<\/td><td>Privado, P\u00fablico<\/td><td>Algarve<\/td><td>2.400.000 \u20ac<\/td><\/tr><tr><td><strong>Centros especializados de qualifica\u00e7\u00e3o de adultos e processos RVCC (Centros Qualifica)<\/strong><\/td><td>Aprendizagem ao longo da vida e transi\u00e7\u00f5es profissionais<\/td><td>P\u00fablico<\/td><td>Algarve<\/td><td>1.440.000 \u20ac<\/td><\/tr><tr><td><strong>Est\u00e1gios Profissionais<\/strong><\/td><td>Acesso ao emprego<\/td><td>P\u00fablico<\/td><td>Algarve<\/td><td>3.600.000 \u20ac<\/td><\/tr><tr><td><strong>Contrata\u00e7\u00e3o de Recursos Humanos Altamente Qualificados por empresas (micro, pequenas e m\u00e9dias) \u2013 Territ\u00f3rios de baixa densidade<\/strong><\/td><td>Adapta\u00e7\u00e3o dos trabalhadores e das empresas \u00e0 mudan\u00e7a<\/td><td>Privado<\/td><td>Algarve<\/td><td>204.000 \u20ac<\/td><\/tr><tr><td><strong>Centros para o empreendedorismo de impacto<\/strong><\/td><td>Inclus\u00e3o ativa e empregabilidade<p class=\"MsoNormal\" style=\"margin-bottom:0cm;text-align:justify\"><\/p><\/td><td>Privado<\/td><td>Algarve<\/td><td>300.000 \u20ac<\/td><\/tr><tr><td><strong>T\u00edtulos de Impacto Social<\/strong><\/td><td>Inclus\u00e3o ativa e empregabilidade<\/td><td>Privado<\/td><td>Algarve<\/td><td>240.000 \u20ac<\/td><\/tr><tr><td><strong>Investiga\u00e7\u00e3o cient\u00edfica e desenvolvimento tecnol\u00f3gico \u2013 Projetos de ICDT<\/strong><\/td><td>Promover a investiga\u00e7\u00e3o e a inova\u00e7\u00e3o<\/td><td>Privado, P\u00fablico<\/td><td>Alentejo<\/td><td>3.000.000 \u20ac<\/td><\/tr><tr><td><strong>SIAC \u2013 Descarboniza\u00e7\u00e3o \u2013 pr\u00e9-qualifica\u00e7\u00e3o<\/strong><\/td><td>Efici\u00eancia energ\u00e9tica<\/td><td>Privado, P\u00fablico<\/td><td>Norte, Centro, Alentejo<\/td><td>0\u20ac<\/td><\/tr><tr><td><strong>SIAC \u2013 Transfer\u00eancia do conhecimento cient\u00edfico e tecnol\u00f3gico \u2013 pr\u00e9-qualifica\u00e7\u00e3o<\/strong><\/td><td>Promover a investiga\u00e7\u00e3o e a inova\u00e7\u00e3o<\/td><td>Privado, P\u00fablico<\/td><td>Norte, Centro, Alentejo<\/td><td>0\u20ac<\/td><\/tr><tr><td><strong>SIRHQ \u2013 Forma\u00e7\u00e3o A\u00e7\u00e3o<\/strong><\/td><td>Adapta\u00e7\u00e3o dos trabalhadores e das empresas \u00e0 mudan\u00e7a<\/td><td>Privado<\/td><td>Norte, Centro, Alentejo, Algarve<\/td><td>61.200.000 \u20ac<\/td><\/tr><tr><td><strong>Apoio ao Empreendedorismo (FTJ)<\/strong><\/td><td>Fundo para uma Transi\u00e7\u00e3o Justa<\/td><td>P\u00fablico<\/td><td>Alentejo<\/td><td>2.000.000 \u20ac<\/td><\/tr><tr><td><strong>Efici\u00eancia energ\u00e9tica na administra\u00e7\u00e3o local (IT)<\/strong><\/td><td>Efici\u00eancia energ\u00e9tica<\/td><td>P\u00fablico<\/td><td>North<\/td><td>85.000.000 \u20ac<\/td><\/tr><tr><td><strong>Meios materiais para a prote\u00e7\u00e3o civil (IT)<\/strong><\/td><td>Adapta\u00e7\u00e3o \u00e0s altera\u00e7\u00f5es clim\u00e1ticas<\/td><td>P\u00fablico<\/td><td>North<\/td><td>35.000.000 \u20ac<\/td><\/tr><tr><td><strong>Ciclo urbano da \u00e1gua em baixa (IT)<\/strong><\/td><td>Gest\u00e3o sustent\u00e1vel da \u00e1gua<\/td><td>P\u00fablico<\/td><td>North<\/td><td>184.500.000 \u20ac<\/td><\/tr><tr><td><strong>Investimentos em baixa na gest\u00e3o de res\u00edduos (IT)<\/strong><\/td><td>Economia circular<\/td><td>P\u00fablico<\/td><td>North<\/td><td>67.000.000 \u20ac<\/td><\/tr><tr><td><strong>Sistema de Incentivos no \u00e2mbito da Economia circular<\/strong><\/td><td>Economia circular<\/td><td>Privado<\/td><td>North<\/td><td>9.000.000 \u20ac<\/td><\/tr><tr><td><strong>Conserva\u00e7\u00e3o da natureza, biodiversidade e patrim\u00f3nio natural \u2013 \u00c1reas Protegidas<\/strong><\/td><td>Prote\u00e7\u00e3o da natureza e biodiversidade<\/td><td>P\u00fablico<\/td><td>North<\/td><td>15.000.000 \u20ac<\/td><\/tr><tr><td><strong>Mobilidade sustent\u00e1vel (IT)<\/strong><\/td><td>Mobilidade urbana sustent\u00e1vel<\/td><td>P\u00fablico<\/td><td>North<\/td><td>31.000.000 \u20ac<\/td><\/tr><tr><td><strong>Programas (inter)municipais de promo\u00e7\u00e3o do sucesso escolar<\/strong><\/td><td>Acesso a servi\u00e7os de qualidade<\/td><td>P\u00fablico<\/td><td>North<\/td><td>50.000.000 \u20ac<\/td><\/tr><tr><td><strong>Apoio a unidades m\u00f3veis ou balc\u00f5es de inclus\u00e3o<\/strong><\/td><td>Acesso a servi\u00e7os de qualidade<\/td><td>P\u00fablico<\/td><td>North<\/td><td>5.000.000 \u20ac<\/td><\/tr><tr><td><strong>Infraestruturas e equipamentos de ensino superior \u2013 Iniciativas \u00c2ncora Regionais<\/strong><\/td><td>Infraestruturas de educa\u00e7\u00e3o e forma\u00e7\u00e3o<\/td><td>Privado, P\u00fablico<\/td><td>North<\/td><td>10.500.000 \u20ac<\/td><\/tr><tr><td><strong>Hospitais \u2013 Iniciativas \u00c2ncora Regionais<\/strong><\/td><td>Acesso aos cuidados de sa\u00fade<\/td><td>Privado, P\u00fablico<\/td><td>North<\/td><td>19.590.000 \u20ac<\/td><\/tr><tr><td><strong>Cultura \u2013 Iniciativas \u00c2ncora Regionais<\/strong><\/td><td>Cultura e turismo sustent\u00e1veis<\/td><td>Privado, P\u00fablico<\/td><td>North<\/td><td>27.000.000 \u20ac<\/td><\/tr><tr><td><strong>Produtos tur\u00edsticos \u2013 Iniciativas \u00c2ncora Regionais<\/strong><\/td><td>Cultura e turismo sustent\u00e1veis<\/td><td>Privado, P\u00fablico<\/td><td>North<\/td><td>3.000.000 \u20ac<\/td><\/tr><tr><td><strong>Apoios \u00e0 contrata\u00e7\u00e3o<\/strong><\/td><td>Acesso ao emprego<\/td><td>P\u00fablico<\/td><td>RAM<\/td><td>2.810.000 \u20ac<\/td><\/tr><tr><td><strong>Est\u00e1gios profissionais na Administra\u00e7\u00e3o P\u00fablica\/Europa \u2013 JOVENS<\/strong><\/td><td>Acesso ao emprego<\/td><td>P\u00fablico<\/td><td>RAM<\/td><td>5.850.000 \u20ac<\/td><\/tr><tr><td><strong>Est\u00e1gios profissionais e REATIVAR \u2013 Entidades privadas<\/strong><\/td><td>Acesso ao emprego<\/td><td>P\u00fablico<\/td><td>RAM<\/td><td>2.010.000 \u20ac<\/td><\/tr><tr><td><strong>Est\u00e1gios profissionais e Experi\u00eancias profissionais \u2013 Entidades privadas \u2013 JOVENS<\/strong><\/td><td>Acesso ao emprego<\/td><td>P\u00fablico<\/td><td>RAM<\/td><td>2.170.000 \u20ac<\/td><\/tr><tr><td><strong>Forma\u00e7\u00e3o e Emprego<\/strong><\/td><td>Acesso ao emprego<\/td><td>P\u00fablico<\/td><td>RAM<\/td><td>350.000 \u20ac<\/td><\/tr><tr><td><strong>Forma\u00e7\u00e3o e Emprego \u2013 JOVENS<\/strong><\/td><td>Acesso ao emprego<\/td><td>P\u00fablico<\/td><td>RAM<\/td><td>350.000 \u20ac<\/td><\/tr><tr><td><strong>Estruturas de apoio ao emprego e empreendedorismo<\/strong><\/td><td>Acesso ao emprego<\/td><td>P\u00fablico<\/td><td>RAM<\/td><td>880.000 \u20ac<\/td><\/tr><tr><td><strong>Programas Ocupacionais<\/strong><\/td><td>Acesso ao emprego<\/td><td>P\u00fablico<\/td><td>RAM<\/td><td>9.110.000 \u20ac<\/td><\/tr><tr><td><strong>SI Empreendedorismo Qualificado Associado ao Conhecimento<\/strong><\/td><td>Promover a investiga\u00e7\u00e3o e a inova\u00e7\u00e3o<\/td><td>Privado<\/td><td>Center<\/td><td>5.000.000 \u20ac<\/td><\/tr><tr><td><strong>A\u00e7\u00f5es Coletivas \u201cInternacionaliza\u00e7\u00e3o\u201d \u2013 Individuais e Co promo\u00e7\u00e3o<\/strong><\/td><td>Crescimento e competitividade das PME<\/td><td>Privado, P\u00fablico<\/td><td>Center<\/td><td>3.000.000 \u20ac<\/td><\/tr><tr><td><strong>Forma\u00e7\u00e3o cont\u00ednua de docentes, formadores e outros agentes de educa\u00e7\u00e3o profissionais do sistema<\/strong><\/td><td>Aprendizagem ao longo da vida e transi\u00e7\u00f5es profissionais<\/td><td>P\u00fablico<\/td><td>Algarve<\/td><td>600.000 \u20ac<\/td><\/tr><tr><td><strong>Empreendedorismo Qualificado associado ao conhecimento \u2013 Cria\u00e7\u00e3o de novas empresas e novos neg\u00f3cios (SI)<\/strong><\/td><td>Promover a investiga\u00e7\u00e3o e a inova\u00e7\u00e3o<\/td><td>Privado<\/td><td>Alentejo<\/td><td>2.000.000 \u20ac<\/td><\/tr><tr><td><strong>Economia circular \u2013 I&amp;D Empresas para a circularidade, Investimento Produtivo para a circularidade e I&amp;D&amp;I para a circularidade (SI)<\/strong><\/td><td>Economia circular<\/td><td>Privado, P\u00fablico<\/td><td>Alentejo<\/td><td>2.000.000 \u20ac<\/td><\/tr><tr><td><strong>Inclus\u00e3o pela cultura<\/strong><\/td><td>Inclus\u00e3o ativa e empregabilidade<\/td><td>Privado, P\u00fablico<\/td><td>Algarve<\/td><td>504.000 \u20ac<\/td><\/tr><tr><td><strong>Apoio ao emprego e empreendedorismo<\/strong><\/td><td>Acesso ao emprego<\/td><td>Privado<\/td><td>Alentejo<\/td><td>3.000.000 \u20ac<\/td><\/tr><tr><td><strong>Inclus\u00e3o pela Cultura<\/strong><\/td><td>Inclus\u00e3o ativa e empregabilidade<\/td><td>Privado, P\u00fablico<\/td><td>Alentejo<\/td><td>4.000.000 \u20ac<\/td><\/tr><tr><td><strong>Capacita\u00e7\u00e3o para a Inova\u00e7\u00e3o Social<\/strong><\/td><td>Inclus\u00e3o ativa e empregabilidade<\/td><td>Privado<\/td><td>Alentejo<\/td><td>255.000 \u20ac<\/td><\/tr><tr><td><strong>Parcerias para a Inova\u00e7\u00e3o Social<\/strong><\/td><td>Inclus\u00e3o ativa e empregabilidade<\/td><td>Privado, P\u00fablico<\/td><td>Alentejo<\/td><td>1.275.000 \u20ac<\/td><\/tr><tr><td><strong>CRIEE \u2013 Cria\u00e7\u00e3o de Empresas e Emprego<\/strong><\/td><td>Acesso ao emprego<\/td><td>P\u00fablico<\/td><td>RAM<\/td><td>880.000 \u20ac<\/td><\/tr><tr><td><strong>eJovem \u2013 Cria\u00e7\u00e3o de Empresas e Emprego<\/strong><\/td><td>Acesso ao emprego<\/td><td>P\u00fablico<\/td><td>RAM<\/td><td>60.000 \u20ac<\/td><\/tr><tr><td><strong>Apoios \u00e0 contrata\u00e7\u00e3o \u2013 JOVENS<\/strong><\/td><td>Acesso ao emprego<\/td><td>P\u00fablico<\/td><td>RAM<\/td><td>1.330.000 \u20ac<\/td><\/tr><tr><td><strong>Est\u00e1gios profissionais na Administra\u00e7\u00e3o P\u00fablica\/Europa<\/strong><\/td><td>Acesso ao emprego<\/td><td>P\u00fablico<\/td><td>RAM<\/td><td>590.000 \u20ac<\/td><\/tr><tr><td><strong>Est\u00edmulo \u00e0 Vida Ativa<\/strong><\/td><td>Inclus\u00e3o ativa e empregabilidade<\/td><td>P\u00fablico<\/td><td>RAM<\/td><td>60.000 \u20ac<\/td><\/tr><tr><td><strong>Empresas de Inser\u00e7\u00e3o<\/strong><\/td><td>Inclus\u00e3o ativa e empregabilidade<\/td><td>P\u00fablico<\/td><td>RAM<\/td><td>100.000 \u20ac<\/td><\/tr><tr><td><strong>100 Diferen\u00e7as<\/strong><\/td><td>Inclus\u00e3o ativa e empregabilidade<\/td><td>P\u00fablico<\/td><td>RAM<\/td><td>530.000 \u20ac<\/td><\/tr><tr><td><strong>Parcerias para a Inova\u00e7\u00e3o Social<\/strong><\/td><td>Inclus\u00e3o ativa e empregabilidade<\/td><td>Privado, P\u00fablico<\/td><td>Center<\/td><td>9.350.000 \u20ac<\/td><\/tr><tr><td><strong>Capacita\u00e7\u00e3o para a Inova\u00e7\u00e3o Social<\/strong><\/td><td>Inclus\u00e3o ativa e empregabilidade<\/td><td>Privado<\/td><td>Center<\/td><td>1.275.000 \u20ac<\/td><\/tr><tr><td><strong>Forma\u00e7\u00e3o Modular\/Ativos<\/strong><\/td><td>Aprendizagem ao longo da vida e transi\u00e7\u00f5es profissionais<\/td><td>Privado, P\u00fablico<\/td><td>RAA<\/td><td>850.000 \u20ac<\/td><\/tr><tr><td><strong>Parcerias para a Inova\u00e7\u00e3o Social<\/strong><\/td><td>Inclus\u00e3o ativa e empregabilidade<\/td><td>Privado<\/td><td>Algarve<\/td><td>1.500.000 \u20ac<\/td><\/tr><tr><td><strong>Forma\u00e7\u00f5es Modulares Certificadas<\/strong><\/td><td>Aprendizagem ao longo da vida e transi\u00e7\u00f5es profissionais<\/td><td>Privado, P\u00fablico<\/td><td>Algarve<\/td><td>1.200.000 \u20ac<\/td><\/tr><tr><td><strong>Capacita\u00e7\u00e3o para a Inova\u00e7\u00e3o Social<\/strong><\/td><td>Inclus\u00e3o ativa e empregabilidade<\/td><td>Privado<\/td><td>Algarve<\/td><td>150.000 \u20ac<\/td><\/tr><tr><td><strong>Cursos Profissionais \u2013 Entidades Privadas<\/strong><\/td><td>Acesso \u00e0 educa\u00e7\u00e3o e forma\u00e7\u00e3o<\/td><td>Privado<\/td><td>RAM<\/td><td>8.000.000 \u20ac<\/td><\/tr><tr><td><strong>Cursos Profissionais \u2013 Entidades P\u00fablicas<\/strong><\/td><td>Acesso \u00e0 educa\u00e7\u00e3o e forma\u00e7\u00e3o<\/td><td>P\u00fablico<\/td><td>RAM<\/td><td>4.000.000 \u20ac<\/td><\/tr><tr><td><strong>Cursos T\u00e9cnicos Superiores Profissionais (TeSP)<\/strong><\/td><td>Acesso \u00e0 educa\u00e7\u00e3o e forma\u00e7\u00e3o<\/td><td>Privado, P\u00fablico<\/td><td>RAM<\/td><td>2.500.000 \u20ac<\/td><\/tr><tr><td><strong>SIID \u2013 I&amp;D&amp;I Empresarial (Co promo\u00e7\u00e3o)<\/strong><\/td><td>Promover a investiga\u00e7\u00e3o e a inova\u00e7\u00e3o<\/td><td>Privado, P\u00fablico<\/td><td>Norte, Centro, AML, Alentejo, Algarve<\/td><td>106.000.000 \u20ac<\/td><\/tr><tr><td><strong>A\u00e7\u00f5es Coletivas \u2013 Promo\u00e7\u00e3o do esp\u00edrito empresarial e ecossistema de empreendedorismo<\/strong><\/td><td>Promover a investiga\u00e7\u00e3o e a inova\u00e7\u00e3o<\/td><td>Privado, P\u00fablico<\/td><td>Alentejo<\/td><td>1.000.000 \u20ac<\/td><\/tr><tr><td><strong>Digitaliza\u00e7\u00e3o para a efici\u00eancia de servi\u00e7os aos cidad\u00e3os e empresas<\/strong><\/td><td>Colher os benef\u00edcios da digitaliza\u00e7\u00e3o<\/td><td>P\u00fablico<\/td><td>Alentejo<\/td><td>1.000.000 \u20ac<\/td><\/tr><tr><td><strong>Infraestruturas e equipamentos tecnol\u00f3gicos<\/strong><\/td><td>Desenvolver e refor\u00e7ar as capacidades de investiga\u00e7\u00e3o e inova\u00e7\u00e3o e a ado\u00e7\u00e3o de tecnologias avan\u00e7adas<\/td><td>Privado, P\u00fablico<\/td><td>Alentejo<\/td><td>5.000.000 \u20ac<\/td><\/tr><tr><td><strong>SIAC \u2013 Internacionaliza\u00e7\u00e3o<\/strong><\/td><td>Crescimento e competitividade das PME<\/td><td>Privado, P\u00fablico<\/td><td>Norte, Centro, Alentejo<\/td><td>10.000.000 \u20ac<\/td><\/tr><tr><td><strong>SIAC \u2013 Qualifica\u00e7\u00e3o<\/strong><\/td><td>Crescimento e competitividade das PME<\/td><td>Privado, P\u00fablico<\/td><td>Norte, Centro, Alentejo<\/td><td>3.500.000 \u20ac<\/td><\/tr><tr><td><strong>STARTUP VOUCHER<\/strong><\/td><td>Adapta\u00e7\u00e3o dos trabalhadores e das empresas \u00e0 mudan\u00e7a<\/td><td>P\u00fablico<\/td><td>Norte, Centro, Alentejo<\/td><td>5.000.000 \u20ac<\/td><\/tr><tr><td><strong>Promo\u00e7\u00e3o da sa\u00fade mental \u2013 capacita\u00e7\u00e3o de profissionais e volunt\u00e1rios<\/strong><\/td><td>Asilo<\/td><td>Privado, P\u00fablico<\/td><td>Norte, Centro, AML, Alentejo, Algarve, RAA, RAM<\/td><td>500.000 \u20ac<\/td><\/tr><tr><td><strong>Interven\u00e7\u00e3o comunit\u00e1ria para autonomiza\u00e7\u00e3o supervisionada de MENA<\/strong><\/td><td>Asilo<\/td><td>Privado, P\u00fablico<\/td><td>Norte, Centro, AML, Alentejo, Algarve, RAA, RAM<\/td><td>400.000 \u20ac<\/td><\/tr><tr><td><strong>Migra\u00e7\u00e3o laboral<\/strong><\/td><td>Migra\u00e7\u00e3o legal e integra\u00e7\u00e3o<\/td><td>Privado, P\u00fablico<\/td><td>Norte, Centro, AML, Alentejo, Algarve, RAA, RAM<\/td><td>750.000 \u20ac<\/td><\/tr><tr><td><strong>Condi\u00e7\u00f5es de trabalho de nacionais de pa\u00edses terceiros<\/strong><\/td><td>Voltar<\/td><td>P\u00fablico<\/td><td>Norte, Centro, AML, Alentejo, Algarve, RAA, RAM<\/td><td>287.500 \u20ac<\/td><\/tr><tr><td><strong>Desenvolvimento Sustent\u00e1vel da Aquicultura no Dom\u00ednio dos Investimentos Produtivos<\/strong><\/td><td>Atividades de aquicultura sustent\u00e1vel<p class=\"MsoNormal\" style=\"margin-bottom:0cm;text-align:justify\"><\/p><\/td><td>Privado, P\u00fablico<\/td><td>Norte, Centro, AML, Alentejo, Algarve, RAA, RAM<\/td><td>11.750.000 \u20ac<\/td><\/tr><tr><td><strong>Apoio a Servi\u00e7os de gest\u00e3o e aconselhamento \u00e0s explora\u00e7\u00f5es aqu\u00edcolas e aumento do potencial dos s\u00edtios aqu\u00edcolas<\/strong><\/td><td>Atividades de aquicultura sustent\u00e1vel<\/td><td>P\u00fablico<\/td><td>Norte, Centro, AML, Alentejo, Algarve<\/td><td>1.995.000 \u20ac<\/td><\/tr><tr><td><strong>Transforma\u00e7\u00e3o de Produtos da Pesca e da Aquicultura no Dom\u00ednio dos Investimentos Produtivos<\/strong><\/td><td>Comercializa\u00e7\u00e3o e transforma\u00e7\u00e3o &#8211; Pesca e Aquicultura<\/td><td>Privado, P\u00fablico<\/td><td>Norte, Centro, AML, Alentejo, Algarve<\/td><td>13.357.500 \u20ac<\/td><\/tr><tr><td><strong>Atribui\u00e7\u00e3o de um montante financeiro associado ao cart\u00e3o eletr\u00f3nico para a aquisi\u00e7\u00e3o de g\u00e9neros alimentares e ou de bens de primeira necessidade e defini\u00e7\u00e3o das condi\u00e7\u00f5es para a sua utiliza\u00e7\u00e3o<\/strong><p class=\"MsoNormal\" style=\"margin-bottom:0cm;text-align:justify\"><\/p><\/td><td>Combater a priva\u00e7\u00e3o material<\/td><td>P\u00fablico<\/td><td>Norte, Centro, AML, Alentejo, Algarve<\/td><td>48.600.000 \u20ac<\/td><\/tr><tr><td><strong>Estruturas Locais de Apoio ao Emprego<\/strong><\/td><td>Acesso ao emprego<\/td><td>P\u00fablico<\/td><td>Norte, Centro, Alentejo<\/td><td>4.000.000 \u20ac<\/td><\/tr><tr><td><strong>Promo\u00e7\u00e3o da igualdade de g\u00e9nero no trabalho, de combate \u00e0 segrega\u00e7\u00e3o profissional e de mitiga\u00e7\u00e3o do gap salarial de g\u00e9nero<\/strong><\/td><td>Participa\u00e7\u00e3o equilibrada de homens e mulheres no mercado de trabalho<\/td><td>P\u00fablico<\/td><td>Norte, Centro, Alentejo<\/td><td>1.000.000 \u20ac<\/td><\/tr><tr><td><strong>Sistema de antecipa\u00e7\u00e3o e adequa\u00e7\u00e3o de compet\u00eancias para o emprego<\/strong><\/td><td>Aprendizagem ao longo da vida e transi\u00e7\u00f5es profissionais<\/td><td>P\u00fablico<\/td><td>Norte, Centro, Alentejo<\/td><td>2.000.000 \u20ac<\/td><\/tr><tr><td><strong>Est\u00e1gios na Iniciativa ALMA<\/strong><\/td><td>Inclus\u00e3o ativa e empregabilidade<\/td><td>P\u00fablico<\/td><td>Norte, Centro, Alentejo<\/td><td>2.000.000 \u20ac<\/td><\/tr><tr><td><strong>Qualifica\u00e7\u00e3o de pessoas com defici\u00eancia e ou incapacidade<\/strong><\/td><td>Inclus\u00e3o ativa e empregabilidade<\/td><td>Privado, P\u00fablico<\/td><td>Norte, Centro, Alentejo<\/td><td>68.000.000 \u20ac<\/td><\/tr><tr><td><strong>A\u00e7\u00f5es coletivas de internacionaliza\u00e7\u00e3o \u2013 Promo\u00e7\u00e3o Tur\u00edstica Regional<\/strong><\/td><td>Crescimento e competitividade das PME<\/td><td>Privado, P\u00fablico<\/td><td>North<\/td><td>3.500.000 \u20ac<\/td><\/tr><tr><td><strong>A\u00e7\u00f5es coletivas de Qualifica\u00e7\u00e3o, Promo\u00e7\u00e3o e Desenvolvimento Econ\u00f3mico Regional<\/strong><\/td><td>Crescimento e competitividade das PME<\/td><td>Privado, P\u00fablico<\/td><td>North<\/td><td>1.000.000 \u20ac<\/td><\/tr><tr><td><strong>A\u00e7\u00f5es coletivas de qualifica\u00e7\u00e3o e inova\u00e7\u00e3o de base local NUTS III<\/strong><\/td><td>Crescimento e competitividade das PME<\/td><td>Privado, P\u00fablico<\/td><td>North<\/td><td>1.650.000 \u20ac<\/td><\/tr><tr><td><strong>Sistema de Incentivos de base territorial (IT)<\/strong><\/td><td>Crescimento e competitividade das PME<\/td><td>Privado, P\u00fablico<\/td><td>North<\/td><td>16.500.000 \u20ac<\/td><\/tr><tr><td><strong>Sistema de Incentivos de base territorial \u2013 Prioridades Regionais (NUT II)<\/strong><\/td><td>Crescimento e competitividade das PME<\/td><td>Privado, P\u00fablico<\/td><td>North<\/td><td>5.500.000 \u20ac<\/td><\/tr><tr><td><strong>Viveiros de empresas (IT)<\/strong><\/td><td>Crescimento e competitividade das PME<\/td><td>Privado, P\u00fablico<\/td><td>North<\/td><td>1.500.000 \u20ac<\/td><\/tr><tr><td><strong>Especializa\u00e7\u00e3o inteligente, redes e capacita\u00e7\u00e3o institucional NUT II<\/strong><\/td><td>Compet\u00eancias para a especializa\u00e7\u00e3o inteligente e a transi\u00e7\u00e3o<\/td><td>P\u00fablico<\/td><td>North<\/td><td>1.000.000 \u20ac<\/td><\/tr><tr><td><strong>Apoio ao emprego e ao empreendedorismo (IT)<\/strong><\/td><td>Acesso ao emprego<\/td><td>Privado<\/td><td>North<\/td><td>13.144.000 \u20ac<\/td><\/tr><tr><td><strong>Compet\u00eancias e qualifica\u00e7\u00f5es na administra\u00e7\u00e3o local (IT)<\/strong><\/td><td>Adapta\u00e7\u00e3o dos trabalhadores e das empresas \u00e0 mudan\u00e7a<\/td><td>Privado, P\u00fablico<\/td><td>North<\/td><td>4.000.000 \u20ac<\/td><\/tr><tr><td><strong>Compet\u00eancias e qualifica\u00e7\u00f5es na administra\u00e7\u00e3o regional NUTS II<\/strong><\/td><td>Adapta\u00e7\u00e3o dos trabalhadores e das empresas \u00e0 mudan\u00e7a<\/td><td>Privado, P\u00fablico<\/td><td>North<\/td><td>10.000.000 \u20ac<\/td><\/tr><tr><td><strong>Planos de A\u00e7\u00e3o (Inter)Municipais para a Inclus\u00e3o Ativa de Grupos Vulner\u00e1veis<\/strong><\/td><td>Inclus\u00e3o ativa e empregabilidade<\/td><td>Privado, P\u00fablico<\/td><td>North<\/td><td>40.000.000 \u20ac<\/td><\/tr><tr><td><strong>Extens\u00e3o da Rede do Metro e BRT (ISMAI \u2013 Paradela e Drag\u00e3o \u2013 Souto) e Material circulante<\/strong><\/td><td>Mobilidade urbana sustent\u00e1vel<\/td><td>P\u00fablico<\/td><td>AMP<\/td><td>259.000.000 \u20ac<\/td><\/tr><tr><td><strong>Prote\u00e7\u00e3o e defesa do litoral \u2013 a\u00e7\u00f5es materiais e imateriais<\/strong><\/td><td>Adapta\u00e7\u00e3o \u00e0s altera\u00e7\u00f5es clim\u00e1ticas<\/td><td>P\u00fablico<\/td><td>Norte, Centro, AML, Alentejo, Algarve,<\/td><td>12.350.000 \u20ac<\/td><\/tr><tr><td><strong>Acompanhamento e gest\u00e3o de riscos em encostas \u2013 2.\u00aa Fase<\/strong><\/td><td>Adapta\u00e7\u00e3o \u00e0s altera\u00e7\u00f5es clim\u00e1ticas<\/td><td>P\u00fablico<\/td><td>RAM<\/td><td>450.000 \u20ac<\/td><\/tr><tr><td><strong>Rede Ferrovi\u00e1ria das \u00c1reas Metropolitanas: SMM e Linha de Cascais (2.\u00aa Fase)<\/strong><\/td><td>Mobilidade urbana sustent\u00e1vel<\/td><td>P\u00fablico<\/td><td>Centro, AML<\/td><td>59.000.000 \u20ac<\/td><\/tr><tr><td><strong>Infraestrutura ferrovi\u00e1ria (RTE) \u2013 Tro\u00e7os da Linha Norte e Programa de sinaliza\u00e7\u00e3o e implementa\u00e7\u00e3o do ERMTS<\/strong><\/td><td>Rede trans europeia de transportes<\/td><td>P\u00fablico<\/td><td>Norte, Centro, AML, Alentejo, Algarve,<\/td><td>145.880.000 \u20ac<\/td><\/tr><tr><td><strong>Infraestrutura Portu\u00e1ria (RTE) \u2013 Porto de Lisboa-2.\u00ba Aviso<\/strong><\/td><td>Rede trans europeia de transportes<\/td><td>P\u00fablico<\/td><td>AML<\/td><td>12.800.000 \u20ac<\/td><\/tr><tr><td><strong>Infraestrutura Portu\u00e1ria (RTE) \u2013 Porto de Leix\u00f5es-2.\u00ba Aviso<\/strong><\/td><td>Rede trans europeia de transportes<\/td><td>P\u00fablico<\/td><td>North<\/td><td>14.800.000 \u20ac<\/td><\/tr><tr><td><strong>Amplia\u00e7\u00e3o de infraestruturas e\/ou moderniza\u00e7\u00e3o dos equipamentos aeroportu\u00e1rios na Regi\u00e3o Aut\u00f3noma dos A\u00e7ores \u2013 2\u00ba Aviso<\/strong><\/td><td>Rede trans europeia de transportes<\/td><td>P\u00fablico<\/td><td>RAA<\/td><td>18.850.000 \u20ac<\/td><\/tr><tr><td><strong>Gest\u00e3o de Res\u00edduos Urbanos \u2013 a\u00e7\u00f5es imateriais<\/strong><\/td><td>Economia circular<\/td><td>P\u00fablico<\/td><td>Norte, Centro, AML, Alentejo, Algarve, RAA, RAM<\/td><td>3.000.000 \u20ac<\/td><\/tr><tr><td><strong>Gest\u00e3o de res\u00edduos: Subinvestimentos em baixa \u2013 ITI CIM<\/strong><\/td><td>Economia circular<\/td><td>P\u00fablico<\/td><td>Center<\/td><td>25.000.000 \u20ac<\/td><\/tr><tr><td><strong>Forma\u00e7\u00e3o para a Administra\u00e7\u00e3o Local<\/strong><\/td><td>Adapta\u00e7\u00e3o dos trabalhadores e das empresas \u00e0 mudan\u00e7a<\/td><td>P\u00fablico<\/td><td>Center<\/td><td>2.000.000 \u20ac<\/td><\/tr><tr><td><strong>Cursos T\u00e9cnicos Superiores Profissionais (TeSP) Entidades P\u00fablicas \u2013 Ciclo Letivo 24\/26<\/strong><\/td><td>Acesso \u00e0 educa\u00e7\u00e3o e forma\u00e7\u00e3o<\/td><td>P\u00fablico<\/td><td>Center<\/td><td>7.500.000 \u20ac<\/td><\/tr><tr><td><strong>Empreendedorismo qualificado associado ao conhecimento<\/strong><\/td><td>Promover a investiga\u00e7\u00e3o e a inova\u00e7\u00e3o<\/td><td>Privado<\/td><td>Lisbon<\/td><td>3.000.000 \u20ac<\/td><\/tr><tr><td><strong>A\u00e7\u00f5es coletivas -Transfer\u00eancia do conhecimento cient\u00edfico e tecnol\u00f3gico<\/strong><\/td><td>Promover a investiga\u00e7\u00e3o e a inova\u00e7\u00e3o<\/td><td><p class=\"MsoNormal\" style=\"margin-bottom:0cm;text-align:justify\">Privado, P\u00fablico<\/p><\/td><td>Lisbon<\/td><td>1.000.000 \u20ac<\/td><\/tr><tr><td><strong>A\u00e7\u00f5es coletivas \u2013 Qualifica\u00e7\u00e3o das empresas<\/strong><\/td><td>Crescimento e competitividade das PME<\/td><td><p class=\"MsoNormal\" style=\"margin-bottom:0cm;text-align:justify\">Privado, P\u00fablico<\/p><\/td><td>Lisbon<\/td><td>1.000.000 \u20ac<\/td><\/tr><tr><td><strong>A\u00e7\u00f5es coletivas \u2013 Internacionaliza\u00e7\u00e3o das empresas<\/strong><\/td><td>Crescimento e competitividade das PME<\/td><td><p class=\"MsoNormal\" style=\"margin-bottom:0cm;text-align:justify\">Privado, P\u00fablico<\/p><\/td><td>Lisbon<\/td><td>1.000.000 \u20ac<\/td><\/tr><tr><td><strong>Conserva\u00e7\u00e3o da natureza, biodiversidade e patrim\u00f3nio natural<\/strong><\/td><td>Prote\u00e7\u00e3o da natureza e biodiversidade<\/td><td><p class=\"MsoNormal\" style=\"margin-bottom:0cm;text-align:justify\">P\u00fablico<\/p><\/td><td>Lisbon<\/td><td>15.000.000 \u20ac<\/td><\/tr><tr><td><strong>SICE \u2013 Internacionaliza\u00e7\u00e3o das PME \u2013 Opera\u00e7\u00f5es Individuais<\/strong><\/td><td>Crescimento e competitividade das PME<\/td><td><p class=\"MsoNormal\" style=\"margin-bottom:0cm;text-align:justify\">Privado<\/p><\/td><td>Norte, Centro, AML, Alentejo, Algarve<\/td><td>18.000.000 \u20ac<\/td><\/tr><tr><td><strong>SIID \u2013 Internacionaliza\u00e7\u00e3o da I&amp;D (Apoio \u00e0 prepara\u00e7\u00e3o da submiss\u00e3o candidaturas)<\/strong><\/td><td>Promover a investiga\u00e7\u00e3o e a inova\u00e7\u00e3o<\/td><td><p class=\"MsoNormal\" style=\"margin-bottom:0cm;text-align:justify\">Privado<\/p><\/td><td>Norte, Centro, AML, Alentejo, Algarve<\/td><td>5.125.000 \u20ac<\/td><\/tr><tr><td><strong>SICE \u2013 Qualifica\u00e7\u00e3o das PME \u2013 Opera\u00e7\u00f5es em conjunto<\/strong><\/td><td>Crescimento e competitividade das PME<\/td><td>Privado, P\u00fablico<\/td><td>Norte, Centro, Alentejo<\/td><td>20.000.000 \u20ac<\/td><\/tr><tr><td><strong>I&amp;D empresarial<\/strong><\/td><td>Promover a investiga\u00e7\u00e3o e a inova\u00e7\u00e3o<\/td><td>Privado, P\u00fablico<\/td><td>RAA<\/td><td>2.500.000 \u20ac<\/td><\/tr><tr><td><strong>Est\u00e1gios Profissionais<\/strong><\/td><td>Acesso ao emprego<\/td><td>P\u00fablico<\/td><td>RAA<\/td><td>13.600.000 \u20ac<\/td><\/tr><tr><td><strong>A\u00e7\u00f5es no \u00e2mbito do Plano de A\u00e7\u00e3o para o Envelhecimento Ativo e Saud\u00e1vel<\/strong><\/td><td>Acesso a servi\u00e7os de qualidade<\/td><td>Privado, P\u00fablico<\/td><td>Norte, Centro, Alentejo<\/td><td>8.000.000 \u20ac<\/td><\/tr><tr><td><strong>Apoio financeiro e t\u00e9cnico a organiza\u00e7\u00f5es da sociedade civil de popula\u00e7\u00f5es imigrantes, refugiadas e popula\u00e7\u00e3o ciganas<\/strong><\/td><td>Inclus\u00e3o ativa e empregabilidade<\/td><td>Privado<\/td><td>Norte, Centro, Alentejo<\/td><td>650.000 \u20ac<\/td><\/tr><tr><td><strong>Qualifica\u00e7\u00e3o do sistema de promo\u00e7\u00e3o e prote\u00e7\u00e3o de crian\u00e7as e jovens em perigo e promo\u00e7\u00e3o da desinstitucionaliza\u00e7\u00e3o<\/strong><\/td><td>Acesso a servi\u00e7os de qualidade<\/td><td>P\u00fablico<\/td><td>Norte, Centro, Alentejo<\/td><td>1.150.000 \u20ac<\/td><\/tr><tr><td><strong>Distribui\u00e7\u00e3o indireta de g\u00e9neros alimentares e ou de bens de primeira necessidade atrav\u00e9s da atribui\u00e7\u00e3o de cart\u00f5es eletr\u00f3nicos para a sua aquisi\u00e7\u00e3o nos estabelecimentos comerciais aderentes<\/strong><\/td><td>Combater a priva\u00e7\u00e3o material<\/td><td>Privado, P\u00fablico<\/td><td>Norte, Centro, AML, Alentejo, Algarve<\/td><td>6.804.000 \u20ac<\/td><\/tr><tr><td><strong>Efici\u00eancia Energ\u00e9tica na Administra\u00e7\u00e3o Local \u2013 ITI CIM<\/strong><\/td><td>Efici\u00eancia energ\u00e9tica<\/td><td>P\u00fablico<\/td><td>Center<\/td><td>60.000.000 \u20ac<\/td><\/tr><tr><td><strong>Gest\u00e3o de Recursos H\u00eddricos<\/strong><\/td><td>Adapta\u00e7\u00e3o \u00e0s altera\u00e7\u00f5es clim\u00e1ticas<\/td><td>P\u00fablico<\/td><td>Center<\/td><td>50.000.000 \u20ac<\/td><\/tr><tr><td><strong>A\u00e7\u00f5es Coletivas \u2013 Transfer\u00eancia do conhecimento cient\u00edfico e tecnol\u00f3gico<\/strong><\/td><td>Promover a investiga\u00e7\u00e3o e a inova\u00e7\u00e3o<\/td><td>Privado, P\u00fablico<\/td><td>Alentejo<\/td><td>2.000.000 \u20ac<\/td><\/tr><tr><td><strong>Forma\u00e7\u00e3o empresarial conjunta (forma\u00e7\u00e3o a\u00e7\u00e3o)<\/strong><\/td><td>Adapta\u00e7\u00e3o dos trabalhadores e das empresas \u00e0 mudan\u00e7a<\/td><td>Privado, P\u00fablico<\/td><td>Algarve<\/td><td>1.200.000 \u20ac<\/td><\/tr><tr><td><strong>Forma\u00e7\u00e3o da Administra\u00e7\u00e3o p\u00fablica regional e local<\/strong><\/td><td>Adapta\u00e7\u00e3o dos trabalhadores e das empresas \u00e0 mudan\u00e7a<\/td><td>P\u00fablico<\/td><td>Algarve<\/td><td>1.200.000 \u20ac<\/td><\/tr><tr><td><strong>Infraestruturas e equipamentos de ensino superior \u2013 Edif\u00edcio Digital e P\u00f3lo do Barlavento<\/strong><\/td><td>Melhorar o acesso equitativo a servi\u00e7os inclusivos e de qualidade na educa\u00e7\u00e3o<\/td><td>P\u00fablico<\/td><td>Algarve<\/td><td>6.000.000 \u20ac<\/td><\/tr><tr><td><strong>Infraestruturas e equipamentos TeSP<\/strong><\/td><td>Melhorar o acesso equitativo a servi\u00e7os inclusivos e de qualidade na educa\u00e7\u00e3o<\/td><td>P\u00fablico<\/td><td>Algarve<\/td><td>3.000.000 \u20ac<\/td><\/tr><tr><td><strong>Infraestruturas hospitalares \u2013 Centro Oncol\u00f3gico de Refer\u00eancia do Sul<\/strong><\/td><td>Garantir a igualdade de acesso aos cuidados de sa\u00fade<\/td><td>P\u00fablico<\/td><td>Algarve<\/td><td>8.000.000 \u20ac<\/td><\/tr><tr><td><strong>Efici\u00eancia energ\u00e9tica na administra\u00e7\u00e3o regional<\/strong><\/td><td>Efici\u00eancia energ\u00e9tica<\/td><td>P\u00fablico<\/td><td>North<\/td><td>5.340.000 \u20ac<\/td><\/tr><tr><td><strong>Autoconsumo e comunidades de energia renov\u00e1vel (IT)<\/strong><\/td><td>Energia renov\u00e1vel<\/td><td>Privado, P\u00fablico<\/td><td>North<\/td><td>7.950.000 \u20ac<\/td><\/tr><tr><td><strong>Meios materiais para a prote\u00e7\u00e3o civil (NUTS II)<\/strong><\/td><td>Adapta\u00e7\u00e3o \u00e0s altera\u00e7\u00f5es clim\u00e1ticas<\/td><td>Privado, P\u00fablico<\/td><td>North<\/td><td>3.000.000 \u20ac<\/td><\/tr><tr><td><strong>Gest\u00e3o de recursos h\u00eddricos \u2013 Contratos de Rio<\/strong><\/td><td>Adapta\u00e7\u00e3o \u00e0s altera\u00e7\u00f5es clim\u00e1ticas<\/td><td>Privado, P\u00fablico<\/td><td>North<\/td><td>21.600.000 \u20ac<\/td><\/tr><tr><td><p class=\"MsoNormal\" style=\"margin-bottom:0cm;text-align:justify\"><span style=\"font-family: inherit; font-size: inherit; font-weight: inherit; color: initial;\"><strong>Ciclo urbano da \u00e1gua em alta<\/strong><\/span><\/p><\/td><td>Gest\u00e3o sustent\u00e1vel da \u00e1gua<\/td><td>Privado, P\u00fablico<\/td><td>North<\/td><td>13.500.000 \u20ac<\/td><\/tr><tr><td><strong>Investimentos em alta na gest\u00e3o de res\u00edduos<\/strong><\/td><td>Economia circular<\/td><td>Privado, P\u00fablico<\/td><td>North<\/td><td>16.500.000 \u20ac<\/td><\/tr><tr><td><strong>Infraestruturas e equipamentos cient\u00edficos + RNIIE<\/strong><\/td><td>Promover a investiga\u00e7\u00e3o e a inova\u00e7\u00e3o<\/td><td>Privado, P\u00fablico<\/td><td>North<\/td><td>15.000.000 \u20ac<\/td><\/tr><tr><td><strong>A\u00e7\u00f5es coletivas de transfer\u00eancia de conhecimento e tecnologia<\/strong><\/td><td>Promover a investiga\u00e7\u00e3o e a inova\u00e7\u00e3o<\/td><td>Privado, P\u00fablico<\/td><td>North<\/td><td>7.500.000 \u20ac<\/td><\/tr><tr><td><strong>A\u00e7\u00f5es coletivas de empreendedorismo associados ao conhecimento<\/strong><\/td><td>Promover a investiga\u00e7\u00e3o e a inova\u00e7\u00e3o<\/td><td>Privado, P\u00fablico<\/td><td>North<\/td><td>3.000.000 \u20ac<\/td><\/tr><tr><td><strong>Investimento em infraestruturas tecnol\u00f3gicas<\/strong><\/td><td>Promover a investiga\u00e7\u00e3o e a inova\u00e7\u00e3o<\/td><td>Privado, P\u00fablico<\/td><td>North<\/td><td>15.000.000 \u20ac<\/td><\/tr><tr><td><strong>SI Empreendedorismo<\/strong><\/td><td>Promover a investiga\u00e7\u00e3o e a inova\u00e7\u00e3o<\/td><td>Privado<\/td><td>North<\/td><td>3.000.000 \u20ac<\/td><\/tr><tr><td><strong>SACCCT \u2013 Programas Integrados de IC&amp;DT (individual e em Co promo\u00e7\u00e3o)<\/strong><\/td><td>Promover a investiga\u00e7\u00e3o e a inova\u00e7\u00e3o<\/td><td>Privado, P\u00fablico<\/td><td>Center<\/td><td>12.000.000 \u20ac<\/td><\/tr><tr><td><strong>SACCCT \u2013 Projetos de Provas de Conceito (individual e em Co promo\u00e7\u00e3o)<\/strong><\/td><td>Promover a investiga\u00e7\u00e3o e a inova\u00e7\u00e3o<\/td><td>Privado, P\u00fablico<\/td><td>Center<\/td><td>2.000.000 \u20ac<\/td><\/tr><tr><td><strong>SIID \u2013 I&amp;D Empresarial \u2013 Demonstradores Individuais<\/strong><\/td><td>Promover a investiga\u00e7\u00e3o e a inova\u00e7\u00e3o<\/td><td>Privado<\/td><td>Center<\/td><td>9.000.000 \u20ac<\/td><\/tr><tr><td><strong>SIID \u2013 I&amp;D Empresarial \u2013 Demonstradores em Co promo\u00e7\u00e3o<\/strong><\/td><td>Promover a investiga\u00e7\u00e3o e a inova\u00e7\u00e3o<\/td><td>Privado, P\u00fablico<\/td><td>Norte, Centro, AML, Alentejo, Algarve<\/td><td>10.000.000 \u20ac<\/td><\/tr><tr><td><strong>Cursos de Especializa\u00e7\u00e3o Tecnol\u00f3gica (CET)<\/strong><\/td><td>Acesso \u00e0 educa\u00e7\u00e3o e forma\u00e7\u00e3o<\/td><td>Privado, P\u00fablico<\/td><td>RAA<\/td><td>850.000 \u20ac<\/td><\/tr><tr><td><strong>Cursos Profissionais<\/strong><\/td><td>Acesso \u00e0 educa\u00e7\u00e3o e forma\u00e7\u00e3o<\/td><td>P\u00fablico<\/td><td>RAA<\/td><td>12.750.000 \u20ac<\/td><\/tr><tr><td><strong>Cursos Reativar<\/strong><\/td><td>Aprendizagem ao longo da vida e transi\u00e7\u00f5es profissionais<\/td><td>Privado, P\u00fablico<\/td><td>RAA<\/td><td>2.550.000 \u20ac<\/td><\/tr><tr><td><strong>\u00c1reas de Acolhimento Empresarial<\/strong><\/td><td>Crescimento e competitividade das PMEs<\/td><td>Privado, P\u00fablico<\/td><td>Algarve<\/td><td>5.000.000 \u20ac<\/td><\/tr><tr><td><strong>Infraestruturas Cient\u00edficas inseridas no Roteiro Nacional de Infraestruturas de Investiga\u00e7\u00e3o de Interesse Estrat\u00e9gico<\/strong><\/td><td>Promover a investiga\u00e7\u00e3o e a inova\u00e7\u00e3o<\/td><td>Privado, P\u00fablico<\/td><td>Alentejo<\/td><td>1.000.000 \u20ac<\/td><\/tr><tr><td><strong>Ciclo Urbano da \u00c1gua em Baixa \u2013 ITI CIM<\/strong><\/td><td>Gest\u00e3o sustent\u00e1vel da \u00e1gua<\/td><td>P\u00fablico<\/td><td>Center<\/td><td>50.000.000 \u20ac<\/td><\/tr><tr><td><strong>Apoio \u00e0 Cria\u00e7\u00e3o de Emprego em Micro e Pequenas Empresas \u2013 ITI CIM<\/strong><\/td><td>Acesso ao emprego<\/td><td>Privado<\/td><td>Center<\/td><td>15.000.000 \u20ac<\/td><\/tr><tr><td><strong>SI Empreendedorismo Qualificado Associado ao Conhecimento<\/strong><\/td><td>Promover a investiga\u00e7\u00e3o e a inova\u00e7\u00e3o<\/td><td>Privado<\/td><td>Algarve<\/td><td>1.000.000 \u20ac<\/td><\/tr><tr><td><strong>SIAC \u2013 Digitaliza\u00e7\u00e3o<\/strong><\/td><td>Colher os benef\u00edcios da digitaliza\u00e7\u00e3o<\/td><td>Privado, P\u00fablico<\/td><td>Norte, Centro, Alentejo<\/td><td>10.000.000 \u20ac<\/td><\/tr><tr><td><strong>SIAC \u2013 Descarboniza\u00e7\u00e3o<\/strong><\/td><td><p class=\"MsoNormal\" style=\"margin-bottom:0cm;text-align:justify\"><span style=\"font-family: inherit; font-size: inherit; font-weight: inherit; color: initial;\">Efici\u00eancia energ\u00e9tica<\/span><\/p><\/td><td>Privado, P\u00fablico<\/td><td>Norte, Centro, Alentejo<\/td><td>10.000.000 \u20ac<\/td><\/tr><tr><td><strong>SIAC \u2013 Transfer\u00eancia do conhecimento cient\u00edfico e tecnol\u00f3gico<\/strong><\/td><td>Promover a investiga\u00e7\u00e3o e a inova\u00e7\u00e3o<\/td><td>Privado, P\u00fablico<\/td><td>Norte, Centro, Alentejo<\/td><td>10.000.000 \u20ac<\/td><\/tr><tr><td><strong>SIRHQ \u2013 Forma\u00e7\u00e3o Empresarial \u2013 Opera\u00e7\u00f5es individuais<\/strong><\/td><td>Adapta\u00e7\u00e3o dos trabalhadores e das empresas \u00e0 mudan\u00e7a<\/td><td>Privado<\/td><td>Norte, Centro, Alentejo<\/td><td>10.000.000 \u20ac<\/td><\/tr><tr><td><strong>INOVCONTACTO<\/strong><\/td><td>Adapta\u00e7\u00e3o dos trabalhadores e das empresas \u00e0 mudan\u00e7a<\/td><td>P\u00fablico<\/td><td>Norte, Centro, Alentejo<\/td><td>4.500.000 \u20ac<\/td><\/tr><tr><td><strong>Reutiliza\u00e7\u00e3o, resili\u00eancia, moderniza\u00e7\u00e3o e descarboniza\u00e7\u00e3o do ciclo urbano da \u00e1gua<\/strong><\/td><td>Gest\u00e3o sustent\u00e1vel da \u00e1gua<\/td><td>Privado, P\u00fablico<\/td><td>North<\/td><td>8.070.000 \u20ac<\/td><\/tr><\/tbody><\/table><\/figure>","protected":false},"excerpt":{"rendered":"<p>O Plano Anual de Avisos Portugal 2030 (PT2030) foi publicado dia 28 de setembro 2023. No plano anual de avisos PT2030 foram publicados 412 avisos programados para os pr\u00f3ximos 12 meses, avisos que contam com 6.180.856.839\u20ac para apoiar os projetos aprovados neste quadro comunit\u00e1rio. A partir de agora \u00e9 poss\u00edvel os cidad\u00e3os e empresas conhecerem [&hellip;]<\/p>","protected":false},"author":2,"featured_media":22757,"comment_status":"closed","ping_status":"open","sticky":false,"template":"","format":"standard","meta":{"_acf_changed":false,"footnotes":""},"categories":[809,8,19,1,21,519,7],"tags":[],"class_list":["post-22756","post","type-post","status-publish","format-standard","has-post-thumbnail","hentry","category-destaque","category-empreendedorismo","category-guias-reward-consulting","category-noticias","category-portugal2030","category-rubricas","category-sistemas-de-incentivos"],"acf":[],"_links":{"self":[{"href":"https:\/\/reward.pt\/en\/wp-json\/wp\/v2\/posts\/22756","targetHints":{"allow":["GET"]}}],"collection":[{"href":"https:\/\/reward.pt\/en\/wp-json\/wp\/v2\/posts"}],"about":[{"href":"https:\/\/reward.pt\/en\/wp-json\/wp\/v2\/types\/post"}],"author":[{"embeddable":true,"href":"https:\/\/reward.pt\/en\/wp-json\/wp\/v2\/users\/2"}],"replies":[{"embeddable":true,"href":"https:\/\/reward.pt\/en\/wp-json\/wp\/v2\/comments?post=22756"}],"version-history":[{"count":2,"href":"https:\/\/reward.pt\/en\/wp-json\/wp\/v2\/posts\/22756\/revisions"}],"predecessor-version":[{"id":22759,"href":"https:\/\/reward.pt\/en\/wp-json\/wp\/v2\/posts\/22756\/revisions\/22759"}],"wp:featuredmedia":[{"embeddable":true,"href":"https:\/\/reward.pt\/en\/wp-json\/wp\/v2\/media\/22757"}],"wp:attachment":[{"href":"https:\/\/reward.pt\/en\/wp-json\/wp\/v2\/media?parent=22756"}],"wp:term":[{"taxonomy":"category","embeddable":true,"href":"https:\/\/reward.pt\/en\/wp-json\/wp\/v2\/categories?post=22756"},{"taxonomy":"post_tag","embeddable":true,"href":"https:\/\/reward.pt\/en\/wp-json\/wp\/v2\/tags?post=22756"}],"curies":[{"name":"wp","href":"https:\/\/api.w.org\/{rel}","templated":true}]}}