{"id":22860,"date":"2023-10-31T17:45:56","date_gmt":"2023-10-31T17:45:56","guid":{"rendered":"https:\/\/reward.pt\/?p=22860"},"modified":"2023-10-31T17:46:00","modified_gmt":"2023-10-31T17:46:00","slug":"portaria-n-o-238-b-2023-introduz-segunda-alteracao-no-regulamento-de-inovacao-e-transicao-digital","status":"publish","type":"post","link":"https:\/\/reward.pt\/en\/portaria-n-o-238-b-2023-introduz-segunda-alteracao-no-regulamento-de-inovacao-e-transicao-digital\/","title":{"rendered":"Portaria n.\u00ba 238-B\/2023 introduz segunda altera\u00e7\u00e3o no regulamento de \u201cInova\u00e7\u00e3o e Transi\u00e7\u00e3o Digital\u201d"},"content":{"rendered":"<p>A Portaria n.\u00ba <a href=\"https:\/\/diariodarepublica.pt\/dr\/detalhe\/portaria\/328-b-2023-223573621\" target=\"_blank\" rel=\"noopener\">328-B\/2023<\/a> introduz a segunda altera\u00e7\u00e3o ao regulamento espec\u00edfico da \u00e1rea tem\u00e1tica Inova\u00e7\u00e3o e Transi\u00e7\u00e3o Digital (Compete 2030), no contexto dos Sistemas de Incentivos do Portugal 2030.<\/p>\n\n\n\n<p>Este marco legal tem como principal objetivo adequar o regime atual \u00e0 competitividade empresarial. A <a href=\"https:\/\/reward.pt\/en\/primeira-alteracao-ao-regulamento-da-area-tematica-inovacao-e-transicao-digital\/\">Portaria n.\u00ba 184\/2023<\/a> determinou a primeira altera\u00e7\u00e3o ao regulamento espec\u00edfico do Compete 2030, de forma a criar um ambiente mais prop\u00edcio ao desenvolvimento tecnol\u00f3gico e inova\u00e7\u00e3o no tecido empresarial portugu\u00eas.<\/p>\n\n\n\n<p>O regulamento espec\u00edfico da \u00e1rea tem\u00e1tica Inova\u00e7\u00e3o e Transi\u00e7\u00e3o Digital foi aprovado por de delibera\u00e7\u00e3o da comiss\u00e3o interministerial de Coordena\u00e7\u00e3o PT2030 a 10 de abril 2023. Foi aprovado formalmente atrav\u00e9s da <a href=\"https:\/\/reward.pt\/en\/pt2030-regulamento-especifico-do-programa-inovacao-e-transicao-digital-publicado\/\">Portaria n.\u00ba 103-A\/2023<\/a> (12 abril 2023).<\/p>\n\n\n\n<p>A Portaria n.\u00ba 328-B\/2023 procede \u00e0 adequa\u00e7\u00e3o do atual regime aplic\u00e1vel ao sistemas de incentivos \u00e0 competitividade empresarial, ao definir as taxas de incentivo para diferentes categorias de empresas.<\/p>\n\n\n\n<p>Segundo o diploma, a taxa base estabelecida \u00e9 de:<\/p>\n\n\n\n<ul class=\"wp-block-list\">\n<li>At\u00e9 30 pontos percentuais para grandes empresas;<\/li>\n\n\n\n<li>At\u00e9 40 pontos percentuais para m\u00e9dias empresas;<\/li>\n\n\n\n<li>At\u00e9 50 pontos percentuais para microempresas e pequenas empresas.<\/li>\n<\/ul>\n\n\n\n<p>Os limites acima indicados podem ser alvo de majora\u00e7\u00e3o em 10 pontos percentuais no caso das sub-regi\u00f5es do Alto Alentejo, Beiras e Serra da Estrela, tal como territ\u00f3rios abrangidos pelo Fundo para uma Transi\u00e7\u00e3o Justa.<\/p>\n\n\n\n<p>A 27 de abril a Comiss\u00e3o Europeia procedeu \u00e0 aprova\u00e7\u00e3o de uma altera\u00e7\u00e3o ao mapa de Portugal quanto \u00e0 concess\u00e3o de apoios regionais (entre 1 de janeiro 2022 e 31 de dezembro 2027) a pedido das autoridades portuguesas, de forma .<\/p>\n\n\n\n<p>Esta decis\u00e3o permite uma majora\u00e7\u00e3o das taxas de aux\u00edlio para territ\u00f3rios pass\u00edveis de beneficiar do apoio do Fundo para uma Transi\u00e7\u00e3o Justa, iniciativa alinhada com os Planos Territoriais de Transi\u00e7\u00e3o Justa integrados nos Programas Regionais do Norte, Centro e Alentejo (aprovados pela Comiss\u00e3o Europeia a 14 de dezembro 2022) e que abrangem os territ\u00f3rios do Conselho de Matosinhos, M\u00e9dio Tejo e do Alentejo Litoral.<\/p>","protected":false},"excerpt":{"rendered":"<p>A Portaria n.\u00ba 328-B\/2023 introduz a segunda altera\u00e7\u00e3o ao regulamento espec\u00edfico da \u00e1rea tem\u00e1tica Inova\u00e7\u00e3o e Transi\u00e7\u00e3o Digital (Compete 2030), no contexto dos Sistemas de Incentivos do Portugal 2030. Este marco legal tem como principal objetivo adequar o regime atual \u00e0 competitividade empresarial. A Portaria n.\u00ba 184\/2023 determinou a primeira altera\u00e7\u00e3o ao regulamento espec\u00edfico do [&hellip;]<\/p>","protected":false},"author":2,"featured_media":22861,"comment_status":"closed","ping_status":"open","sticky":false,"template":"","format":"standard","meta":{"_acf_changed":false,"footnotes":""},"categories":[1],"tags":[952,1121,1122],"class_list":["post-22860","post","type-post","status-publish","format-standard","has-post-thumbnail","hentry","category-noticias","tag-compete-2030","tag-portaria-n-o-238-b-2023","tag-portugal-2030m"],"acf":[],"_links":{"self":[{"href":"https:\/\/reward.pt\/en\/wp-json\/wp\/v2\/posts\/22860","targetHints":{"allow":["GET"]}}],"collection":[{"href":"https:\/\/reward.pt\/en\/wp-json\/wp\/v2\/posts"}],"about":[{"href":"https:\/\/reward.pt\/en\/wp-json\/wp\/v2\/types\/post"}],"author":[{"embeddable":true,"href":"https:\/\/reward.pt\/en\/wp-json\/wp\/v2\/users\/2"}],"replies":[{"embeddable":true,"href":"https:\/\/reward.pt\/en\/wp-json\/wp\/v2\/comments?post=22860"}],"version-history":[{"count":1,"href":"https:\/\/reward.pt\/en\/wp-json\/wp\/v2\/posts\/22860\/revisions"}],"predecessor-version":[{"id":22862,"href":"https:\/\/reward.pt\/en\/wp-json\/wp\/v2\/posts\/22860\/revisions\/22862"}],"wp:featuredmedia":[{"embeddable":true,"href":"https:\/\/reward.pt\/en\/wp-json\/wp\/v2\/media\/22861"}],"wp:attachment":[{"href":"https:\/\/reward.pt\/en\/wp-json\/wp\/v2\/media?parent=22860"}],"wp:term":[{"taxonomy":"category","embeddable":true,"href":"https:\/\/reward.pt\/en\/wp-json\/wp\/v2\/categories?post=22860"},{"taxonomy":"post_tag","embeddable":true,"href":"https:\/\/reward.pt\/en\/wp-json\/wp\/v2\/tags?post=22860"}],"curies":[{"name":"wp","href":"https:\/\/api.w.org\/{rel}","templated":true}]}}