{"id":22959,"date":"2023-11-13T17:07:01","date_gmt":"2023-11-13T17:07:01","guid":{"rendered":"https:\/\/reward.pt\/?p=22959"},"modified":"2023-11-13T17:07:03","modified_gmt":"2023-11-13T17:07:03","slug":"subida-do-salario-minimo-nacional-em-2024-promulgada-pelo-presidente-da-republica","status":"publish","type":"post","link":"https:\/\/reward.pt\/en\/subida-do-salario-minimo-nacional-em-2024-promulgada-pelo-presidente-da-republica\/","title":{"rendered":"Subida do sal\u00e1rio m\u00ednimo nacional em 2024 promulgada pelo Presidente da Rep\u00fablica"},"content":{"rendered":"<p>A subida do sal\u00e1rio m\u00ednimo nacional a partir de janeiro 2024 vai mesmo acontecer, mesmo num cen\u00e1rio de futura dissolu\u00e7\u00e3o do Parlamento de Portugal.<\/p>\n\n\n\n<p>O site da presid\u00eancia da rep\u00fablica indica que o Presidente da rep\u00fablica de Portugal promulgou o diploma do Governo que procede ao aumento do valor para 820 euros no dia 10 de novembro 2023, ap\u00f3s acordo em Concerta\u00e7\u00e3o Social por 3 das 4 confedera\u00e7\u00f5es patronais e pela UGT.<\/p>\n\n\n\n<p>O aumento do SMN para 2024 traduz-se num acr\u00e9scimo de 60 da retribui\u00e7\u00e3o m\u00ednima garantida, o que corresponde ao maior aumento da retribui\u00e7\u00e3o m\u00ednima garantida (7,9%).<\/p>\n\n\n\n<p>O acordo de entendimento assinado em 2022 com as 4 confedera\u00e7\u00f5es patronais e com a Uni\u00e3o Geral dos Trabalhadores (UGT) tinha prevista a subida do sal\u00e1rio m\u00ednimo nacional para o valor de 810.<\/p>\n\n\n\n<p>No entanto, os parceiros sociais tiveram sucesso a negociar uma ligeira subida do valor originalmente previsto em 2024, pelo que o refor\u00e7o do acordo foi assinado no dia 7 de outubro 2023, sem a Confedera\u00e7\u00e3o Empresarial de Portugal (CEP).<\/p>\n\n\n\n<p>A crise pol\u00edtica originada pela demiss\u00e3o de Ant\u00f3nio Costa e o esc\u00e2ndalo de suspeitas de corrup\u00e7\u00e3o por elementos do Governo de Portugal p\u00f4s em d\u00favida a execu\u00e7\u00e3o do OE2024 (Or\u00e7amento do Estado para 2024).<\/p>\n\n\n\n<p>Mesmo assim, o Governo aprovou em Conselho de Ministros a 9 de novembro 2023 o aumento do Sal\u00e1rio M\u00ednimo Nacional, pelo que o Chefe de Estado de Portugal procedeu \u00e0 sua promulga\u00e7\u00e3o durante a manh\u00e3 do dia seguinte (sexta-feira).<\/p>\n\n\n\n<p>Embora a subida do sal\u00e1rio m\u00ednimo nacional em 2024 tenha sido tornada realidade, Marcelo Rebelo de Sousa vai proceder \u00e0 dissolu\u00e7\u00e3o da assembleia da rep\u00fablica.<\/p>\n\n\n\n<p>Conforme indica o <a href=\"mailto:https:\/\/diariodarepublica.pt\/dr\/lexionario\/termo\/dissolucao-assembleia-republica\">Di\u00e1rio da Rep\u00fablica, a dissolu\u00e7\u00e3o da assembleia<\/a> consiste num ato pol\u00edtico livre do Presidente da Rep\u00fablica que cessa as fun\u00e7\u00f5es deste \u00f3rg\u00e3o parlamentar antes que complete a legislatura. A dissolu\u00e7\u00e3o n\u00e3o acarreta necessariamente a demiss\u00e3o do Governo, mas implica a marca\u00e7\u00e3o de novas elei\u00e7\u00f5es parlamentares.<\/p>\n\n\n\n<p>Previamente \u00e0 aprova\u00e7\u00e3o do ato de dissolu\u00e7\u00e3o, o Presidente deve ouvir o Conselho de Estado e os partidos representados na Assembleia da Rep\u00fablica (al\u00ednea e) do artigo 133.\u00ba da CRP), n\u00e3o se encontrando juridicamente vinculado ao sentido maiorit\u00e1rio das referidas audi\u00e7\u00f5es.<\/p>","protected":false},"excerpt":{"rendered":"<p>A subida do sal\u00e1rio m\u00ednimo nacional a partir de janeiro 2024 vai mesmo acontecer, mesmo num cen\u00e1rio de futura dissolu\u00e7\u00e3o do Parlamento de Portugal. O site da presid\u00eancia da rep\u00fablica indica que o Presidente da rep\u00fablica de Portugal promulgou o diploma do Governo que procede ao aumento do valor para 820 euros no dia 10 [&hellip;]<\/p>","protected":false},"author":2,"featured_media":22960,"comment_status":"closed","ping_status":"open","sticky":false,"template":"","format":"standard","meta":{"_acf_changed":false,"footnotes":""},"categories":[3,1,325],"tags":[1120,1144,486,1145],"class_list":["post-22959","post","type-post","status-publish","format-standard","has-post-thumbnail","hentry","category-contabilidade","category-noticias","category-orcamento-do-estado","tag-1120","tag-marcelo-rebelo-de-sousa","tag-salario-minimo-nacional","tag-subida-do-salario-minimo"],"acf":[],"_links":{"self":[{"href":"https:\/\/reward.pt\/en\/wp-json\/wp\/v2\/posts\/22959","targetHints":{"allow":["GET"]}}],"collection":[{"href":"https:\/\/reward.pt\/en\/wp-json\/wp\/v2\/posts"}],"about":[{"href":"https:\/\/reward.pt\/en\/wp-json\/wp\/v2\/types\/post"}],"author":[{"embeddable":true,"href":"https:\/\/reward.pt\/en\/wp-json\/wp\/v2\/users\/2"}],"replies":[{"embeddable":true,"href":"https:\/\/reward.pt\/en\/wp-json\/wp\/v2\/comments?post=22959"}],"version-history":[{"count":1,"href":"https:\/\/reward.pt\/en\/wp-json\/wp\/v2\/posts\/22959\/revisions"}],"predecessor-version":[{"id":22961,"href":"https:\/\/reward.pt\/en\/wp-json\/wp\/v2\/posts\/22959\/revisions\/22961"}],"wp:featuredmedia":[{"embeddable":true,"href":"https:\/\/reward.pt\/en\/wp-json\/wp\/v2\/media\/22960"}],"wp:attachment":[{"href":"https:\/\/reward.pt\/en\/wp-json\/wp\/v2\/media?parent=22959"}],"wp:term":[{"taxonomy":"category","embeddable":true,"href":"https:\/\/reward.pt\/en\/wp-json\/wp\/v2\/categories?post=22959"},{"taxonomy":"post_tag","embeddable":true,"href":"https:\/\/reward.pt\/en\/wp-json\/wp\/v2\/tags?post=22959"}],"curies":[{"name":"wp","href":"https:\/\/api.w.org\/{rel}","templated":true}]}}