{"id":23363,"date":"2024-04-10T12:19:20","date_gmt":"2024-04-10T12:19:20","guid":{"rendered":"https:\/\/reward.pt\/?p=23363"},"modified":"2024-04-10T12:19:22","modified_gmt":"2024-04-10T12:19:22","slug":"aviso-siid-protecao-da-propriedade-intelectual-e-industrial-mpr-2024-01-pt2030","status":"publish","type":"post","link":"https:\/\/reward.pt\/en\/aviso-siid-protecao-da-propriedade-intelectual-e-industrial-mpr-2024-01-pt2030\/","title":{"rendered":"Aviso SIID \u2013 Prote\u00e7\u00e3o da Propriedade Intelectual e Industrial &#8211; MPr-2024-01 PT2030"},"content":{"rendered":"<h2 class=\"wp-block-heading\">Descri\u00e7\u00e3o do aviso PT2030 SIID &#8211; Prote\u00e7\u00e3o da Propriedade Intelectual e Industrial<\/h2>\n\n\n\n<p>O Aviso SIID \u2013 Prote\u00e7\u00e3o da Propriedade Intelectual e Industrial (aviso MPr-2024-01), no \u00e2mbito do COMPETE2030 visa a promo\u00e7\u00e3o de inova\u00e7\u00e3o e competitividade do tecido empresarial em Portugal que destaca a salvaguarda dos direitos de propriedade industrial.<\/p>\n\n\n\n<p>O Aviso SIID \u2013 Prote\u00e7\u00e3o da Propriedade Intelectual e Industrial pretende apoiar opera\u00e7\u00f5es de apresenta\u00e7\u00e3o de candidaturas individuais sob a opera\u00e7\u00e3o Prote\u00e7\u00e3o da propriedade intelectual e industrial.<\/p>\n\n\n\n<p>Este aviso COMPETE 2030 abrange todas as regi\u00f5es NUTS II do Continente (Norte, Centro, Lisboa, Alentejo e Algarve) e a localiza\u00e7\u00e3o da opera\u00e7\u00e3o corresponde \u00e0 regi\u00e3o onde o investimento ser\u00e1 realizado. O apoio estende-se \u00e0 fase inicial dos pedidos internacionais, condicionado \u00e0 progress\u00e3o para etapas nacionais ou regionais no \u00e2mbito da mesma.<\/p>\n\n\n\n<div style=\"height:35px\" aria-hidden=\"true\" class=\"wp-block-spacer\"><\/div>\n\n\n\n<h2 class=\"wp-block-heading\">Destinat\u00e1rios SIID \u2013 Prote\u00e7\u00e3o da Propriedade Intelectual e Industrial<\/h2>\n\n\n\n<p>O SIID \u2013 Prote\u00e7\u00e3o da Propriedade Intelectual e Industrial (ou aviso MPr-2024-01) tem como destinat\u00e1rios microempresas, PME e Small Mid Caps de qualquer natureza e sob qualquer forma jur\u00eddica.<\/p>\n\n\n\n<p>As empresas devem estar em conformidade com os crit\u00e9rios de elegibilidade definidos no Decreto-Lei n.\u00ba 20-A\/2023 e na Portaria 103-A de 2023, que refletem as diretrizes do Programa Portugal 2030 e do REITD.<\/p>\n\n\n\n<div style=\"height:35px\" aria-hidden=\"true\" class=\"wp-block-spacer\"><\/div>\n\n\n\n<h2 class=\"wp-block-heading\">Opera\u00e7\u00f5es eleg\u00edveis<\/h2>\n\n\n\n<p>S\u00e3o eleg\u00edveis para o presente aviso as opera\u00e7\u00f5es que visem o registo de direitos de propriedade industrial via registo de patentes, modelos de utilidade, desenhos ou modelos nacionais, europeus ou internacionais. Nesse \u00e2mbito, podem ser apoiadas as opera\u00e7\u00f5es de apresenta\u00e7\u00e3o de candidatura individual para prote\u00e7\u00e3o de propriedade intelectual e industrial, tais como:<\/p>\n\n\n\n<ol class=\"wp-block-list\" type=\"1\">\n<li>Pedido definitivo nacional de patente, de modelo de utilidade e desenho ou modelo, apresentados pelo INPI;<\/li>\n\n\n\n<li>Pedido de patente, de modelo de utilidade e desenho ou modelo, apresentado no estrangeiro via direta junto \u00e0s respetivas administra\u00e7\u00f5es nacionais (reivindique ou n\u00e3o propriedade portuguesa);<\/li>\n\n\n\n<li>Pedido de patente europeia apresentado no INPI (independentemente de reivindicar prioridade de pedido portugu\u00eas) ou na OEP, desde que reivindique prioridade de pedido de patente ou modelo de utilidade portugu\u00eas.<\/li>\n\n\n\n<li>Pedido de patente internacional (PCT) apresentado ao INPI (independentemente de reivindicar prioridade de pedido portugu\u00eas) ou na OEP e\/ou OMPI, desde que reivindique prioridade de pedido de patente ou modelo de utilidade portugu\u00eas.<\/li>\n<\/ol>\n\n\n\n<div style=\"height:35px\" aria-hidden=\"true\" class=\"wp-block-spacer\"><\/div>\n\n\n\n<h2 class=\"wp-block-heading\">Dota\u00e7\u00e3o or\u00e7amental aviso MPr-2024-01<\/h2>\n\n\n\n<p>A dota\u00e7\u00e3o or\u00e7amental global do aviso \u00e9 de 2.825.000\u20ac (comparticipado pelo FEDER a 50%), distribu\u00eddos da seguinte forma:<\/p>\n\n\n\n<ul class=\"wp-block-list\">\n<li>PR Norte \u2013 125.000\u20ac;<\/li>\n\n\n\n<li>PR Centro \u2013 500.000\u20ac;<\/li>\n\n\n\n<li>PR Lisboa \u2013 500.000\u20ac;<\/li>\n\n\n\n<li>PR Alentejo \u2013 200.000\u20ac;<\/li>\n\n\n\n<li>PR Algarve \u2013 500.000\u20ac<\/li>\n<\/ul>\n\n\n\n<div style=\"height:35px\" aria-hidden=\"true\" class=\"wp-block-spacer\"><\/div>\n\n\n\n<h2 class=\"wp-block-heading\">Per\u00edodo de candidaturas<\/h2>\n\n\n\n<p>O per\u00edodo de candidaturas a este aviso PT2030 foi iniciado a 28 de mar\u00e7o 2024 e termina a dia 30 de dezembro 2024. Est\u00e1 dividido em 3 fases de apresenta\u00e7\u00e3o de candidaturas:<\/p>\n\n\n\n<ul class=\"wp-block-list\">\n<li>Fase 1 \u2013 At\u00e9 dia 27 de junho 2024 \u00e0s 18 horas. Para todas as candidaturas, com ou sem registo do pedido de aux\u00edlio (Aviso 01\/RPA\/2022);<\/li>\n\n\n\n<li>Fase 2 \u2013 At\u00e9 dia 30 de setembro 2024 \u00e0s 18 horas. Para todas as candidaturas;<\/li>\n\n\n\n<li>Fase 3 \u2013 At\u00e9 dia 30 de dezembro 2024 \u00e0s 18 horas.<\/li>\n<\/ul>","protected":false},"excerpt":{"rendered":"<p>Descri\u00e7\u00e3o do aviso PT2030 SIID &#8211; Prote\u00e7\u00e3o da Propriedade Intelectual e Industrial O Aviso SIID \u2013 Prote\u00e7\u00e3o da Propriedade Intelectual e Industrial (aviso MPr-2024-01), no \u00e2mbito do COMPETE2030 visa a promo\u00e7\u00e3o de inova\u00e7\u00e3o e competitividade do tecido empresarial em Portugal que destaca a salvaguarda dos direitos de propriedade industrial. O Aviso SIID \u2013 Prote\u00e7\u00e3o da [&hellip;]<\/p>","protected":false},"author":2,"featured_media":23364,"comment_status":"closed","ping_status":"open","sticky":false,"template":"","format":"standard","meta":{"_acf_changed":false,"footnotes":""},"categories":[809,8,27,19,1,21,519,7],"tags":[952,1328,1329],"class_list":["post-23363","post","type-post","status-publish","format-standard","has-post-thumbnail","hentry","category-destaque","category-empreendedorismo","category-empresas","category-guias-reward-consulting","category-noticias","category-portugal2030","category-rubricas","category-sistemas-de-incentivos","tag-compete-2030","tag-mpr-2024-01","tag-siid-protecao-da-propriedade-intelectual-e-industrial"],"acf":[],"_links":{"self":[{"href":"https:\/\/reward.pt\/en\/wp-json\/wp\/v2\/posts\/23363","targetHints":{"allow":["GET"]}}],"collection":[{"href":"https:\/\/reward.pt\/en\/wp-json\/wp\/v2\/posts"}],"about":[{"href":"https:\/\/reward.pt\/en\/wp-json\/wp\/v2\/types\/post"}],"author":[{"embeddable":true,"href":"https:\/\/reward.pt\/en\/wp-json\/wp\/v2\/users\/2"}],"replies":[{"embeddable":true,"href":"https:\/\/reward.pt\/en\/wp-json\/wp\/v2\/comments?post=23363"}],"version-history":[{"count":1,"href":"https:\/\/reward.pt\/en\/wp-json\/wp\/v2\/posts\/23363\/revisions"}],"predecessor-version":[{"id":23365,"href":"https:\/\/reward.pt\/en\/wp-json\/wp\/v2\/posts\/23363\/revisions\/23365"}],"wp:featuredmedia":[{"embeddable":true,"href":"https:\/\/reward.pt\/en\/wp-json\/wp\/v2\/media\/23364"}],"wp:attachment":[{"href":"https:\/\/reward.pt\/en\/wp-json\/wp\/v2\/media?parent=23363"}],"wp:term":[{"taxonomy":"category","embeddable":true,"href":"https:\/\/reward.pt\/en\/wp-json\/wp\/v2\/categories?post=23363"},{"taxonomy":"post_tag","embeddable":true,"href":"https:\/\/reward.pt\/en\/wp-json\/wp\/v2\/tags?post=23363"}],"curies":[{"name":"wp","href":"https:\/\/api.w.org\/{rel}","templated":true}]}}