{"id":23419,"date":"2024-04-30T11:02:26","date_gmt":"2024-04-30T11:02:26","guid":{"rendered":"https:\/\/reward.pt\/?p=23419"},"modified":"2024-04-30T11:02:29","modified_gmt":"2024-04-30T11:02:29","slug":"estudo-pordata-indica-que-portugal-e-o-pais-da-ue-com-maior-proporcao-de-patroes-sem-instrucao","status":"publish","type":"post","link":"https:\/\/reward.pt\/en\/estudo-pordata-indica-que-portugal-e-o-pais-da-ue-com-maior-proporcao-de-patroes-sem-instrucao\/","title":{"rendered":"Estudo Pordata indica que Portugal \u00e9 o pa\u00eds da UE com maior propor\u00e7\u00e3o de patr\u00f5es sem instru\u00e7\u00e3o"},"content":{"rendered":"<p>Portugal \u00e9 o pa\u00eds da UE com maior propor\u00e7\u00e3o de patr\u00f5es sem instru\u00e7\u00e3o ou com o ensino b\u00e1sico, esta \u00e9 uma das conclus\u00f5es do estudo da Pordata intitulado \u201cCinco D\u00e9cadas de Democracia em Portugal\u201d.<\/p>\n\n\n\n<p>O estudo Pordata obteve uma imagem do cen\u00e1rio atual do mercado de trabalho em Portugal, no \u00e2mbito do Dia do Trabalhador (1\u00ba de Maio) e concluiu que quase metade dos trabalhadores por conta pr\u00f3pria como empregadores (44% do total) n\u00e3o ultrapassa o 9\u00ba ano de escolaridade.<\/p>\n\n\n\n<p>A n\u00edvel geral regista-se um decl\u00ednio no n\u00famero de trabalhadores por conta pr\u00f3pria desde 1998 at\u00e9 2023. Em 1998 existiam aproximadamente 1.253.000 trabalhadores por conta pr\u00f3pria, valor que diminuiu para cerca de 699 mil em 2023.<\/p>\n\n\n\n<p>Relativamente ao n\u00edvel de escolaridade, observa-se uma diminui\u00e7\u00e3o consider\u00e1vel no n\u00famero de trabalhadores por conta pr\u00f3pria sem qualquer n\u00edvel de escolaridade (256,3 milhares, ou 20,5% do total em 1998) at\u00e9 2011, ano que n\u00e3o apresenta mais registo.<\/p>\n\n\n\n<p>Por sua vez, a quantidade de patr\u00f5es com educa\u00e7\u00e3o superior aumentou de forma consistente, pelo que quase triplicou desde 1998 at\u00e9 2023. Em 1998 existiam aproximadamente 53,7 mil trabalhadores por conta pr\u00f3pria com educa\u00e7\u00e3o superior, em 2023 o n\u00famero subiu para 207,7 milhares, o que equivale a 29,7% do total registado.<\/p>\n\n\n\n<div style=\"height:30px\" aria-hidden=\"true\" class=\"wp-block-spacer\"><\/div>\n\n\n\n<h2 class=\"wp-block-heading\">Tabela de evolu\u00e7\u00e3o do n\u00edvel de escolaridade dos Trabalhadores por conta pr\u00f3pria<\/h2>\n\n\n\n<figure class=\"wp-block-table\"><table><thead><tr><td rowspan=\"2\"><strong>Anos<\/strong><\/td><td colspan=\"7\"><strong>N\u00edvel de escolaridade<\/strong><\/td><\/tr><tr><td><strong>Total<\/strong><\/td><td><strong>Sem n\u00edvel de escolaridade<\/strong><\/td><td><strong>B\u00e1sico &#8211; 1\u00ba ciclo<\/strong><\/td><td><strong>B\u00e1sico &#8211; 2\u00ba ciclo<\/strong><\/td><td><strong>B\u00e1sico &#8211; 3\u00ba ciclo<\/strong><\/td><td><strong>Secund\u00e1rio e p\u00f3s-secund\u00e1rio<\/strong><\/td><td><strong>Superior<\/strong><\/td><\/tr><\/thead><tbody><tr><td><strong>1998<\/strong><\/td><td>1.252,9<\/td><td>256,3<\/td><td>588,2<\/td><td>178,4<\/td><td>104,5<\/td><td>71,8<\/td><td>53,7<\/td><\/tr><tr><td><strong>1999<\/strong><\/td><td>1.221,0<\/td><td>262,5<\/td><td>563,0<\/td><td>182,0<\/td><td>91,6<\/td><td>72,9<\/td><td>49,0<\/td><\/tr><tr><td><strong>2000<\/strong><\/td><td>1.189,8<\/td><td>239,3<\/td><td>559,7<\/td><td>173,8<\/td><td>96,9<\/td><td>73,0<\/td><td>47,1<\/td><\/tr><tr><td><strong>2001<\/strong><\/td><td>1.266,5<\/td><td>255,8<\/td><td>588,3<\/td><td>180,5<\/td><td>106,0<\/td><td>81,6<\/td><td>54,3<\/td><\/tr><tr><td><strong>2002<\/strong><\/td><td>1.278,3<\/td><td>251,1<\/td><td>593,7<\/td><td>181,9<\/td><td>110,2<\/td><td>89,3<\/td><td>52,1<\/td><\/tr><tr><td><strong>2003<\/strong><\/td><td>1.279,2<\/td><td>230,7<\/td><td>577,5<\/td><td>191,8<\/td><td>124,0<\/td><td>90,7<\/td><td>64,5<\/td><\/tr><tr><td><strong>2004<\/strong><\/td><td>1.238,0<\/td><td>189,5<\/td><td>565,5<\/td><td>194,5<\/td><td>126,7<\/td><td>87,1<\/td><td>74,7<\/td><\/tr><tr><td><strong>2005<\/strong><\/td><td>1.200,3<\/td><td>186,6<\/td><td>555,6<\/td><td>182,8<\/td><td>120,6<\/td><td>82,4<\/td><td>72,3<\/td><\/tr><tr><td><strong>2006<\/strong><\/td><td>1.165,6<\/td><td>170,4<\/td><td>532,1<\/td><td>178,2<\/td><td>117,4<\/td><td>87,2<\/td><td>80,3<\/td><\/tr><tr><td><strong>2007<\/strong><\/td><td>1.183,3<\/td><td>168,1<\/td><td>533,0<\/td><td>183,9<\/td><td>125,2<\/td><td>86,2<\/td><td>86,9<\/td><\/tr><tr><td><strong>2008<\/strong><\/td><td>1.195,6<\/td><td>160,3<\/td><td>525,7<\/td><td>186,0<\/td><td>142,4<\/td><td>92,2<\/td><td>89,0<\/td><\/tr><tr><td><strong>2009<\/strong><\/td><td>1.150,5<\/td><td>145,1<\/td><td>482,9<\/td><td>172,1<\/td><td>157,4<\/td><td>93,6<\/td><td>99,4<\/td><\/tr><tr><td><strong>2010<\/strong><\/td><td>1.085,9<\/td><td>133,1<\/td><td>459,7<\/td><td>155,6<\/td><td>147,6<\/td><td>89,2<\/td><td>100,7<\/td><\/tr><tr><td><strong>2011<\/strong><\/td><td>\u2534682,7<\/td><td>\u2534x<\/td><td>\u2534202,3<\/td><td>\u2534121,3<\/td><td>\u2534133,4<\/td><td>\u253492,7<\/td><td>\u2534109,1<\/td><\/tr><tr><td><strong>2012<\/strong><\/td><td>652,5<\/td><td>x<\/td><td>188,5<\/td><td>113,5<\/td><td>118,7<\/td><td>98,7<\/td><td>115,0<\/td><\/tr><tr><td><strong>2013<\/strong><\/td><td>659,8<\/td><td>x<\/td><td>166,6<\/td><td>109,6<\/td><td>132,3<\/td><td>110,9<\/td><td>123,0<\/td><\/tr><tr><td><strong>2014<\/strong><\/td><td>633,0<\/td><td>x<\/td><td>137,9<\/td><td>106,6<\/td><td>137,3<\/td><td>112,0<\/td><td>126,0<\/td><\/tr><tr><td><strong>2015<\/strong><\/td><td>616,3<\/td><td>x<\/td><td>133,3<\/td><td>97,6<\/td><td>129,9<\/td><td>117,9<\/td><td>127,0<\/td><\/tr><tr><td><strong>2016<\/strong><\/td><td>614,3<\/td><td>x<\/td><td>129,7<\/td><td>90,7<\/td><td>130,3<\/td><td>112,8<\/td><td>141,2<\/td><\/tr><tr><td><strong>2017<\/strong><\/td><td>620,8<\/td><td>x<\/td><td>123,2<\/td><td>98,6<\/td><td>134,9<\/td><td>123,6<\/td><td>132,8<\/td><\/tr><tr><td><strong>2018<\/strong><\/td><td>642,1<\/td><td>x<\/td><td>118,7<\/td><td>95,2<\/td><td>130,0<\/td><td>144,3<\/td><td>144,8<\/td><\/tr><tr><td><strong>2019<\/strong><\/td><td>674,4<\/td><td>x<\/td><td>110,7<\/td><td>93,5<\/td><td>135,7<\/td><td>151,2<\/td><td>177,6<\/td><\/tr><tr><td><strong>2020<\/strong><\/td><td>654,1<\/td><td>x<\/td><td>99,9<\/td><td>96,3<\/td><td>130,3<\/td><td>145,2<\/td><td>178,7<\/td><\/tr><tr><td><strong>2021<\/strong><\/td><td>694,6<\/td><td>x<\/td><td>109,1<\/td><td>104,0<\/td><td>146,1<\/td><td>151,5<\/td><td>181,3<\/td><\/tr><tr><td><strong>2022<\/strong><\/td><td>704,1<\/td><td>x<\/td><td>101,5<\/td><td>95,0<\/td><td>150,2<\/td><td>161,3<\/td><td>192,2<\/td><\/tr><tr><td><strong>2023<\/strong><\/td><td>698,9<\/td><td>x<\/td><td>85,7<\/td><td>79,7<\/td><td>146,4<\/td><td>176,0<\/td><td>207,7<\/td><\/tr><\/tbody><\/table><figcaption class=\"wp-element-caption\"><em>Fonte: Pordata\/INE<\/em><\/figcaption><\/figure>","protected":false},"excerpt":{"rendered":"<p>Portugal \u00e9 o pa\u00eds da UE com maior propor\u00e7\u00e3o de patr\u00f5es sem instru\u00e7\u00e3o ou com o ensino b\u00e1sico, esta \u00e9 uma das conclus\u00f5es do estudo da Pordata intitulado \u201cCinco D\u00e9cadas de Democracia em Portugal\u201d. O estudo Pordata obteve uma imagem do cen\u00e1rio atual do mercado de trabalho em Portugal, no \u00e2mbito do Dia do Trabalhador [&hellip;]<\/p>","protected":false},"author":2,"featured_media":23420,"comment_status":"closed","ping_status":"open","sticky":false,"template":"","format":"standard","meta":{"_acf_changed":false,"footnotes":""},"categories":[8,27,1,9],"tags":[1345,1346,51,1347],"class_list":["post-23419","post","type-post","status-publish","format-standard","has-post-thumbnail","hentry","category-empreendedorismo","category-empresas","category-noticias","category-trabalho","tag-instrucao","tag-pordata","tag-portugal","tag-trabalhadores-por-conta-propria"],"acf":[],"_links":{"self":[{"href":"https:\/\/reward.pt\/en\/wp-json\/wp\/v2\/posts\/23419","targetHints":{"allow":["GET"]}}],"collection":[{"href":"https:\/\/reward.pt\/en\/wp-json\/wp\/v2\/posts"}],"about":[{"href":"https:\/\/reward.pt\/en\/wp-json\/wp\/v2\/types\/post"}],"author":[{"embeddable":true,"href":"https:\/\/reward.pt\/en\/wp-json\/wp\/v2\/users\/2"}],"replies":[{"embeddable":true,"href":"https:\/\/reward.pt\/en\/wp-json\/wp\/v2\/comments?post=23419"}],"version-history":[{"count":1,"href":"https:\/\/reward.pt\/en\/wp-json\/wp\/v2\/posts\/23419\/revisions"}],"predecessor-version":[{"id":23421,"href":"https:\/\/reward.pt\/en\/wp-json\/wp\/v2\/posts\/23419\/revisions\/23421"}],"wp:featuredmedia":[{"embeddable":true,"href":"https:\/\/reward.pt\/en\/wp-json\/wp\/v2\/media\/23420"}],"wp:attachment":[{"href":"https:\/\/reward.pt\/en\/wp-json\/wp\/v2\/media?parent=23419"}],"wp:term":[{"taxonomy":"category","embeddable":true,"href":"https:\/\/reward.pt\/en\/wp-json\/wp\/v2\/categories?post=23419"},{"taxonomy":"post_tag","embeddable":true,"href":"https:\/\/reward.pt\/en\/wp-json\/wp\/v2\/tags?post=23419"}],"curies":[{"name":"wp","href":"https:\/\/api.w.org\/{rel}","templated":true}]}}