{"id":23439,"date":"2024-05-08T13:50:13","date_gmt":"2024-05-08T13:50:13","guid":{"rendered":"https:\/\/reward.pt\/?p=23439"},"modified":"2024-05-08T13:50:17","modified_gmt":"2024-05-08T13:50:17","slug":"luis-montenegro-quer-garantir-prazo-maximo-de-resposta-a-candidaturas-a-fundos-europeus-de-60-dias","status":"publish","type":"post","link":"https:\/\/reward.pt\/en\/luis-montenegro-quer-garantir-prazo-maximo-de-resposta-a-candidaturas-a-fundos-europeus-de-60-dias\/","title":{"rendered":"Lu\u00eds Montenegro quer garantir prazo m\u00e1ximo de resposta a candidaturas a fundos europeus de 60 dias"},"content":{"rendered":"<p>Lu\u00eds Montenegro indicou a 7 de maio 2024 que pretende garantir um prazo m\u00e1ximo de resposta a candidaturas a fundos europeus de 60 dias. As declara\u00e7\u00f5es foram proferidas durante a assinatura de contratos de financiamento para constru\u00e7\u00e3o e reabilita\u00e7\u00e3o de escolas com 12 munic\u00edpios de Lisboa e Vale do Tejo.<\/p>\n\n\n\n<p>Segundo o primeiro-ministro de Portugal, \u201csem regulamentos n\u00e3o pode haver concursos e sem concursos n\u00e3o pode haver obra no terreno\u201d. Indica tamb\u00e9m que existem instru\u00e7\u00f5es para acelerar todos os processos poss\u00edveis para garantir a capacidade de resposta dos servi\u00e7os.<\/p>\n\n\n\n<p>O mesmo informa que foi encontrada alguma inoper\u00e2ncia dos servi\u00e7os na resposta \u00e0s candidaturas submetidas do Portugal 2030 e do Plano de Recupera\u00e7\u00e3o e Resili\u00eancia (PRR), onde indica que a taxa de execu\u00e7\u00e3o \u00e9 praticamente nula e com uma componente de regulamenta\u00e7\u00e3o em falta.<\/p>\n\n\n\n<p>Para Lu\u00eds Montenegro \u00e9 necess\u00e1rio recuperar o tempo perdido e ter um prazo m\u00e1ximo de resposta a candidaturas a fundos europeus submetidas de 60 dias. O Governo pretende implementar este princ\u00edpio para assegurar que a Administra\u00e7\u00e3o seja c\u00e9lere a responder e os investidores, sejam p\u00fablicos ou privados, tenham clareza durante o processo.<\/p>\n\n\n\n<p>O primeiro-ministro indicou como exemplo a assinatura dos acordos que ocorreu em \u201ctempo recorde\u201d, cujo respetivo concurso terminou no dia 30 de abril 2024.<\/p>\n\n\n\n<p>Indicou tamb\u00e9m que este foi um primeiro pacote, no \u00e2mbito da Comiss\u00e3o de Coordena\u00e7\u00e3o e Desenvolvimento Regional de Lisboa e Vale do Tejo de 125 milh\u00f5es de euros de investimento. 14 projetos com um alcance bastante superior, um pacote de 53 candidaturas e um investimento de aproximadamente 500 milh\u00f5es de euros.<\/p>\n\n\n\n<div style=\"height:30px\" aria-hidden=\"true\" class=\"wp-block-spacer\"><\/div>\n\n\n\n<h2 class=\"wp-block-heading\">Programa de Recupera\u00e7\u00e3o\/Reabilita\u00e7\u00e3o de escolas (PRR)<\/h2>\n\n\n\n<p>O Programa de Recupera\u00e7\u00e3o\/Reabilita\u00e7\u00e3o de Escolas no \u00e2mbito do Plano de Recupera\u00e7\u00e3o e Resili\u00eancia (PRR) conta com uma dota\u00e7\u00e3o total de 450 milh\u00f5es de euros, dos quais 125 milh\u00f5es de euros est\u00e3o destinados \u00e0 Regi\u00e3o de Lisboa e Vale do Tejo.<\/p>\n\n\n\n<p>O Programa de Recupera\u00e7\u00e3o\/Reabilita\u00e7\u00e3o de Escolas prev\u00ea o equipamento das infraestruturas escolares com meios digitais que contribuam para a aquisi\u00e7\u00e3o de compet\u00eancias no dom\u00ednio da transi\u00e7\u00e3o digital. <\/p>\n\n\n\n<p>Os meios digitais (software\/jogos pedag\u00f3gicos, hardware, v\u00eddeo projetores) constituir\u00e3o equipamento b\u00e1sico para o bom funcionamento da escola, numa l\u00f3gica de pr\u00e1tica pedag\u00f3gica e facilita\u00e7\u00e3o da aprendizagem e experi\u00eancia dos alunos.<\/p>\n\n\n\n<p>Os 12 munic\u00edpios contemplados pela assinatura dos acordos, com candidaturas 100% financiadas pelo PRR s\u00e3o:<\/p>\n\n\n\n<ul class=\"wp-block-list\">\n<li>Tomar<\/li>\n\n\n\n<li>Vila Franca de Xira<\/li>\n\n\n\n<li>Loures<\/li>\n\n\n\n<li>Chamusca<\/li>\n\n\n\n<li>Barreiro<\/li>\n\n\n\n<li>Alcoba\u00e7a<\/li>\n\n\n\n<li>Alcanena<\/li>\n\n\n\n<li>Amadora<\/li>\n\n\n\n<li>Cascais<\/li>\n\n\n\n<li>Ferreira do Z\u00eazere<\/li>\n\n\n\n<li>Oeiras<\/li>\n\n\n\n<li>Mafra<\/li>\n<\/ul>","protected":false},"excerpt":{"rendered":"<p>Lu\u00eds Montenegro indicou a 7 de maio 2024 que pretende garantir um prazo m\u00e1ximo de resposta a candidaturas a fundos europeus de 60 dias. As declara\u00e7\u00f5es foram proferidas durante a assinatura de contratos de financiamento para constru\u00e7\u00e3o e reabilita\u00e7\u00e3o de escolas com 12 munic\u00edpios de Lisboa e Vale do Tejo. Segundo o primeiro-ministro de Portugal, [&hellip;]<\/p>","protected":false},"author":2,"featured_media":23440,"comment_status":"open","ping_status":"open","sticky":false,"template":"","format":"standard","meta":{"_acf_changed":false,"footnotes":""},"categories":[809,1,21,40,7],"tags":[1355,39,343],"class_list":["post-23439","post","type-post","status-publish","format-standard","has-post-thumbnail","hentry","category-destaque","category-noticias","category-portugal2030","category-prr","category-sistemas-de-incentivos","tag-prazo-de-candidaturas","tag-prr","tag-pt2030"],"acf":[],"_links":{"self":[{"href":"https:\/\/reward.pt\/en\/wp-json\/wp\/v2\/posts\/23439","targetHints":{"allow":["GET"]}}],"collection":[{"href":"https:\/\/reward.pt\/en\/wp-json\/wp\/v2\/posts"}],"about":[{"href":"https:\/\/reward.pt\/en\/wp-json\/wp\/v2\/types\/post"}],"author":[{"embeddable":true,"href":"https:\/\/reward.pt\/en\/wp-json\/wp\/v2\/users\/2"}],"replies":[{"embeddable":true,"href":"https:\/\/reward.pt\/en\/wp-json\/wp\/v2\/comments?post=23439"}],"version-history":[{"count":1,"href":"https:\/\/reward.pt\/en\/wp-json\/wp\/v2\/posts\/23439\/revisions"}],"predecessor-version":[{"id":23441,"href":"https:\/\/reward.pt\/en\/wp-json\/wp\/v2\/posts\/23439\/revisions\/23441"}],"wp:featuredmedia":[{"embeddable":true,"href":"https:\/\/reward.pt\/en\/wp-json\/wp\/v2\/media\/23440"}],"wp:attachment":[{"href":"https:\/\/reward.pt\/en\/wp-json\/wp\/v2\/media?parent=23439"}],"wp:term":[{"taxonomy":"category","embeddable":true,"href":"https:\/\/reward.pt\/en\/wp-json\/wp\/v2\/categories?post=23439"},{"taxonomy":"post_tag","embeddable":true,"href":"https:\/\/reward.pt\/en\/wp-json\/wp\/v2\/tags?post=23439"}],"curies":[{"name":"wp","href":"https:\/\/api.w.org\/{rel}","templated":true}]}}