{"id":23638,"date":"2024-07-29T13:58:32","date_gmt":"2024-07-29T13:58:32","guid":{"rendered":"https:\/\/reward.pt\/?p=23638"},"modified":"2024-07-29T13:58:37","modified_gmt":"2024-07-29T13:58:37","slug":"calendario-fiscal-de-agosto-2024","status":"publish","type":"post","link":"https:\/\/reward.pt\/en\/calendario-fiscal-de-agosto-2024\/","title":{"rendered":"Calend\u00e1rio fiscal de agosto 2024"},"content":{"rendered":"<figure class=\"wp-block-embed is-type-video is-provider-youtube wp-block-embed-youtube wp-embed-aspect-16-9 wp-has-aspect-ratio\"><div class=\"wp-block-embed__wrapper\">\n<iframe loading=\"lazy\" title=\"Agosto 2024 | Calend\u00e1rio fiscal - Agenda fiscal\" width=\"500\" height=\"281\" src=\"https:\/\/www.youtube.com\/embed\/AoFDKo3Pt4I?feature=oembed\" frameborder=\"0\" allow=\"accelerometer; autoplay; clipboard-write; encrypted-media; gyroscope; picture-in-picture; web-share\" referrerpolicy=\"strict-origin-when-cross-origin\" allowfullscreen><\/iframe>\n<\/div><\/figure>\n\n\n\n<p>O Calend\u00e1rio Fiscal de Agosto 2024 para empresas \u00e9 um guia completo dos prazos, obriga\u00e7\u00f5es e pagamentos fiscais para todo o tipo de organiza\u00e7\u00f5es e neg\u00f3cios. Esta rubrica abrange todas as atividades empresariais, para garantir total compliance tribut\u00e1ria.<\/p>\n\n\n\n<p>O calend\u00e1rio fiscal \u00e9 atualizado mensalmente para permitir \u00e0s empresas alinhar as suas opera\u00e7\u00f5es com as exig\u00eancias legais, evitar penalidades por incumprimentos ou atrasos nas suas responsabilidades e planear as suas finan\u00e7as de forma mais eficaz.<\/p>\n\n\n\n<p>N\u00e3o perca mais prazos importantes para o seu neg\u00f3cio em julho com o Calend\u00e1rio fiscal de Agosto 2024.<\/p>\n\n\n\n<figure class=\"wp-block-pullquote has-medium-font-size\"><blockquote><p><strong>Nota<\/strong>: Devido \u00e0s f\u00e9rias fiscais, os prazos de algumas obriga\u00e7\u00f5es foram mudados para setembro 2024<\/p><\/blockquote><\/figure>\n\n\n\n<figure class=\"wp-block-table\"><table class=\"has-fixed-layout\"><thead><tr><th><strong>Dia<\/strong><\/th><th><strong>Obriga\u00e7\u00e3o<\/strong><\/th><th><strong>Descri\u00e7\u00e3o<\/strong><\/th><\/tr><\/thead><tbody><tr><td><strong>15<\/strong><\/td><td>Intrastat<\/td><td>Envio eletr\u00f3nico da declara\u00e7\u00e3o, relativamente \u00e0s opera\u00e7\u00f5es do m\u00eas anterior<\/td><\/tr><tr><td><strong>22<\/strong><\/td><td>Banco de Portugal<\/td><td>COPE &#8211; Comunica\u00e7\u00e3o de Opera\u00e7\u00f5es e Posi\u00e7\u00f5es com o Exterior, relativamente \u00e0s opera\u00e7\u00f5es do m\u00eas anterior<\/td><\/tr><tr><td><strong>25<\/strong><\/td><td>Seguran\u00e7a Social<\/td><td>Envio eletr\u00f3nico da Declara\u00e7\u00e3o Mensal de Remunera\u00e7\u00f5es (DRI) \u00e0 seguran\u00e7a social, relativa \u00e0s opera\u00e7\u00f5es do m\u00eas anterior<\/td><\/tr><tr><td><strong>31<\/strong><\/td><td>IRS \/ IMT \/ Imposto de Selo<\/td><td>Envio eletr\u00f3nico da Declara\u00e7\u00e3o Modelo 11 por Not\u00e1rios, relativa \u00e0s opera\u00e7\u00f5es do m\u00eas anterior<\/td><\/tr><tr><td><\/td><td>IVA<\/td><td>Prazo para op\u00e7\u00e3o por modalidade de pagamento do IVA de importa\u00e7\u00e3o de bens<\/td><\/tr><tr><td><\/td><td>IRS\/IRC<\/td><td>Envio da declara\u00e7\u00e3o e pagamento do IRS e IRC referentes ao m\u00eas anterior<\/td><\/tr><tr><td><\/td><td>Imposto de Selo<\/td><td>Entrega da Declara\u00e7\u00e3o Mensal de Imposto de Selo (DMIS) e respetivo pagamento<\/td><\/tr><tr><td><\/td><td>IVA<\/td><td>Envio da Declara\u00e7\u00e3o Recapitulativa para transmiss\u00f5es intracomunit\u00e1rias<\/td><\/tr><tr><td><\/td><td>IRS\/IRC\/IVA<\/td><td>Comunica\u00e7\u00e3o eletr\u00f3nica dos elementos das faturas emitidas no m\u00eas anterior<\/td><\/tr><tr><td><\/td><td>IRS\/IRC<\/td><td>Envio eletr\u00f3nico da Declara\u00e7\u00e3o Mensal de Remunera\u00e7\u00f5es \u00e0 Autoridade Tribut\u00e1ria<\/td><\/tr><tr><td><\/td><td>Seguran\u00e7a Social<\/td><td>Pagamento de contribui\u00e7\u00f5es para SS<\/td><\/tr><tr><td><\/td><td>IVA<\/td><td>Entrega da Declara\u00e7\u00e3o Modelo PD ou da Guia Modelo 1074, referente ao 2\u00ba trimestre<\/td><\/tr><\/tbody><\/table><\/figure>","protected":false},"excerpt":{"rendered":"<p>O Calend\u00e1rio Fiscal de Agosto 2024 para empresas \u00e9 um guia completo dos prazos, obriga\u00e7\u00f5es e pagamentos fiscais para todo o tipo de organiza\u00e7\u00f5es e neg\u00f3cios. Esta rubrica abrange todas as atividades empresariais, para garantir total compliance tribut\u00e1ria. O calend\u00e1rio fiscal \u00e9 atualizado mensalmente para permitir \u00e0s empresas alinhar as suas opera\u00e7\u00f5es com as exig\u00eancias [&hellip;]<\/p>","protected":false},"author":2,"featured_media":21887,"comment_status":"closed","ping_status":"open","sticky":false,"template":"","format":"standard","meta":{"_acf_changed":false,"footnotes":""},"categories":[1235,3,8,27,1,171,519],"tags":[1120,810,1414],"class_list":["post-23638","post","type-post","status-publish","format-standard","has-post-thumbnail","hentry","category-calendario-fiscal","category-contabilidade","category-empreendedorismo","category-empresas","category-noticias","category-obrigacoes-fiscais","category-rubricas","tag-1120","tag-calendario-fiscal","tag-impostos-para-empresas"],"acf":[],"_links":{"self":[{"href":"https:\/\/reward.pt\/en\/wp-json\/wp\/v2\/posts\/23638","targetHints":{"allow":["GET"]}}],"collection":[{"href":"https:\/\/reward.pt\/en\/wp-json\/wp\/v2\/posts"}],"about":[{"href":"https:\/\/reward.pt\/en\/wp-json\/wp\/v2\/types\/post"}],"author":[{"embeddable":true,"href":"https:\/\/reward.pt\/en\/wp-json\/wp\/v2\/users\/2"}],"replies":[{"embeddable":true,"href":"https:\/\/reward.pt\/en\/wp-json\/wp\/v2\/comments?post=23638"}],"version-history":[{"count":3,"href":"https:\/\/reward.pt\/en\/wp-json\/wp\/v2\/posts\/23638\/revisions"}],"predecessor-version":[{"id":23643,"href":"https:\/\/reward.pt\/en\/wp-json\/wp\/v2\/posts\/23638\/revisions\/23643"}],"wp:featuredmedia":[{"embeddable":true,"href":"https:\/\/reward.pt\/en\/wp-json\/wp\/v2\/media\/21887"}],"wp:attachment":[{"href":"https:\/\/reward.pt\/en\/wp-json\/wp\/v2\/media?parent=23638"}],"wp:term":[{"taxonomy":"category","embeddable":true,"href":"https:\/\/reward.pt\/en\/wp-json\/wp\/v2\/categories?post=23638"},{"taxonomy":"post_tag","embeddable":true,"href":"https:\/\/reward.pt\/en\/wp-json\/wp\/v2\/tags?post=23638"}],"curies":[{"name":"wp","href":"https:\/\/api.w.org\/{rel}","templated":true}]}}