{"id":24435,"date":"2024-10-30T12:56:28","date_gmt":"2024-10-30T12:56:28","guid":{"rendered":"https:\/\/reward.pt\/?p=24435"},"modified":"2024-10-30T12:56:31","modified_gmt":"2024-10-30T12:56:31","slug":"programa-acelerar-a-economia-governo-releva-dados-sobre-execucao","status":"publish","type":"post","link":"https:\/\/reward.pt\/en\/programa-acelerar-a-economia-governo-releva-dados-sobre-execucao\/","title":{"rendered":"Programa Acelerar a Economia: Governo releva dados sobre execu\u00e7\u00e3o"},"content":{"rendered":"<p>O programa Acelerar a Economia foi apresentado h\u00e1 aproximadamente 3 meses e foi recentemente mencionado pelo Secret\u00e1rio de Estado da Economia, que revelou dados sobre a execu\u00e7\u00e3o do programa \u201cexecu\u00e7\u00e3o de grande parte das medidas j\u00e1 est\u00e1 em velocidade cruzeiro e um ter\u00e7o delas j\u00e1 est\u00e3o pr\u00f3ximas de estarem conclu\u00eddas\u201d.<\/p>\n\n\n\n<p>Este <a href=\"https:\/\/reward.pt\/en\/todas-as-60-medidas-do-programa-acelerar-a-economia\/\">programa \u00e9 composto por 60 medidas<\/a> que incidem em diferentes \u00e1reas, de forma a apoiar o pa\u00eds em 20 desafios identificados. As medidas visam o aumento da escala das empresas portuguesas, a sua consolida\u00e7\u00e3o e capitaliza\u00e7\u00e3o.<\/p>\n\n\n\n<p>Entre as 60 medidas do programa Acelerar a Economia, destaca-se a regulamenta\u00e7\u00e3o do incentivo fiscal \u00e0 investiga\u00e7\u00e3o e inova\u00e7\u00e3o, a <a href=\"https:\/\/reward.pt\/en\/programa-acelerar-portugal-4-medidas-de-dinamizacao-a-id-e-sifide\/\">altera\u00e7\u00e3o dos benef\u00edcios fiscais para investimento em I&amp;D (revis\u00e3o do SIFIDE)<\/a> e a revis\u00e3o do regime de dedutibilidade fiscal do regime de \u201cgoodwill\u201d (entre outras medidas).<\/p>\n\n\n\n<p>O Secret\u00e1rio de Estado da Economia indicou que o novo regime do IVA de caixa \u201c\u00e9 um pontap\u00e9 de sa\u00edda e n\u00e3o um ponto de chegada\u201d. Frisa tamb\u00e9m que \u201c\u00e9 apenas o primeiro passo para construir uma estrat\u00e9gia econ\u00f3mica\u201d que permita criar as condi\u00e7\u00f5es necess\u00e1rias para que o tecido empresarial possa competir numa escala global.<\/p>\n\n\n\n<p>As suas declara\u00e7\u00f5es foram proferidas na abertura do II Congresso Portugal Empresarial, subordinado ao tema \u201cEscalar as Empresas, Fazer Crescer o Pa\u00eds\u201d que decorreu na Exponor em Matosinhos.<\/p>\n\n\n\n<p>Para al\u00e9m de frisar o programa Acelerar a Economia, foi tamb\u00e9m visada a vota\u00e7\u00e3o parlamentar do OE2025, considerando que \u00e9 uma \u201csemana decisiva para o pa\u00eds\u201d e um \u201cmomento importante para a economia nacional e para a estabilidade necess\u00e1ria \u00e0 vida das empresas e dos cidad\u00e3os\u201d.<\/p>\n\n\n\n<p>O Secret\u00e1rio de Estado da Economia indica que a aprova\u00e7\u00e3o do OE2025 permite a estabilidade para executar o quadro de investimento no \u00e2mbito dos fundos europeus (Portugal 2030 e PRR) e um contexto mais favor\u00e1vel para a capta\u00e7\u00e3o de investimento estrangeiro.<\/p>","protected":false},"excerpt":{"rendered":"<p>O programa Acelerar a Economia foi apresentado h\u00e1 aproximadamente 3 meses e foi recentemente mencionado pelo Secret\u00e1rio de Estado da Economia, que revelou dados sobre a execu\u00e7\u00e3o do programa \u201cexecu\u00e7\u00e3o de grande parte das medidas j\u00e1 est\u00e1 em velocidade cruzeiro e um ter\u00e7o delas j\u00e1 est\u00e3o pr\u00f3ximas de estarem conclu\u00eddas\u201d. Este programa \u00e9 composto por [&hellip;]<\/p>","protected":false},"author":2,"featured_media":24436,"comment_status":"closed","ping_status":"open","sticky":false,"template":"","format":"standard","meta":{"_acf_changed":false,"footnotes":""},"categories":[809,1,325,7],"tags":[1493,1492],"class_list":["post-24435","post","type-post","status-publish","format-standard","has-post-thumbnail","hentry","category-destaque","category-noticias","category-orcamento-do-estado","category-sistemas-de-incentivos","tag-60-medidas-programa-acelerar-a-economia","tag-execucao-programa-acelerar-a-economia"],"acf":[],"_links":{"self":[{"href":"https:\/\/reward.pt\/en\/wp-json\/wp\/v2\/posts\/24435","targetHints":{"allow":["GET"]}}],"collection":[{"href":"https:\/\/reward.pt\/en\/wp-json\/wp\/v2\/posts"}],"about":[{"href":"https:\/\/reward.pt\/en\/wp-json\/wp\/v2\/types\/post"}],"author":[{"embeddable":true,"href":"https:\/\/reward.pt\/en\/wp-json\/wp\/v2\/users\/2"}],"replies":[{"embeddable":true,"href":"https:\/\/reward.pt\/en\/wp-json\/wp\/v2\/comments?post=24435"}],"version-history":[{"count":1,"href":"https:\/\/reward.pt\/en\/wp-json\/wp\/v2\/posts\/24435\/revisions"}],"predecessor-version":[{"id":24437,"href":"https:\/\/reward.pt\/en\/wp-json\/wp\/v2\/posts\/24435\/revisions\/24437"}],"wp:featuredmedia":[{"embeddable":true,"href":"https:\/\/reward.pt\/en\/wp-json\/wp\/v2\/media\/24436"}],"wp:attachment":[{"href":"https:\/\/reward.pt\/en\/wp-json\/wp\/v2\/media?parent=24435"}],"wp:term":[{"taxonomy":"category","embeddable":true,"href":"https:\/\/reward.pt\/en\/wp-json\/wp\/v2\/categories?post=24435"},{"taxonomy":"post_tag","embeddable":true,"href":"https:\/\/reward.pt\/en\/wp-json\/wp\/v2\/tags?post=24435"}],"curies":[{"name":"wp","href":"https:\/\/api.w.org\/{rel}","templated":true}]}}