{"id":24598,"date":"2024-11-12T14:50:37","date_gmt":"2024-11-12T14:50:37","guid":{"rendered":"https:\/\/reward.pt\/?p=24598"},"modified":"2024-11-12T14:50:42","modified_gmt":"2024-11-12T14:50:42","slug":"empresas-localizadas-no-interior-de-portugal-com-mais-apoios-portugal-2030","status":"publish","type":"post","link":"https:\/\/reward.pt\/en\/empresas-localizadas-no-interior-de-portugal-com-mais-apoios-portugal-2030\/","title":{"rendered":"Empresas localizadas no interior de Portugal com mais apoios Portugal 2030"},"content":{"rendered":"<p>As empresas localizadas no Interior de Portugal ter\u00e3o mais apoios Portugal 2030 em 2025 e o primeiro concurso PT2030 a abrir fase de candidatura no pr\u00f3ximo ano estar\u00e1 em compliance com as novas regras.<\/p>\n\n\n\n<p>Este facto deve-se \u00e0 decis\u00e3o do Governo de Portugal em combater as desigualdades de desenvolvimento em Portugal que se fazem sentir especialmente no Interior do pa\u00eds, de forma aproximar os n\u00edveis de progresso entre os territ\u00f3rios litorais e os territ\u00f3rios do Interior.<\/p>\n\n\n\n<p>O ministro Adjunto e da Coes\u00e3o Territorial, Castro Almeida, indica que este assunto ser\u00e1 \u201cformalmente aprovado na pr\u00f3xima reuni\u00e3o da Comiss\u00e3o Interministerial de Coordena\u00e7\u00e3o do Portugal 2030\u201d a decorrer em dezembro 2024.<\/p>\n\n\n\n<p>Como resposta \u00e0s desigualdades de desenvolvimento do Interior de Portugal, ser\u00e1 dada majora\u00e7\u00e3o dos apoios concedido pelo Portugal 2030 a investimentos realizados em territ\u00f3rios de baixa densidade.<\/p>\n\n\n\n<p>Esta classifica\u00e7\u00e3o \u00e9 importante pois os projetos realizados nestes territ\u00f3rios t\u00eam vantagens ao n\u00edvel dos programas de apoio Portugal 2030 (PT2030), mais especificamente a majora\u00e7\u00e3o dos apoios concedidos.<\/p>\n\n\n\n<p>O ministro explicou que um empres\u00e1rio que queira realizar um investimento de 10 milh\u00f5es de euros pode obter mais fundos europeus se realizar o seu investimento num territ\u00f3rio do Interior, o que pode ser uma forma de estancar o despovoamento que ocorre nos territ\u00f3rios de baixa densidade.<\/p>\n\n\n\n<p>Este incentivo \u00e9 complementado por uma medidas que prev\u00ea que pelo menos 40% dos fundos a receber pela UE at\u00e9 2030 devem ser obrigatoriamente aplicados em territ\u00f3rios de baixa densidade.<\/p>\n\n\n\n<p>Para Castro Almeida \u201cO Interior vai ter de crescer mais do que o Litoral: se o pa\u00eds crescer a 2,5%, o Litoral tem de crescer a 2% e o Interior a 3%. E o principal elemento que leva as pessoas a decidirem fixar-se no Interior \u00e9 o emprego, de prefer\u00eancia os bons empregos\u201d.<\/p>\n\n\n\n<p>O ministro tamb\u00e9m considera que \u201cse houver bons empregos no Interior, as pessoas que est\u00e3o no Interior n\u00e3o sentem a necessidade de ir para o Litoral e pode at\u00e9 muita gente no Litoral sentir a tenta\u00e7\u00e3o de ir viver para o Interior\u201d.<\/p>\n\n\n\n<p>A tabela de territ\u00f3rios de baixa densidade em Portugal pode ser consultada <a href=\"https:\/\/reward.pt\/en\/territorios-de-baixa-densidade-portugal-2030-2023\/\">neste artigo<\/a>. A tabela concentra os territ\u00f3rios considerados como de \u201cbaixa densidade\u201d por Distrito e Concelhos.<\/p>","protected":false},"excerpt":{"rendered":"<p>As empresas localizadas no Interior de Portugal ter\u00e3o mais apoios Portugal 2030 em 2025 e o primeiro concurso PT2030 a abrir fase de candidatura no pr\u00f3ximo ano estar\u00e1 em compliance com as novas regras. Este facto deve-se \u00e0 decis\u00e3o do Governo de Portugal em combater as desigualdades de desenvolvimento em Portugal que se fazem sentir [&hellip;]<\/p>","protected":false},"author":2,"featured_media":24602,"comment_status":"closed","ping_status":"open","sticky":false,"template":"","format":"standard","meta":{"_acf_changed":false,"footnotes":""},"categories":[8,27,1,21,7],"tags":[1510,1509],"class_list":["post-24598","post","type-post","status-publish","format-standard","has-post-thumbnail","hentry","category-empreendedorismo","category-empresas","category-noticias","category-portugal2030","category-sistemas-de-incentivos","tag-apoios-portugal-2030","tag-interior-de-portugal"],"acf":[],"_links":{"self":[{"href":"https:\/\/reward.pt\/en\/wp-json\/wp\/v2\/posts\/24598","targetHints":{"allow":["GET"]}}],"collection":[{"href":"https:\/\/reward.pt\/en\/wp-json\/wp\/v2\/posts"}],"about":[{"href":"https:\/\/reward.pt\/en\/wp-json\/wp\/v2\/types\/post"}],"author":[{"embeddable":true,"href":"https:\/\/reward.pt\/en\/wp-json\/wp\/v2\/users\/2"}],"replies":[{"embeddable":true,"href":"https:\/\/reward.pt\/en\/wp-json\/wp\/v2\/comments?post=24598"}],"version-history":[{"count":1,"href":"https:\/\/reward.pt\/en\/wp-json\/wp\/v2\/posts\/24598\/revisions"}],"predecessor-version":[{"id":24603,"href":"https:\/\/reward.pt\/en\/wp-json\/wp\/v2\/posts\/24598\/revisions\/24603"}],"wp:featuredmedia":[{"embeddable":true,"href":"https:\/\/reward.pt\/en\/wp-json\/wp\/v2\/media\/24602"}],"wp:attachment":[{"href":"https:\/\/reward.pt\/en\/wp-json\/wp\/v2\/media?parent=24598"}],"wp:term":[{"taxonomy":"category","embeddable":true,"href":"https:\/\/reward.pt\/en\/wp-json\/wp\/v2\/categories?post=24598"},{"taxonomy":"post_tag","embeddable":true,"href":"https:\/\/reward.pt\/en\/wp-json\/wp\/v2\/tags?post=24598"}],"curies":[{"name":"wp","href":"https:\/\/api.w.org\/{rel}","templated":true}]}}