{"id":24758,"date":"2024-12-11T15:14:47","date_gmt":"2024-12-11T15:14:47","guid":{"rendered":"https:\/\/reward.pt\/?p=24758"},"modified":"2024-12-11T15:14:51","modified_gmt":"2024-12-11T15:14:51","slug":"centro-2020-atingiu-execucao-plena-porem-nao-alcancou-a-meta-de-reforco-de-id","status":"publish","type":"post","link":"https:\/\/reward.pt\/en\/centro-2020-atingiu-execucao-plena-porem-nao-alcancou-a-meta-de-reforco-de-id\/","title":{"rendered":"Centro 2020 atingiu execu\u00e7\u00e3o plena por\u00e9m n\u00e3o alcan\u00e7ou a meta de refor\u00e7o de I&amp;D"},"content":{"rendered":"<p>O Programa Centro 2020 encerrou e atingiu execu\u00e7\u00e3o plena segundo indica\u00e7\u00f5es de Isabel Damasceno na cerim\u00f3nia de encerramento do Programa. Embora tenha encerrado sem ter de devolver verbas comunit\u00e1rias, o Centro 2020 n\u00e3o alcan\u00e7ou a meta de refor\u00e7o da investiga\u00e7\u00e3o e desenvolvimento em percentagem do PIB.<\/p>\n\n\n\n<p>A presidente da CCDR Centro indicou que a meta de refor\u00e7o da I&amp;D em percentagem do PIB definida no Portugal 2020 seria entre 2,7% e 3,3%, no entanto o resultado ficou sempre abaixo da previs\u00e3o.<\/p>\n\n\n\n<p>Em 2020 o investimento em I&amp;D em percentagem do PIB era de 1,43% e embora tenha evolu\u00eddo positivamente em 2021 (1,53% do PIB) e 2022 (1,58%). Isabel Damasceno reconheceu que ficou \u201cmuito aqu\u00e9m da meta prevista\u201d e que existe \u201cuma preocupa\u00e7\u00e3o evidente em rela\u00e7\u00e3o \u00e0 I&amp;D\u201d.<\/p>\n\n\n\n<p>O desempenho do investimento em investiga\u00e7\u00e3o e desenvolvimento em percentagem do PIB foi negativamente impactado por acontecimentos como os inc\u00eandios que devastaram a regi\u00e3o centro de Portugal em 2017, o cen\u00e1rio pand\u00e9mico de COVID-19, a invas\u00e3o da Ucr\u00e2nia por parte da R\u00fassia e o ciclo de infla\u00e7\u00e3o sentido atualmente.<\/p>\n\n\n\n<p>A presidente da CCDR indicou que \u201cforam muitas as vicissitudes e dificuldades\u201d e relacionou o impacto negativo da pandemia no tecido empresarial com o fraco desempenho da meta.<\/p>\n\n\n\n<p>Duarte Rodrigues, vice-presidente da AD&amp;C, indica que existe um problema a n\u00edvel europeu de defini\u00e7\u00e3o do que \u00e9 investiga\u00e7\u00e3o e desenvolvimento e que os estados-membros da UE n\u00e3o est\u00e3o a cumprir a meta.<\/p>\n\n\n\n<p>Durante a confer\u00eancia \u201cOs fundos europeus n\u00e3o s\u00e3o invis\u00edveis\u201d foi realizado um balan\u00e7o do uso dos fundos do Programa Centro 2020. Foram financiados 3.465 projetos empresariais e 1544 projetos municipais.<\/p>\n\n\n\n<p>Ao comparar o Portugal 2020 com os quadros comunit\u00e1rios anteriores concluiu-se que os fundos europeus t\u00eam uma preponder\u00e2ncia crescente para o investimento p\u00fablico e que os quadros comunit\u00e1rios s\u00e3o iniciados cada vez mais tarde devido ao extenso trabalho preparat\u00f3rio exigido.<\/p>","protected":false},"excerpt":{"rendered":"<p>O Programa Centro 2020 encerrou e atingiu execu\u00e7\u00e3o plena segundo indica\u00e7\u00f5es de Isabel Damasceno na cerim\u00f3nia de encerramento do Programa. Embora tenha encerrado sem ter de devolver verbas comunit\u00e1rias, o Centro 2020 n\u00e3o alcan\u00e7ou a meta de refor\u00e7o da investiga\u00e7\u00e3o e desenvolvimento em percentagem do PIB. A presidente da CCDR Centro indicou que a meta [&hellip;]<\/p>","protected":false},"author":2,"featured_media":24759,"comment_status":"open","ping_status":"open","sticky":false,"template":"","format":"standard","meta":{"_acf_changed":false,"footnotes":""},"categories":[809,98,1,10,7],"tags":[1539,1540],"class_list":["post-24758","post","type-post","status-publish","format-standard","has-post-thumbnail","hentry","category-destaque","category-id","category-noticias","category-portugal2020","category-sistemas-de-incentivos","tag-centro-2020","tag-meta-de-reforco-de-id"],"acf":[],"_links":{"self":[{"href":"https:\/\/reward.pt\/en\/wp-json\/wp\/v2\/posts\/24758","targetHints":{"allow":["GET"]}}],"collection":[{"href":"https:\/\/reward.pt\/en\/wp-json\/wp\/v2\/posts"}],"about":[{"href":"https:\/\/reward.pt\/en\/wp-json\/wp\/v2\/types\/post"}],"author":[{"embeddable":true,"href":"https:\/\/reward.pt\/en\/wp-json\/wp\/v2\/users\/2"}],"replies":[{"embeddable":true,"href":"https:\/\/reward.pt\/en\/wp-json\/wp\/v2\/comments?post=24758"}],"version-history":[{"count":1,"href":"https:\/\/reward.pt\/en\/wp-json\/wp\/v2\/posts\/24758\/revisions"}],"predecessor-version":[{"id":24760,"href":"https:\/\/reward.pt\/en\/wp-json\/wp\/v2\/posts\/24758\/revisions\/24760"}],"wp:featuredmedia":[{"embeddable":true,"href":"https:\/\/reward.pt\/en\/wp-json\/wp\/v2\/media\/24759"}],"wp:attachment":[{"href":"https:\/\/reward.pt\/en\/wp-json\/wp\/v2\/media?parent=24758"}],"wp:term":[{"taxonomy":"category","embeddable":true,"href":"https:\/\/reward.pt\/en\/wp-json\/wp\/v2\/categories?post=24758"},{"taxonomy":"post_tag","embeddable":true,"href":"https:\/\/reward.pt\/en\/wp-json\/wp\/v2\/tags?post=24758"}],"curies":[{"name":"wp","href":"https:\/\/api.w.org\/{rel}","templated":true}]}}