{"id":24774,"date":"2024-12-16T15:43:45","date_gmt":"2024-12-16T15:43:45","guid":{"rendered":"https:\/\/reward.pt\/?p=24774"},"modified":"2024-12-16T15:43:49","modified_gmt":"2024-12-16T15:43:49","slug":"ue-cria-sistema-de-certificacao-voluntario-para-remocao-carbonica","status":"publish","type":"post","link":"https:\/\/reward.pt\/en\/ue-cria-sistema-de-certificacao-voluntario-para-remocao-carbonica\/","title":{"rendered":"UE cria sistema de certifica\u00e7\u00e3o volunt\u00e1rio para remo\u00e7\u00e3o carb\u00f3nica"},"content":{"rendered":"<p>A Uni\u00e3o Europeia criou um sistema de certifica\u00e7\u00e3o destinado a atividades de remo\u00e7\u00e3o carb\u00f3nica no espa\u00e7o europeu. O regulamento ir\u00e1 entrar em vigor a 26 de dezembro 2024.<\/p>\n\n\n\n<p>O parlamento europeu aprovou durante a semana passada o acordo para o novo quadro de certifica\u00e7\u00e3o volunt\u00e1ria que abrange todos os Estados-membros, destinado \u00e0 remo\u00e7\u00e3o de carbono. A nova lei vai criar um quadro para impulsionar a remo\u00e7\u00e3o carb\u00f3nico dentro da UE e alcan\u00e7ar a neutralidade carb\u00f3nica at\u00e9 2050.<\/p>\n\n\n\n<p>O objetivo da legisla\u00e7\u00e3o \u00e9 aumentar a remo\u00e7\u00e3o de carbono e melhorar a capacidade da UE para quantificar, acompanhar e verificar estas atividades, de forma a combater o branqueamento ecol\u00f3gico.<\/p>\n\n\n\n<p>A legisla\u00e7\u00e3o abrange tipos distintos de remo\u00e7\u00e3o carb\u00f3nica:<\/p>\n\n\n\n<ul class=\"wp-block-list\">\n<li>Armazenamento permanente de carbono via tecnologias industriais &#8211; Armazenamento de carbono por um per\u00edodo m\u00ednimo de 200 anos (captura direta da atmosfera e respetivo armazenamento, ou produ\u00e7\u00e3o de bioenergia com captura e armazenamento de carbono)<\/li>\n\n\n\n<li>Armazenamento de carbono em produtos duradouros &#8211; Armazenamento durante per\u00edodo m\u00ednimo de 35 anos (materiais de constru\u00e7\u00e3o \u00e0 base de madeira e materiais de isolamento t\u00e9rmico)<\/li>\n\n\n\n<li>Agricultura de baixo carbono &#8211; Repara\u00e7\u00e3o de florestas e solos, gest\u00e3o de zonas h\u00famidas para armazenamento do carbono no solo ou redu\u00e7\u00e3o de emiss\u00f5es por per\u00edodo m\u00ednimo de 5 anos (Lavoura zero, re-humidifica\u00e7\u00e3o, culturas de coberta)<\/li>\n<\/ul>\n\n\n\n<div style=\"height:35px\" aria-hidden=\"true\" class=\"wp-block-spacer\"><\/div>\n\n\n\n<p>Para obter a certifica\u00e7\u00e3o, as atividades de remo\u00e7\u00e3o carb\u00f3nica devem cumprir 4 requisitos:<\/p>\n\n\n\n<ol class=\"wp-block-list\">\n<li>Representar benef\u00edcios quantific\u00e1veis de remo\u00e7\u00e3o de carbono ou redu\u00e7\u00e3o de emiss\u00f5es do solo;<\/li>\n\n\n\n<li>Ser adicionais (ir para al\u00e9m dos requisitos legais exigidos a um operador individual);<\/li>\n\n\n\n<li>Garantir o armazenamento de carbono a longo prazo, de forma a minimizar o risco de liberta\u00e7\u00e3o;<\/li>\n\n\n\n<li>Cumprir o principio \u201cDNSH\u201d (Do Not Significatively Harm &#8211; N\u00e3o prejudicar significativamente) o ambiente.<\/li>\n<\/ol>\n\n\n\n<div style=\"height:35px\" aria-hidden=\"true\" class=\"wp-block-spacer\"><\/div>\n\n\n\n<p>Em abril de 2023, o Parlamento adotou uma resolu\u00e7\u00e3o sobre\u00a0<a href=\"https:\/\/www.europarl.europa.eu\/news\/en\/press-room\/20230414IPR80118\/carbon-removals-more-efforts-needed-to-achieve-carbon-neutrality-say-meps\" target=\"_blank\" rel=\"noopener\">ciclos de carbono sustent\u00e1veis<\/a>\u00a0que refor\u00e7a a import\u00e2ncia das remo\u00e7\u00f5es de carbono para alcan\u00e7ar a neutralidade clim\u00e1tica da Uni\u00e3o Europeia at\u00e9 2050 para equilibrar as emiss\u00f5es que n\u00e3o podem ser eliminadas.<\/p>\n\n\n\n<figure class=\"wp-block-image size-full\"><img loading=\"lazy\" decoding=\"async\" width=\"1108\" height=\"823\" src=\"https:\/\/reward.pt\/wp-content\/uploads\/neutralidade-carbonica-2050-Uniao-europeia.png\" alt=\"\" class=\"wp-image-24775\" title=\"\" srcset=\"https:\/\/reward.pt\/wp-content\/uploads\/neutralidade-carbonica-2050-Uniao-europeia.png 1108w, https:\/\/reward.pt\/wp-content\/uploads\/neutralidade-carbonica-2050-Uniao-europeia-768x570.png 768w, https:\/\/reward.pt\/wp-content\/uploads\/neutralidade-carbonica-2050-Uniao-europeia-16x12.png 16w\" sizes=\"auto, (max-width: 1108px) 100vw, 1108px\" \/><\/figure>\n\n\n\n<p>As empresas devem ter os seus modelos de neg\u00f3cio em compliance com os princ\u00edpios de neutralidade carb\u00f3nica, devem tamb\u00e9m conseguir identificar a origem das suas emiss\u00f5es de gases com efeito de estufa (GEE), quantifica-las e encontras estrat\u00e9gias para as evitar, reduzir ou compensar (em caso de inevitabilidade).<\/p>\n\n\n\n<div style=\"height:35px\" aria-hidden=\"true\" class=\"wp-block-spacer\"><\/div>\n\n\n\n<h2 class=\"wp-block-heading\">O que \u00e9 a remo\u00e7\u00e3o de carbono?<\/h2>\n\n\n\n<p>Remo\u00e7\u00e3o de carbono \u00e9 o processo de remo\u00e7\u00e3o de di\u00f3xido de carbono (CO2) da atmosfera. Esta atividade \u00e9 imprescind\u00edvel para compensar as emiss\u00f5es inevit\u00e1veis e limitar o aquecimento global. A remo\u00e7\u00e3o carb\u00f3nica implica que o CO2 \u00e9 retirado da atmosfera e armazenado para n\u00e3o contribuir para o aumento de temperatura global.<\/p>\n\n\n\n<div style=\"height:35px\" aria-hidden=\"true\" class=\"wp-block-spacer\"><\/div>\n\n\n\n<h2 class=\"wp-block-heading\">Principais formas de remo\u00e7\u00e3o carb\u00f3nica<\/h2>\n\n\n\n<ul class=\"wp-block-list\">\n<li>Restauro das florestas e solos para aumentar a sua capacidade natural de armazenamento de carbono,<\/li>\n\n\n\n<li>Otimiza\u00e7\u00e3o da gest\u00e3o de terras agr\u00edcolas para aumentar o seu potencial de armazenamento,<\/li>\n\n\n\n<li>Captura direta de carbono com sistemas mec\u00e2nicos que sugam o CO2 e o introduzem em instala\u00e7\u00f5es ou produtos de armazenamento,<\/li>\n\n\n\n<li>Sequestro do carbono dos biocombust\u00edveis e instala\u00e7\u00f5es de produ\u00e7\u00e3o de energia,<\/li>\n\n\n\n<li>Armazenamento em produtos duradouros (madeira usada para constru\u00e7\u00e3o)<\/li>\n<\/ul>","protected":false},"excerpt":{"rendered":"<p>A Uni\u00e3o Europeia criou um sistema de certifica\u00e7\u00e3o destinado a atividades de remo\u00e7\u00e3o carb\u00f3nica no espa\u00e7o europeu. O regulamento ir\u00e1 entrar em vigor a 26 de dezembro 2024. O parlamento europeu aprovou durante a semana passada o acordo para o novo quadro de certifica\u00e7\u00e3o volunt\u00e1ria que abrange todos os Estados-membros, destinado \u00e0 remo\u00e7\u00e3o de carbono. [&hellip;]<\/p>","protected":false},"author":2,"featured_media":24776,"comment_status":"closed","ping_status":"open","sticky":false,"template":"","format":"standard","meta":{"_acf_changed":false,"footnotes":""},"categories":[809,98,1],"tags":[],"class_list":["post-24774","post","type-post","status-publish","format-standard","has-post-thumbnail","hentry","category-destaque","category-id","category-noticias"],"acf":[],"_links":{"self":[{"href":"https:\/\/reward.pt\/en\/wp-json\/wp\/v2\/posts\/24774","targetHints":{"allow":["GET"]}}],"collection":[{"href":"https:\/\/reward.pt\/en\/wp-json\/wp\/v2\/posts"}],"about":[{"href":"https:\/\/reward.pt\/en\/wp-json\/wp\/v2\/types\/post"}],"author":[{"embeddable":true,"href":"https:\/\/reward.pt\/en\/wp-json\/wp\/v2\/users\/2"}],"replies":[{"embeddable":true,"href":"https:\/\/reward.pt\/en\/wp-json\/wp\/v2\/comments?post=24774"}],"version-history":[{"count":1,"href":"https:\/\/reward.pt\/en\/wp-json\/wp\/v2\/posts\/24774\/revisions"}],"predecessor-version":[{"id":24777,"href":"https:\/\/reward.pt\/en\/wp-json\/wp\/v2\/posts\/24774\/revisions\/24777"}],"wp:featuredmedia":[{"embeddable":true,"href":"https:\/\/reward.pt\/en\/wp-json\/wp\/v2\/media\/24776"}],"wp:attachment":[{"href":"https:\/\/reward.pt\/en\/wp-json\/wp\/v2\/media?parent=24774"}],"wp:term":[{"taxonomy":"category","embeddable":true,"href":"https:\/\/reward.pt\/en\/wp-json\/wp\/v2\/categories?post=24774"},{"taxonomy":"post_tag","embeddable":true,"href":"https:\/\/reward.pt\/en\/wp-json\/wp\/v2\/tags?post=24774"}],"curies":[{"name":"wp","href":"https:\/\/api.w.org\/{rel}","templated":true}]}}