{"id":25048,"date":"2025-01-21T16:03:01","date_gmt":"2025-01-21T16:03:01","guid":{"rendered":"https:\/\/reward.pt\/?p=25048"},"modified":"2025-01-21T16:03:05","modified_gmt":"2025-01-21T16:03:05","slug":"fevereiro-2025-calendario-fiscal","status":"publish","type":"post","link":"https:\/\/reward.pt\/en\/fevereiro-2025-calendario-fiscal\/","title":{"rendered":"Fevereiro 2025 | Calend\u00e1rio fiscal"},"content":{"rendered":"<figure class=\"wp-block-embed is-type-video is-provider-youtube wp-block-embed-youtube wp-embed-aspect-16-9 wp-has-aspect-ratio\"><div class=\"wp-block-embed__wrapper\">\n<iframe loading=\"lazy\" title=\"Fevereiro 2025 | Calend\u00e1rio fiscal para empresas\" width=\"500\" height=\"281\" src=\"https:\/\/www.youtube.com\/embed\/ok6mysi-LQM?feature=oembed\" frameborder=\"0\" allow=\"accelerometer; autoplay; clipboard-write; encrypted-media; gyroscope; picture-in-picture; web-share\" referrerpolicy=\"strict-origin-when-cross-origin\" allowfullscreen><\/iframe>\n<\/div><figcaption class=\"wp-element-caption\"><em>Calend\u00e1rio fiscal de fevereiro 2025<\/em><\/figcaption><\/figure>\n\n\n\n<div style=\"height:40px\" aria-hidden=\"true\" class=\"wp-block-spacer\"><\/div>\n\n\n\n<p>O Calend\u00e1rio Fiscal de Fevereiro 2025 para empresas \u00e9 um guia dos prazos, obriga\u00e7\u00f5es e pagamentos fiscais para todo o tipo de organiza\u00e7\u00f5es e neg\u00f3cios. Esta rubrica abrange todas as atividades empresariais para total compliance tribut\u00e1ria.<\/p>\n\n\n\n<p>O calend\u00e1rio fiscal \u00e9 atualizado mensalmente para permitir \u00e0s empresas evitar incumprimentos, atrasos e planear as suas finan\u00e7as de forma mais eficaz.<\/p>\n\n\n\n<p>N\u00e3o perca os prazos importantes em Fevereiro 2025 com a rubrica de Calend\u00e1rio fiscal para empresas.<\/p>\n\n\n\n<div style=\"height:40px\" aria-hidden=\"true\" class=\"wp-block-spacer\"><\/div>\n\n\n\n<h2 class=\"wp-block-heading\">Obriga\u00e7\u00f5es de fevereiro 2025 para empresas<\/h2>\n\n\n\n<figure class=\"wp-block-table\"><table><thead><tr><th>Dia<\/th><th>Obriga\u00e7\u00e3o \/ imposto<\/th><th>Observa\u00e7\u00f5es<\/th><\/tr><\/thead><tbody><tr><td><strong>5<\/strong><\/td><td>IRS \/ IRC \/ IVA<\/td><td>Comunica\u00e7\u00e3o eletr\u00f3nica dos elementos das faturas emitidas no m\u00eas anterior (SAF-T Fatura\u00e7\u00e3o)<\/td><\/tr><tr><td><strong>10<\/strong><\/td><td>IRS \/ SS<\/td><td>Envio eletr\u00f3nico da Declara\u00e7\u00e3o Mensal de Remunera\u00e7\u00f5es AT\/SS &#8211; m\u00eas anterior<\/td><\/tr><tr><td><\/td><td>IRC \/ IRS<\/td><td>Envio eletr\u00f3nico da Dec. Modelo 10 (rendimentos n\u00e3o declarados na Dec. Mensal de Remunera\u00e7\u00f5es)<\/td><\/tr><tr><td><strong>15<\/strong><\/td><td>Intrastat<\/td><td>Envio da Declara\u00e7\u00e3o Intrastat, referente \u00e0s opera\u00e7\u00f5es do m\u00eas anterior<\/td><\/tr><tr><td><strong>17<\/strong><\/td><td>IRS<\/td><td>Consulta e atualiza\u00e7\u00e3o eletr\u00f3nica de dados do agregado familiar e outros elementos elementos pessoais relevantes<\/td><\/tr><tr><td><\/td><td>IRS<\/td><td>Comunica\u00e7\u00e3o de frequ\u00eancia de estabelecimentos de ensino de dependente com rendimentos<\/td><\/tr><tr><td><\/td><td>IRS<\/td><td>Comunica\u00e7\u00e3o relativa aos contrato de arrendamento de longa dura\u00e7\u00e3o<\/td><\/tr><tr><td><\/td><td>IRS<\/td><td>Comunica\u00e7\u00e3o dos membros do agregado familiar que frequentam estabelecimentos de ensino situados em territ\u00f3rio do interior \/ regi\u00f5es aut\u00f3nomas e o valor total das despesas suportadas<\/td><\/tr><tr><td><\/td><td>IVA<\/td><td>Prazo para op\u00e7\u00e3o pela modalidade de pagamento do IVA das importa\u00e7\u00f5es de bens via declara\u00e7\u00e3o peri\u00f3dica mensal (Portal das Finan\u00e7as), para come\u00e7ar no m\u00eas seguinte<\/td><\/tr><tr><td><\/td><td>IRS \/ IMT \/ IS<\/td><td>Envio eletr\u00f3nico da Dec. modelo 11 &#8211; Not\u00e1rios e outros funcion\u00e1rios<\/td><\/tr><tr><td><\/td><td>IRS<\/td><td>Registo de faturas de arrendamento p\/ mudan\u00e7a de resid\u00eancia para o interior<\/td><\/tr><tr><td><\/td><td>AIMI<\/td><td>Comunica\u00e7\u00e3o eletr\u00f3nica de titularidade de pr\u00e9dios que integram a comunh\u00e3o de bens de sujeitos passivos casados &#8211; Atualiza\u00e7\u00e3o de matriz<\/td><\/tr><tr><td><strong>20<\/strong><\/td><td>IVA<\/td><td>Envio eletr\u00f3nico da Declara\u00e7\u00e3o Peri\u00f3dica e devidos anexos &#8211; Regime normal Trimestral<\/td><\/tr><tr><td><\/td><td>IVA<\/td><td>Envio eletr\u00f3nico da Declara\u00e7\u00e3o Peri\u00f3dica e devidos anexos &#8211; Regime normal Mensal<\/td><\/tr><tr><td><\/td><td>SS<\/td><td>Pagamento das contribui\u00e7\u00f5es para a Seguran\u00e7a Social<\/td><\/tr><tr><td><\/td><td>IVA<\/td><td>Envio eletr\u00f3nico da Declara\u00e7\u00e3o Recapitulativa para sujeitos abrangidos pelo Regime Normal Mensal que tenham realizado transmiss\u00f5es intracomunit\u00e1rias de bens ou servi\u00e7os a sujeitos passivos registados noutros Estados membro da UE<\/td><\/tr><tr><td><\/td><td>IS<\/td><td>Entrega da Declara\u00e7\u00e3o Mensal de Imposto do Selo e respetivo pagamento<\/td><\/tr><tr><td><\/td><td>IRS \/ IRC<\/td><td>Envio da declara\u00e7\u00e3o e pagamento do IRS e IRC retido no pagamento ou coloca\u00e7\u00e3o \u00e0 disposi\u00e7\u00e3o dos rendimentos &#8211; m\u00eas anterior<\/td><\/tr><tr><td><\/td><td>IVA<\/td><td>Entrega da Declara\u00e7\u00e3o Modelo P2 ou da guia Modelo 1074, por retalhistas sujeitos ao regime de tributa\u00e7\u00e3o previsto no art. 60.\u00ba do CIVA, consoante haja, ou n\u00e3o, imposto a pagar &#8211; 4.\u00ba trimestre de 2024<\/td><\/tr><tr><td><\/td><td>Banco de Portugal<\/td><td>COPE &#8211; Comunica\u00e7\u00e3o de Opera\u00e7\u00f5es e Posi\u00e7\u00f5es com o Exterior relativas ao m\u00eas anterior<\/td><\/tr><tr><td><strong>25<\/strong><\/td><td>IRS<\/td><td>Afeta\u00e7\u00e3o de despesas e im\u00f3veis \u00e0 atividade do sujeito passivo na categoria B<\/td><\/tr><tr><td><\/td><td>IVA<\/td><td>Pagamento do IVA a efetuar pelos sujeitos passivos do regime normal trimestral &#8211; opera\u00e7\u00f5es no 4.\u00ba trimestre.<\/td><\/tr><tr><td><\/td><td>IVA<\/td><td>Pagamento do IVA a efetuar pelos sujeitos passivos do regime normal mensal &#8211; opera\u00e7\u00f5es de dezembro 2024<\/td><\/tr><tr><td><\/td><td>IRS<\/td><td>Prazo para confirma\u00e7\u00e3o e comunica\u00e7\u00e3o, pelos adquirentes de bens e servi\u00e7os, de faturas no E-fatura<\/td><\/tr><tr><td><strong>28<\/strong><\/td><td>IRS<\/td><td>Envio eletr\u00f3nico da Declara\u00e7\u00e3o Modelo 39 por entidades que pagaram \/ colocaram rendimentos sujeitos a reten\u00e7\u00e3o na fonte \u00e0 disposi\u00e7\u00e3o dos titulares no ano anterior, residentes e sem isen\u00e7\u00e3o ou redu\u00e7\u00e3o de taxa<\/td><\/tr><tr><td><\/td><td>IRS<\/td><td>Envio eletr\u00f3nico da Declara\u00e7\u00e3o Modelo 16, pelas Entidades gestoras dos Fundos de Poupan\u00e7a em A\u00e7\u00f5es<\/td><\/tr><tr><td><\/td><td>IUC<\/td><td>Pagamento do Imposto \u00danico de Circula\u00e7\u00e3o de fevereiro de 2025<\/td><\/tr><tr><td><\/td><td>IRC \/ IRS<\/td><td>Envio da Declara\u00e7\u00e3o Modelo 42, por entidades que pagaram subs\u00eddios ou subven\u00e7\u00f5es n\u00e3o reembols\u00e1veis (atividades do art. 3.\u00ba do CIRS) ou a sujeitos passivos de IRC, relativos aos rendimentos de 2024<\/td><\/tr><tr><td><\/td><td>IRC \/ IRS<\/td><td>Envio da Declara\u00e7\u00e3o Modelo 30 de rendimentos pagos ou colocados \u00e0 disposi\u00e7\u00e3o de sujeitos passivos n\u00e3o residentes em dezembro 2024<\/td><\/tr><tr><td><\/td><td>IRC<\/td><td>Op\u00e7\u00e3o pelo Regime Simplificado de determina\u00e7\u00e3o da mat\u00e9ria colet\u00e1vel.<\/td><\/tr><tr><td><\/td><td>IRC \/ IRS<\/td><td>Envio eletr\u00f3nico da Declara\u00e7\u00e3o Modelo 25, por entidades benefici\u00e1rias de donativos fiscalmente relevantes recebidos em 2024 &#8211; regime consagrado no Estatuto dos Benef\u00edcios Fiscais e do Estatuto do Mecenato Cient\u00edfico<\/td><\/tr><\/tbody><\/table><\/figure>","protected":false},"excerpt":{"rendered":"<p>O Calend\u00e1rio Fiscal de Fevereiro 2025 para empresas \u00e9 um guia dos prazos, obriga\u00e7\u00f5es e pagamentos fiscais para todo o tipo de organiza\u00e7\u00f5es e neg\u00f3cios. Esta rubrica abrange todas as atividades empresariais para total compliance tribut\u00e1ria. O calend\u00e1rio fiscal \u00e9 atualizado mensalmente para permitir \u00e0s empresas evitar incumprimentos, atrasos e planear as suas finan\u00e7as de [&hellip;]<\/p>","protected":false},"author":2,"featured_media":25050,"comment_status":"closed","ping_status":"open","sticky":false,"template":"","format":"standard","meta":{"_acf_changed":false,"footnotes":""},"categories":[1235,3,809,171,519],"tags":[488,1583,1582,120,1262,443],"class_list":["post-25048","post","type-post","status-publish","format-standard","has-post-thumbnail","hentry","category-calendario-fiscal","category-contabilidade","category-destaque","category-obrigacoes-fiscais","category-rubricas","tag-banco-de-portugal","tag-imt","tag-intrastat","tag-irs","tag-iuc","tag-seguranca-social"],"acf":[],"_links":{"self":[{"href":"https:\/\/reward.pt\/en\/wp-json\/wp\/v2\/posts\/25048","targetHints":{"allow":["GET"]}}],"collection":[{"href":"https:\/\/reward.pt\/en\/wp-json\/wp\/v2\/posts"}],"about":[{"href":"https:\/\/reward.pt\/en\/wp-json\/wp\/v2\/types\/post"}],"author":[{"embeddable":true,"href":"https:\/\/reward.pt\/en\/wp-json\/wp\/v2\/users\/2"}],"replies":[{"embeddable":true,"href":"https:\/\/reward.pt\/en\/wp-json\/wp\/v2\/comments?post=25048"}],"version-history":[{"count":1,"href":"https:\/\/reward.pt\/en\/wp-json\/wp\/v2\/posts\/25048\/revisions"}],"predecessor-version":[{"id":25051,"href":"https:\/\/reward.pt\/en\/wp-json\/wp\/v2\/posts\/25048\/revisions\/25051"}],"wp:featuredmedia":[{"embeddable":true,"href":"https:\/\/reward.pt\/en\/wp-json\/wp\/v2\/media\/25050"}],"wp:attachment":[{"href":"https:\/\/reward.pt\/en\/wp-json\/wp\/v2\/media?parent=25048"}],"wp:term":[{"taxonomy":"category","embeddable":true,"href":"https:\/\/reward.pt\/en\/wp-json\/wp\/v2\/categories?post=25048"},{"taxonomy":"post_tag","embeddable":true,"href":"https:\/\/reward.pt\/en\/wp-json\/wp\/v2\/tags?post=25048"}],"curies":[{"name":"wp","href":"https:\/\/api.w.org\/{rel}","templated":true}]}}