{"id":25131,"date":"2025-02-26T17:14:21","date_gmt":"2025-02-26T17:14:21","guid":{"rendered":"https:\/\/reward.pt\/?p=25131"},"modified":"2025-02-26T17:26:38","modified_gmt":"2025-02-26T17:26:38","slug":"marco-2025-calendario-fiscal-para-empresas","status":"publish","type":"post","link":"https:\/\/reward.pt\/en\/marco-2025-calendario-fiscal-para-empresas\/","title":{"rendered":"Mar\u00e7o 2025 | Calend\u00e1rio fiscal para empresas"},"content":{"rendered":"<figure class=\"wp-block-embed is-type-video is-provider-youtube wp-block-embed-youtube wp-embed-aspect-16-9 wp-has-aspect-ratio\"><div class=\"wp-block-embed__wrapper\">\n<iframe loading=\"lazy\" title=\"Mar\u00e7o 2025 | Calend\u00e1rio fiscal para empresas\" width=\"500\" height=\"281\" src=\"https:\/\/www.youtube.com\/embed\/tFCEurEBexA?feature=oembed\" frameborder=\"0\" allow=\"accelerometer; autoplay; clipboard-write; encrypted-media; gyroscope; picture-in-picture; web-share\" referrerpolicy=\"strict-origin-when-cross-origin\" allowfullscreen><\/iframe>\n<\/div><\/figure>\n\n\n\n<p>O Calend\u00e1rio Fiscal para empresas de Mar\u00e7o 2025 \u00e9 um guia dos prazos, obriga\u00e7\u00f5es e pagamentos fiscais para todo o tipo de organiza\u00e7\u00f5es e neg\u00f3cios. Esta rubrica abrange todas as atividades empresariais para total compliance tribut\u00e1ria.<\/p>\n\n\n\n<p>O calend\u00e1rio fiscal \u00e9 atualizado mensalmente para permitir \u00e0s empresas evitar incumprimentos, atrasos e planear as suas finan\u00e7as de forma mais eficaz.<\/p>\n\n\n\n<p>N\u00e3o perca os prazos importantes em Mar\u00e7o 2025 com a rubrica de Calend\u00e1rio fiscal para empresas.<\/p>\n\n\n\n<div style=\"height:60px\" aria-hidden=\"true\" class=\"wp-block-spacer\"><\/div>\n\n\n\n<figure class=\"wp-block-table\"><table><thead><tr><th>Prazo<\/th><th>Obriga\u00e7\u00e3o \/ imposto<\/th><th>Observa\u00e7\u00f5es<\/th><\/tr><\/thead><tbody><tr><td><strong>At\u00e9 dia 5<\/strong><\/td><td>IRS \/ IRC \/ IVA<\/td><td>Comunica\u00e7\u00e3o eletr\u00f3nica dos elementos das faturas emitidas no m\u00eas anterior (SAF-T de Fatura\u00e7\u00e3o)<\/td><\/tr><tr><td><strong>At\u00e9 dia 10<\/strong><\/td><td>IRS \/ IRC \/ SS<\/td><td>Envio eletr\u00f3nico da Declara\u00e7\u00e3o Mensal de Remunera\u00e7\u00f5es AT\/SS &#8211; m\u00eas anterior<\/td><\/tr><tr><td><strong>At\u00e9 dia 15<\/strong><\/td><td>Intrastat<\/td><td>Envio da Declara\u00e7\u00e3o Intrastat, referente \u00e0s opera\u00e7\u00f5es do m\u00eas anterior<\/td><\/tr><tr><td><strong>At\u00e9 dia 17<\/strong><\/td><td>IRS <\/td><td>Prazo de disponibiliza\u00e7\u00e3o de informa\u00e7\u00e3o &#8211; Dedu\u00e7\u00e3o coleta IRS<\/td><\/tr><tr><td><\/td><td>IVA<\/td><td>Envio eletr\u00f3nico da Declara\u00e7\u00e3o Modelo 11 por Not\u00e1rios ou equivalentes referente ao m\u00eas anterior<\/td><\/tr><tr><td><\/td><td>IVA<\/td><td>Prazo para op\u00e7\u00e3o pela mod. de pagamento do IVA das importa\u00e7\u00f5es de bens<\/td><\/tr><tr><td><strong>At\u00e9 dia 20<\/strong><\/td><td>IVA<\/td><td>Envio eletr\u00f3nico da Declara\u00e7\u00e3o Peri\u00f3dica (janeiro) &#8211; Regime Normal Mensal<\/td><\/tr><tr><td><\/td><td>IVA<\/td><td>Envio eletr\u00f3nico da Declara\u00e7\u00e3o Recapitulativa (m\u00eas anterior) &#8211; Regime Normal Mensal<\/td><\/tr><tr><td><\/td><td>IRS \/ IRC<\/td><td>Envio da Declara\u00e7\u00e3o e pagamento de IRS e IRC referente ao m\u00eas anterior<\/td><\/tr><tr><td><\/td><td>Imposto de Selo<\/td><td>Entrega da Declara\u00e7\u00e3o Mensal de Imposto do Selo (DMIS) e respetivo pagamento.<\/td><\/tr><tr><td><\/td><td>Banco de Portugal<\/td><td>COPE &#8211; Comunica\u00e7\u00e3o de Opera\u00e7\u00f5es e Posi\u00e7\u00f5es com o Exterior relativas ao m\u00eas anterior<\/td><\/tr><tr><td><strong>At\u00e9 dia 25<\/strong><\/td><td>IVA<\/td><td>Pagamento do IVA pelos sujeitos passivos relativo \u00e0s opera\u00e7\u00f5es de janeiro &#8211; Regime normal mensal<\/td><\/tr><tr><td><strong>At\u00e9 dia 31<\/strong><\/td><td>IUC<\/td><td>Pagamento do Imposto \u00danico de Circula\u00e7\u00e3o de mar\u00e7o 2025<\/td><\/tr><tr><td><\/td><td>IVA<\/td><td>Entrega da Declara\u00e7\u00e3o Modelo 1074 em triplicado (aquisi\u00e7\u00f5es do ano anterior)<\/td><\/tr><tr><td><\/td><td>IVA<\/td><td>Envio eletr\u00f3nico do pedido de compensa\u00e7\u00e3o forfet\u00e1ria (ano anterior)<\/td><\/tr><tr><td><\/td><td>IRC<\/td><td>Envio eletr\u00f3nico da Declara\u00e7\u00e3o de altera\u00e7\u00f5es relativamente aos gastos de financiamento<\/td><\/tr><tr><td><\/td><td>IRC<\/td><td>Envio eletr\u00f3nico da Declara\u00e7\u00e3o de altera\u00e7\u00f5es &#8211; Estabelecimento situado fora de Portugal<\/td><\/tr><tr><td><\/td><td>AIMI<\/td><td>Declara\u00e7\u00e3o de herdeiros e quotas por parte do cabe\u00e7a-de-casal<\/td><\/tr><tr><td><\/td><td>IRS<\/td><td>Prazo para apresentar reclama\u00e7\u00e3o do montante da dedu\u00e7\u00e3o \u00e0 coleta de IRS<\/td><\/tr><tr><td><\/td><td>IRS<\/td><td>Prazo para optar entre regime simplificado e regime de contabilidade organizada (Declara\u00e7\u00e3o de Altera\u00e7\u00f5es)<\/td><\/tr><tr><td><\/td><td>IRS<\/td><td>Envio eletr\u00f3nico da Declara\u00e7\u00e3o Modelo 13 por institui\u00e7\u00f5es de cr\u00e9dito e similares<\/td><\/tr><tr><td><\/td><td>IRC \/ IRS<\/td><td>Envio da Declara\u00e7\u00e3o Modelo 30 &#8211; rendimentos pagos a n\u00e3o residentes (janeiro 2025)<\/td><\/tr><tr><td><\/td><td>IRC<\/td><td>Envio eletr\u00f3nico da Dec. de altera\u00e7\u00f5es para op\u00e7\u00e3o pelo RETGS<\/td><\/tr><tr><td><\/td><td>IRC \/ IRS \/ IVA<\/td><td>Envio eletr\u00f3nico da Declara\u00e7\u00e3o Modelo 38 &#8211; institui\u00e7\u00f5es de cr\u00e9dito e similares<\/td><\/tr><tr><td><\/td><td>IRC<\/td><td>Envio eletr\u00f3nico da Declara\u00e7\u00e3o Modelo 22 para entidades sujeitas a IRC, com per\u00edodo de tributa\u00e7\u00e3o coincidente com o ano civil.<\/td><\/tr><\/tbody><\/table><\/figure>","protected":false},"excerpt":{"rendered":"<p>O Calend\u00e1rio Fiscal para empresas de Mar\u00e7o 2025 \u00e9 um guia dos prazos, obriga\u00e7\u00f5es e pagamentos fiscais para todo o tipo de organiza\u00e7\u00f5es e neg\u00f3cios. Esta rubrica abrange todas as atividades empresariais para total compliance tribut\u00e1ria. O calend\u00e1rio fiscal \u00e9 atualizado mensalmente para permitir \u00e0s empresas evitar incumprimentos, atrasos e planear as suas finan\u00e7as de [&hellip;]<\/p>","protected":false},"author":2,"featured_media":25133,"comment_status":"open","ping_status":"open","sticky":false,"template":"","format":"standard","meta":{"_acf_changed":false,"footnotes":""},"categories":[3,809,8,27,171],"tags":[1606],"class_list":["post-25131","post","type-post","status-publish","format-standard","has-post-thumbnail","hentry","category-contabilidade","category-destaque","category-empreendedorismo","category-empresas","category-obrigacoes-fiscais","tag-marco-2025"],"acf":[],"_links":{"self":[{"href":"https:\/\/reward.pt\/en\/wp-json\/wp\/v2\/posts\/25131","targetHints":{"allow":["GET"]}}],"collection":[{"href":"https:\/\/reward.pt\/en\/wp-json\/wp\/v2\/posts"}],"about":[{"href":"https:\/\/reward.pt\/en\/wp-json\/wp\/v2\/types\/post"}],"author":[{"embeddable":true,"href":"https:\/\/reward.pt\/en\/wp-json\/wp\/v2\/users\/2"}],"replies":[{"embeddable":true,"href":"https:\/\/reward.pt\/en\/wp-json\/wp\/v2\/comments?post=25131"}],"version-history":[{"count":1,"href":"https:\/\/reward.pt\/en\/wp-json\/wp\/v2\/posts\/25131\/revisions"}],"predecessor-version":[{"id":25134,"href":"https:\/\/reward.pt\/en\/wp-json\/wp\/v2\/posts\/25131\/revisions\/25134"}],"wp:featuredmedia":[{"embeddable":true,"href":"https:\/\/reward.pt\/en\/wp-json\/wp\/v2\/media\/25133"}],"wp:attachment":[{"href":"https:\/\/reward.pt\/en\/wp-json\/wp\/v2\/media?parent=25131"}],"wp:term":[{"taxonomy":"category","embeddable":true,"href":"https:\/\/reward.pt\/en\/wp-json\/wp\/v2\/categories?post=25131"},{"taxonomy":"post_tag","embeddable":true,"href":"https:\/\/reward.pt\/en\/wp-json\/wp\/v2\/tags?post=25131"}],"curies":[{"name":"wp","href":"https:\/\/api.w.org\/{rel}","templated":true}]}}