{"id":25249,"date":"2025-04-07T15:38:50","date_gmt":"2025-04-07T15:38:50","guid":{"rendered":"https:\/\/reward.pt\/?p=25249"},"modified":"2025-04-07T15:38:59","modified_gmt":"2025-04-07T15:38:59","slug":"siid-protecao-da-propriedade-intelectual-e-industrial","status":"publish","type":"post","link":"https:\/\/reward.pt\/en\/siid-protecao-da-propriedade-intelectual-e-industrial\/","title":{"rendered":"SIID \u2013 Prote\u00e7\u00e3o da propriedade intelectual e industrial"},"content":{"rendered":"<p>Foi lan\u00e7ado um novo aviso conjunto Portugal 2030, o SIID \u2013 Prote\u00e7\u00e3o da propriedade intelectual e industrial. O aviso contribui para a Estrat\u00e9gia Nacional de Especializa\u00e7\u00e3o Inteligente (ENEI 2030) e pretende apoiar opera\u00e7\u00f5es destinadas ao registo de direitos de propriedade industrial sob as seguintes formas:<\/p>\n\n\n\n<ul class=\"wp-block-list\">\n<li>Registo de patentes<\/li>\n\n\n\n<li>Modelos de utilidade<\/li>\n\n\n\n<li>Desenhos ou modelos pelas vias nacional, europeia e internacional<\/li>\n<\/ul>\n\n\n\n<p>O objetivo do aviso <a href=\"https:\/\/portugal2030.pt\/wp-content\/uploads\/sites\/3\/2025\/04\/MPR_2025_05_Aviso_SIID_Propriedade-Industrial_31marco25_vf.pdf\" target=\"_blank\" rel=\"noopener\">MPr-2025-5<\/a> \u00e9 refor\u00e7ar a transfer\u00eancia de conhecimento cient\u00edfico e tecnol\u00f3gico para o setor empresaria, ao impulsionar a\u00e7\u00f5es de desenvolvimento tecnol\u00f3gico, aproxima\u00e7\u00e3o ao ensino superior, centros de investiga\u00e7\u00e3o, centros de interface tecnol\u00f3gico (e os seus investigadores e empresas). Pretende tamb\u00e9m aumentar a cria\u00e7\u00e3o de start-ups por investigadores como forma de desenvolvimento dos seus pr\u00f3prios trabalhos.<\/p>\n\n\n\n<p>The <a href=\"https:\/\/reward.pt\/en\/aviso-siid-protecao-da-propriedade-intelectual-e-industrial-mpr-2024-01-pt2030\/#periodo-de-candidaturas\">SIID \u2013 Prote\u00e7\u00e3o da propriedade intelectual e industrial j\u00e1 tinha sido lan\u00e7ado em 2024<\/a>, conforme anteriormente noticiado.<\/p>\n\n\n\n<div style=\"height:45px\" aria-hidden=\"true\" class=\"wp-block-spacer\"><\/div>\n\n\n\n<h2 class=\"wp-block-heading\">Benefici\u00e1rios do aviso SIID \u2013 Prote\u00e7\u00e3o da propriedade intelectual e industrial<\/h2>\n\n\n\n<p>S\u00e3o consideradas entidades benefici\u00e1rias do aviso as microempresas, PME e Small Mid Caps em todas as regi\u00f5es do Continente (Norte, Centro, Lisboa, Alentejo e Algarve. A localiza\u00e7\u00e3o da opera\u00e7\u00e3o corresponde \u00e0 regi\u00e3o onde ser\u00e1 realizado o investimento.<\/p>\n\n\n\n<div style=\"height:45px\" aria-hidden=\"true\" class=\"wp-block-spacer\"><\/div>\n\n\n\n<h2 class=\"wp-block-heading\">Dota\u00e7\u00e3o do aviso e taxas de financiamento<\/h2>\n\n\n\n<p>A dota\u00e7\u00e3o global do aviso MPr-2025-5 \u00e9 de 2.825.000\u20ac, financiada pelo COMPETE 2030 e os Programas Regionais do Continente.<\/p>\n\n\n\n<figure class=\"wp-block-table\"><table><thead><tr><th>Fundo<\/th><th>Dota\u00e7\u00e3o de fundo<\/th><th>Taxa m\u00e1xima<\/th><\/tr><\/thead><tbody><tr><td>COMPETE 2030 \/ FEDER<\/td><td>1.000.000\u20ac<\/td><td>50%<\/td><\/tr><tr><td>PR Norte \/ FEDER<\/td><td>125.000\u20ac<\/td><td>50%<\/td><\/tr><tr><td>PR Centro \/ FEDER<\/td><td>500.000\u20ac<\/td><td>50%<\/td><\/tr><tr><td>PR Lisboa \/ FEDER<\/td><td>500.000\u20ac<\/td><td>40%<\/td><\/tr><tr><td>PR Alentejo \/ FEDER<\/td><td>200.000\u20ac<\/td><td>50%<\/td><\/tr><tr><td>PR Algarve \/ FEDER<\/td><td>500.000\u20ac<\/td><td>50%<\/td><\/tr><tr><td><strong>Dota\u00e7\u00e3o global<\/strong><\/td><td>2.825.000\u20ac<\/td><td>&nbsp;<\/td><\/tr><\/tbody><\/table><\/figure>\n\n\n\n<p>Os pagamentos aos benefici\u00e1rios s\u00e3o realizados como adiantamento (adiantamento inicial de 10%, adiantamento contra fatura e adiantamento contragarantia), reembolso e\/ou pagamento final. O pedido de pagamento final deve ser apresentado \u00e0 respetiva autoridade de gest\u00e3o at\u00e9 90 dias \u00fateis a contar a partir da data de conclus\u00e3o de opera\u00e7\u00e3o.<\/p>\n\n\n\n<div style=\"height:45px\" aria-hidden=\"true\" class=\"wp-block-spacer\"><\/div>\n\n\n\n<h2 class=\"wp-block-heading\">A\u00e7\u00f5es eleg\u00edveis<\/h2>\n\n\n\n<p>S\u00e3o abrangidas pelo presente aviso opera\u00e7\u00f5es de prote\u00e7\u00e3o de propriedade intelectual e industrial, nomeadamente:<\/p>\n\n\n\n<ul class=\"wp-block-list\">\n<li>Pedido definitivo nacional de patente, de modelo de utilidade, ou de desenho ou modelo, apresentados no INPI<\/li>\n\n\n\n<li>Pedido de patente, modelo de utilidade, ou desenho ou modelo apresentado no estrangeiro pela via direta junto das respetivas administra\u00e7\u00f5es nacionais (reivindicando ou n\u00e3o uma prioridade portuguesa)<\/li>\n\n\n\n<li>Pedido de patente europeia apresentado no INPI (independentemente de reivindicar prioridade de um pedido portugu\u00eas) ou no IEP, desde que reivindique prioridade de pedido de patente ou modelo de utilidade portugu\u00eas<\/li>\n\n\n\n<li>Entrada nas fases nacionais de Pedido de Patente internacional (PCT) apresentado no INPI (independentemente de reivindicar prioridade de pedido portugu\u00eas), no Instituto Europeu de Patentes e\/ou Organiza\u00e7\u00e3o Mundial da Propriedade Intelectual, desde que reivindique prioridade de um pedido de patente ou modelo de utilidade portugu\u00eas<\/li>\n\n\n\n<li>Pedido comunit\u00e1rio de desenho ou modelo apresentado no EUIPO<\/li>\n<\/ul>\n\n\n\n<p>A fase inicial dos pedidos internacionais s\u00f3 ser\u00e1 financiada com a concretiza\u00e7\u00e3o da entrada nas fases nacionais\/regionais na mesma candidatura.<\/p>\n\n\n\n<div style=\"height:45px\" aria-hidden=\"true\" class=\"wp-block-spacer\"><\/div>\n\n\n\n<h2 class=\"wp-block-heading\">Despesas eleg\u00edveis e despesas n\u00e3o eleg\u00edveis<\/h2>\n\n\n\n<p>De acordo com o previsto no artigo 50.\u00ba do REITD, s\u00e3o eleg\u00edveis as seguintes despesas:<\/p>\n\n\n\n<ul class=\"wp-block-list\">\n<li>A) Custos com obten\u00e7\u00e3o e valida\u00e7\u00e3o de pedidos de patente, modelos de utilidade, desenhos ou modelos nomeadamente Taxas oficiais; honor\u00e1rios e outras despesas relacionadas<\/li>\n\n\n\n<li>B) Despesas com interven\u00e7\u00e3o de Contabilista Certificado (CC) ou Revisor Oficial de Contas (ROC) na valida\u00e7\u00e3o da despesa dos pedidos de pagamento<\/li>\n<\/ul>\n\n\n\n<p>Por seu lado, n\u00e3o s\u00e3o consideradas eleg\u00edveis as seguintes despesas:<\/p>\n\n\n\n<ul class=\"wp-block-list\">\n<li>A) Encargos com qualquer tipo de anuidade \/ custos associados \u00e0 manuten\u00e7\u00e3o dos direitos de propriedade industrial ap\u00f3s a decis\u00e3o da sua concess\u00e3o<\/li>\n\n\n\n<li>B) Encargos com pedidos de prote\u00e7\u00e3o n\u00e3o submetidos<\/li>\n<\/ul>\n\n\n\n<div style=\"height:45px\" aria-hidden=\"true\" class=\"wp-block-spacer\"><\/div>\n\n\n\n<h2 class=\"wp-block-heading\">Per\u00edodo de candidaturas<\/h2>\n\n\n\n<p>O per\u00edodo de candidaturas come\u00e7ou a 31 de mar\u00e7o 2025 e termina a 31 de dezembro 2025, sendo a an\u00e1lise e decis\u00e3o realizada de acordo com as seguintes fases:<\/p>\n\n\n\n<ul class=\"wp-block-list\">\n<li>Fase 1: 31\/07\/2025<\/li>\n\n\n\n<li>Fase 2: 30\/12\/2025<\/li>\n<\/ul>","protected":false},"excerpt":{"rendered":"<p>Foi lan\u00e7ado um novo aviso conjunto Portugal 2030, o SIID \u2013 Prote\u00e7\u00e3o da propriedade intelectual e industrial. O aviso contribui para a Estrat\u00e9gia Nacional de Especializa\u00e7\u00e3o Inteligente (ENEI 2030) e pretende apoiar opera\u00e7\u00f5es destinadas ao registo de direitos de propriedade industrial sob as seguintes formas: O objetivo do aviso MPr-2025-5 \u00e9 refor\u00e7ar a transfer\u00eancia de [&hellip;]<\/p>","protected":false},"author":2,"featured_media":25250,"comment_status":"closed","ping_status":"open","sticky":false,"template":"","format":"standard","meta":{"_acf_changed":false,"footnotes":""},"categories":[1503,1607,1593,1522,19,1521,1,21,519,7],"tags":[419,336,1329],"class_list":["post-25249","post","type-post","status-publish","format-standard","has-post-thumbnail","hentry","category-alentejo-2030","category-algarve-2030","category-centro-2030","category-compete-2030","category-guias-reward-consulting","category-lisboa-2030","category-noticias","category-portugal2030","category-rubricas","category-sistemas-de-incentivos","tag-propriedade-industrial","tag-propriedade-intelectual","tag-siid-protecao-da-propriedade-intelectual-e-industrial"],"acf":[],"_links":{"self":[{"href":"https:\/\/reward.pt\/en\/wp-json\/wp\/v2\/posts\/25249","targetHints":{"allow":["GET"]}}],"collection":[{"href":"https:\/\/reward.pt\/en\/wp-json\/wp\/v2\/posts"}],"about":[{"href":"https:\/\/reward.pt\/en\/wp-json\/wp\/v2\/types\/post"}],"author":[{"embeddable":true,"href":"https:\/\/reward.pt\/en\/wp-json\/wp\/v2\/users\/2"}],"replies":[{"embeddable":true,"href":"https:\/\/reward.pt\/en\/wp-json\/wp\/v2\/comments?post=25249"}],"version-history":[{"count":1,"href":"https:\/\/reward.pt\/en\/wp-json\/wp\/v2\/posts\/25249\/revisions"}],"predecessor-version":[{"id":25251,"href":"https:\/\/reward.pt\/en\/wp-json\/wp\/v2\/posts\/25249\/revisions\/25251"}],"wp:featuredmedia":[{"embeddable":true,"href":"https:\/\/reward.pt\/en\/wp-json\/wp\/v2\/media\/25250"}],"wp:attachment":[{"href":"https:\/\/reward.pt\/en\/wp-json\/wp\/v2\/media?parent=25249"}],"wp:term":[{"taxonomy":"category","embeddable":true,"href":"https:\/\/reward.pt\/en\/wp-json\/wp\/v2\/categories?post=25249"},{"taxonomy":"post_tag","embeddable":true,"href":"https:\/\/reward.pt\/en\/wp-json\/wp\/v2\/tags?post=25249"}],"curies":[{"name":"wp","href":"https:\/\/api.w.org\/{rel}","templated":true}]}}