{"id":25339,"date":"2025-05-30T13:18:09","date_gmt":"2025-05-30T13:18:09","guid":{"rendered":"https:\/\/reward.pt\/?p=25339"},"modified":"2025-05-30T13:18:17","modified_gmt":"2025-05-30T13:18:17","slug":"junho-2025-calendario-fiscal-para-empresas","status":"publish","type":"post","link":"https:\/\/reward.pt\/en\/junho-2025-calendario-fiscal-para-empresas\/","title":{"rendered":"Junho 2025 | Calend\u00e1rio fiscal para empresas"},"content":{"rendered":"<figure class=\"wp-block-embed is-type-video is-provider-youtube wp-block-embed-youtube wp-embed-aspect-16-9 wp-has-aspect-ratio\"><div class=\"wp-block-embed__wrapper\">\n<iframe loading=\"lazy\" title=\"Junho 2025 | Calend\u00e1rio fiscal para empresas\" width=\"500\" height=\"281\" src=\"https:\/\/www.youtube.com\/embed\/Cibooro0YmU?feature=oembed\" frameborder=\"0\" allow=\"accelerometer; autoplay; clipboard-write; encrypted-media; gyroscope; picture-in-picture; web-share\" referrerpolicy=\"strict-origin-when-cross-origin\" allowfullscreen><\/iframe>\n<\/div><\/figure>\n\n\n\n<p>O Calend\u00e1rio Fiscal de Junho 2025 \u00e9 um guia dos prazos, obriga\u00e7\u00f5es e pagamentos fiscais para todas as empresas. Abrange todas as obriga\u00e7\u00f5es para total compliance tribut\u00e1ria.<\/p>\n\n\n\n<p>O calend\u00e1rio fiscal \u00e9 atualizado mensalmente para permitir \u00e0s empresas evitar incumprimentos, atrasos e planear as suas finan\u00e7as de forma mais eficaz.<\/p>\n\n\n\n<p>N\u00e3o perca os prazos importantes em Junho 2025 com o fiscal para empresas.<\/p>\n\n\n\n<p><\/p>\n\n\n\n<figure class=\"wp-block-table\"><table><thead><tr><th>Prazo<\/th><th>Obriga\u00e7\u00e3o \/ imposto<\/th><th>Observa\u00e7\u00f5es<\/th><\/tr><\/thead><tbody><tr><td><strong>At\u00e9 dia 2<\/strong><\/td><td>IUC<\/td><td>Pagamento do Imposto \u00danico de Circula\u00e7\u00e3o de maio 2025<\/td><\/tr><tr><td><\/td><td>IRC \/ IRS<\/td><td>Envio da Declara\u00e7\u00e3o Modelo 30 (rendimentos de empresas n\u00e3o residentes em mar\u00e7o)<\/td><\/tr><tr><td><\/td><td>IRS<\/td><td>Envio eletr\u00f3nico da Declara\u00e7\u00e3o Modelo 18 (emitentes de vales de refei\u00e7\u00e3o)<\/td><\/tr><tr><td><\/td><td>AIMI<\/td><td>Casais devem declarar bens pr\u00f3prios e comuns para tributa\u00e7\u00e3o individual do AIMI<\/td><\/tr><tr><td><strong>At\u00e9 dia 5<\/strong><\/td><td>IRS\/IRC\/IVA<\/td><td>Comunica\u00e7\u00e3o eletr\u00f3nica dos elementos das faturas do m\u00eas anterior<\/td><\/tr><tr><td><strong>At\u00e9 dia 11<\/strong><\/td><td>IRS\/IRC\/SS<\/td><td>Envio eletr\u00f3nico da Declara\u00e7\u00e3o Mensal de Remunera\u00e7\u00f5es AT\/SS do m\u00eas anterior<\/td><\/tr><tr><td><strong>At\u00e9 dia 15<\/strong><\/td><td>Intrastat<\/td><td>Envio da Declara\u00e7\u00e3o Intrastat referente \u00e0s opera\u00e7\u00f5es do m\u00eas anterior<\/td><\/tr><tr><td><strong>At\u00e9 dia 20<\/strong><\/td><td>IS<\/td><td>Entrega da Declara\u00e7\u00e3o Mensal de Imposto do Selo e respetivo pagamento<\/td><\/tr><tr><td><\/td><td>IVA<\/td><td>Entrega da eclara\u00e7\u00e3o Recapitulativa para empresas com opera\u00e7\u00f5es intracomunit\u00e1rias > 50.000\u20ac.<\/td><\/tr><tr><td><\/td><td>IVA<\/td><td>Envio eletr\u00f3nico da Dec Peri\u00f3dica e anexos referente a abril (regime mensal)<\/td><\/tr><tr><td><\/td><td>SS<\/td><td>Pagamento das contribui\u00e7\u00f5es para a Seguran\u00e7a Social<\/td><\/tr><tr><td><\/td><td>IRS\/IRC<\/td><td>Envio da declara\u00e7\u00e3o e pagamento do IRS e IRC retidos sobre rendimentos do m\u00eas anterior<\/td><\/tr><tr><td><strong>At\u00e9 dia 24<\/strong><\/td><td>Banco de Portugal<\/td><td>COPE &#8211; Comunica\u00e7\u00e3o de Opera\u00e7\u00f5es e Posi\u00e7\u00f5es com o Exterior (m\u00eas anterior)<\/td><\/tr><tr><td><strong>At\u00e9 dia 25<\/strong><\/td><td>IVA<\/td><td>Pagamento do IVA mensal, relativo \u00e0s opera\u00e7\u00f5es realizadas em abril (regime mensal)<\/td><\/tr><tr><td><strong>At\u00e9 dia 30<\/strong><\/td><td>IMI<\/td><td>Pagamento do IMI superior a 500\u20ac &#8211; Despacho SEAF n.\u00ba 79\/2025 XXIV<\/td><\/tr><tr><td><\/td><td>IRC\/IRS<\/td><td>Prazo de op\u00e7\u00e3o pagamento IVA de importa\u00e7\u00f5es (dec. peri\u00f3dica mensal)<\/td><\/tr><tr><td><\/td><td>IMI<\/td><td>Pagamento do IMI &#8211; Igual ou inferior a 100\u20ac &#8211; Despacho SEAF n.\u00ba 79\/2025 XXIV<\/td><\/tr><tr><td><\/td><td>IRS<\/td><td>Envio eletr\u00f3nico da Declara\u00e7\u00e3o Modelo 49 (rendimentos estrangeiros com cr\u00e9dito de imposto)<\/td><\/tr><tr><td><\/td><td>IRS<\/td><td>Envio ou confirma\u00e7\u00e3o eletr\u00f3nica da Declara\u00e7\u00e3o Modelo 3 de IRS e respetivos anexos<\/td><\/tr><tr><td><\/td><td>IUC<\/td><td>Pagamento do Imposto \u00danico de Circula\u00e7\u00e3o do m\u00eas de junho<\/td><\/tr><tr><td><\/td><td>IMI<\/td><td>Pagamento do IMI superior a 100\u20ac e inferior a 500\u20ac &#8211; Despacho SEAF n.\u00ba 79\/2025 XXIV<\/td><\/tr><tr><td><\/td><td>IRS<\/td><td>Envio eletr\u00f3nico da Declara\u00e7\u00e3o Modelo 19 por entidades com planos de op\u00e7\u00f5es para trabalhadores<\/td><\/tr><\/tbody><\/table><\/figure>","protected":false},"excerpt":{"rendered":"<p>O Calend\u00e1rio Fiscal de Junho 2025 \u00e9 um guia dos prazos, obriga\u00e7\u00f5es e pagamentos fiscais para todas as empresas. Abrange todas as obriga\u00e7\u00f5es para total compliance tribut\u00e1ria. O calend\u00e1rio fiscal \u00e9 atualizado mensalmente para permitir \u00e0s empresas evitar incumprimentos, atrasos e planear as suas finan\u00e7as de forma mais eficaz. N\u00e3o perca os prazos importantes em [&hellip;]<\/p>","protected":false},"author":2,"featured_media":25341,"comment_status":"open","ping_status":"open","sticky":false,"template":"","format":"standard","meta":{"_acf_changed":false,"footnotes":""},"categories":[1235,3,809,171,519],"tags":[1659,1657,1660],"class_list":["post-25339","post","type-post","status-publish","format-standard","has-post-thumbnail","hentry","category-calendario-fiscal","category-contabilidade","category-destaque","category-obrigacoes-fiscais","category-rubricas","tag-calendario-fiscal-junho-2025","tag-junho-2025","tag-prazos-empresas-junho-2025"],"acf":[],"_links":{"self":[{"href":"https:\/\/reward.pt\/en\/wp-json\/wp\/v2\/posts\/25339","targetHints":{"allow":["GET"]}}],"collection":[{"href":"https:\/\/reward.pt\/en\/wp-json\/wp\/v2\/posts"}],"about":[{"href":"https:\/\/reward.pt\/en\/wp-json\/wp\/v2\/types\/post"}],"author":[{"embeddable":true,"href":"https:\/\/reward.pt\/en\/wp-json\/wp\/v2\/users\/2"}],"replies":[{"embeddable":true,"href":"https:\/\/reward.pt\/en\/wp-json\/wp\/v2\/comments?post=25339"}],"version-history":[{"count":1,"href":"https:\/\/reward.pt\/en\/wp-json\/wp\/v2\/posts\/25339\/revisions"}],"predecessor-version":[{"id":25342,"href":"https:\/\/reward.pt\/en\/wp-json\/wp\/v2\/posts\/25339\/revisions\/25342"}],"wp:featuredmedia":[{"embeddable":true,"href":"https:\/\/reward.pt\/en\/wp-json\/wp\/v2\/media\/25341"}],"wp:attachment":[{"href":"https:\/\/reward.pt\/en\/wp-json\/wp\/v2\/media?parent=25339"}],"wp:term":[{"taxonomy":"category","embeddable":true,"href":"https:\/\/reward.pt\/en\/wp-json\/wp\/v2\/categories?post=25339"},{"taxonomy":"post_tag","embeddable":true,"href":"https:\/\/reward.pt\/en\/wp-json\/wp\/v2\/tags?post=25339"}],"curies":[{"name":"wp","href":"https:\/\/api.w.org\/{rel}","templated":true}]}}