{"id":25361,"date":"2025-06-25T15:31:35","date_gmt":"2025-06-25T15:31:35","guid":{"rendered":"https:\/\/reward.pt\/?p=25361"},"modified":"2025-06-25T15:31:43","modified_gmt":"2025-06-25T15:31:43","slug":"declaracao-periodica-automatica-de-iva-em-julho-2025","status":"publish","type":"post","link":"https:\/\/reward.pt\/en\/declaracao-periodica-automatica-de-iva-em-julho-2025\/","title":{"rendered":"Declara\u00e7\u00e3o peri\u00f3dica autom\u00e1tica de IVA"},"content":{"rendered":"<p>A declara\u00e7\u00e3o peri\u00f3dica do IVA ser\u00e1 alvo de uma nova medida de simplifica\u00e7\u00e3o fiscal para aliviar os esfor\u00e7os dos contribuintes e contabilistas. A declara\u00e7\u00e3o peri\u00f3dica autom\u00e1tica de IVA \u00e9 uma novidade no \u00e2mbito da moderniza\u00e7\u00e3o dos servi\u00e7os da AT e redu\u00e7\u00e3o de custos de cumprimento fiscal, definida pela <a href=\"https:\/\/diariodarepublica.pt\/dr\/detalhe\/portaria\/242-2025-919826025\" target=\"_blank\" rel=\"noopener\">Portaria n.\u00ba 242\/2025\/1<\/a> e \u00e9 uma das medidas que integra a <a href=\"https:\/\/reward.pt\/en\/30-medidas-de-simplificacao-fiscal-em-2025\/#entrega-automatica-da-declaracao-periodica-de-iva%C2%A0para-pessoas-singulares-sem-operacoes-tributaveis\">Agenda para a Simplifica\u00e7\u00e3o Fiscal<\/a> em 2025.<\/p>\n\n\n\n<p>A declara\u00e7\u00e3o peri\u00f3dica autom\u00e1tica de IVA vai permitir que alguns contribuintes tenham uma proposta de declara\u00e7\u00e3o de IVA pr\u00e9-preenchida com base nas informa\u00e7\u00f5es disponibilizadas pelos mesmos \u00e0 AT, \u00e0 semelhan\u00e7a do IRS autom\u00e1tico. O objetivo dessa medida \u00e9 facilitar os procedimentos dos sujeitos passivos e evitar erros e perdas de tempo.<\/p>\n\n\n\n<div style=\"height:36px\" aria-hidden=\"true\" class=\"wp-block-spacer\"><\/div>\n\n\n\n<h2 class=\"wp-block-heading\">Agenda de Simplifica\u00e7\u00e3o Fiscal<\/h2>\n\n\n\n<p>O conselho de Ministros aprovou a 16 de janeiro 2025 a agenda de simplifica\u00e7\u00e3o fiscal para o presente ano, com 30 medidas de simplifica\u00e7\u00e3o fiscal. As 30 medidas de simplifica\u00e7\u00e3o fiscal pretendem reduzir os custos de contexto (burocracia associada), aumentar a transpar\u00eancia e compreens\u00e3o das obriga\u00e7\u00f5es tribut\u00e1rias e a qualidade dos servi\u00e7os prestados.<\/p>\n\n\n\n<p>O pacote de 30 medidas de simplifica\u00e7\u00e3o fiscal previa a entrega autom\u00e1tica da declara\u00e7\u00e3o peri\u00f3dica de IVA para pessoas singulares sem opera\u00e7\u00f5es tribut\u00e1veis, atrav\u00e9s da declara\u00e7\u00e3o provis\u00f3ria pr\u00e9-preenchida pela Autoridade Tribut\u00e1ria. Tamb\u00e9m integra medidas como a digitaliza\u00e7\u00e3o dos registos de IVA e altera\u00e7\u00e3o do prazo para pedido de pagamento em presta\u00e7\u00f5es do IVA.<\/p>\n\n\n\n<div style=\"height:36px\" aria-hidden=\"true\" class=\"wp-block-spacer\"><\/div>\n\n\n\n<h2 class=\"wp-block-heading\">Quando e como ser\u00e1 aplicada a Declara\u00e7\u00e3o Peri\u00f3dica Autom\u00e1tica de IVA?<\/h2>\n\n\n\n<p>A declara\u00e7\u00e3o peri\u00f3dica autom\u00e1tica IVA vai entrar em vigor no dia 1 de julho 2025. Como indicado acima, a forma de funcionamento da declara\u00e7\u00e3o autom\u00e1tica ser\u00e1 semelhante \u00e0 declara\u00e7\u00e3o provis\u00f3ria de IRS pr\u00e9-preenchida pela AT.<\/p>\n\n\n\n<p>Se todos os dados estiverem corretos, basta validar a declara\u00e7\u00e3o para que seja considerada entregue. Se n\u00e3o existir nenhuma a\u00e7\u00e3o e n\u00e3o existirem opera\u00e7\u00f5es tribut\u00e1veis, a declara\u00e7\u00e3o provis\u00f3ria de IVA ser\u00e1 validada automaticamente no fim do prazo de entrega.<\/p>\n\n\n\n<p>No caso das faturas e documentos retificativos de fatura n\u00e3o previamente comunicados pelo emitente e registados manualmente pelo adquirente no e-fatura, estes documentos n\u00e3o ser\u00e3o considerados na declara\u00e7\u00e3o peri\u00f3dica autom\u00e1tica, conforme indicou o Minist\u00e9rio das Finan\u00e7as.<\/p>\n\n\n\n<div style=\"height:36px\" aria-hidden=\"true\" class=\"wp-block-spacer\"><\/div>\n\n\n\n<h2 class=\"wp-block-heading\">Quem vai beneficiar da declara\u00e7\u00e3o de IVA autom\u00e1tica?<\/h2>\n\n\n\n<p>De acordo com a <a href=\"https:\/\/diariodarepublica.pt\/dr\/detalhe\/portaria\/242-2025-919826025\" target=\"_blank\" rel=\"noopener\">Portaria n.\u00ba 242\/2025\/1<\/a>, os contribuintes que cumpram 3 condi\u00e7\u00f5es cumulativas podem beneficiar da declara\u00e7\u00e3o de IVA peri\u00f3dica autom\u00e1tica:<\/p>\n\n\n\n<ol class=\"wp-block-list\" type=\"1\">\n<li>Residir em territ\u00f3rio nacional<\/li>\n\n\n\n<li>N\u00e3o estar registados no regime de IVA de Caixa<\/li>\n\n\n\n<li>Classificar corretamente todas as faturas e documentos retificativos de fatura no Portal das Finan\u00e7as<\/li>\n<\/ol>\n\n\n\n<p>Estas 3 condi\u00e7\u00f5es de elegibilidade ajudam a garantir que a informa\u00e7\u00e3o recolhida pela AT \u00e9 suficiente para criar uma declara\u00e7\u00e3o fi\u00e1vel e que necessite de nenhuma a pouca interven\u00e7\u00e3o de valida\u00e7\u00e3o pelo contribuinte.<\/p>\n\n\n\n<p>Por outro lado, os sujeitos passivos com atividades de importa\u00e7\u00e3o e exporta\u00e7\u00e3o, com aquisi\u00e7\u00f5es com autoliquida\u00e7\u00e3o de IVA pelo adquirente e\/ou com opera\u00e7\u00f5es abrangidas por regimes especiais ou particulares de IVA estar\u00e3o exclu\u00eddos do regime de Declara\u00e7\u00e3o peri\u00f3dica autom\u00e1tica de IVA.<\/p>\n\n\n\n<p>Estes casos requerem an\u00e1lises e c\u00e1lculos que n\u00e3o podem ser automatizados de forma simples. As faturas e documentos retificativos de fatura inseridos manualmente no Portal E-Fatura n\u00e3o s\u00e3o considerados para efeitos de dedu\u00e7\u00e3o de IVA, pelo que o rigor do registo da documenta\u00e7\u00e3o mant\u00e9m a sua import\u00e2ncia.<\/p>\n\n\n\n<div style=\"height:36px\" aria-hidden=\"true\" class=\"wp-block-spacer\"><\/div>\n\n\n\n<h2 class=\"wp-block-heading\">Qual o impacto desta medida fiscal?<\/h2>\n\n\n\n<p>A implementa\u00e7\u00e3o da medida de automatiza\u00e7\u00e3o da declara\u00e7\u00e3o peri\u00f3dica de IVA vai aumentar a efici\u00eancia administrativa e diminuir a quantidade de erros nas declara\u00e7\u00f5es e incumprimentos por falta de envio de declara\u00e7\u00e3o. Esta medida tamb\u00e9m pretende fortalecer a confian\u00e7a no sistema fiscal nacional e promover maior transpar\u00eancia entre contribuintes e AT.<\/p>","protected":false},"excerpt":{"rendered":"<p>A declara\u00e7\u00e3o peri\u00f3dica do IVA ser\u00e1 alvo de uma nova medida de simplifica\u00e7\u00e3o fiscal para aliviar os esfor\u00e7os dos contribuintes e contabilistas. A declara\u00e7\u00e3o peri\u00f3dica autom\u00e1tica de IVA \u00e9 uma novidade no \u00e2mbito da moderniza\u00e7\u00e3o dos servi\u00e7os da AT e redu\u00e7\u00e3o de custos de cumprimento fiscal, definida pela Portaria n.\u00ba 242\/2025\/1 e \u00e9 uma das [&hellip;]<\/p>","protected":false},"author":2,"featured_media":25362,"comment_status":"closed","ping_status":"open","sticky":false,"template":"","format":"standard","meta":{"_acf_changed":false,"footnotes":""},"categories":[3,809,8,27,19,1,171,519],"tags":[1668,1667],"class_list":["post-25361","post","type-post","status-publish","format-standard","has-post-thumbnail","hentry","category-contabilidade","category-destaque","category-empreendedorismo","category-empresas","category-guias-reward-consulting","category-noticias","category-obrigacoes-fiscais","category-rubricas","tag-agenda-para-a-simplificacao-fiscal","tag-declaracao-periodica-automatica-de-iva"],"acf":[],"_links":{"self":[{"href":"https:\/\/reward.pt\/en\/wp-json\/wp\/v2\/posts\/25361","targetHints":{"allow":["GET"]}}],"collection":[{"href":"https:\/\/reward.pt\/en\/wp-json\/wp\/v2\/posts"}],"about":[{"href":"https:\/\/reward.pt\/en\/wp-json\/wp\/v2\/types\/post"}],"author":[{"embeddable":true,"href":"https:\/\/reward.pt\/en\/wp-json\/wp\/v2\/users\/2"}],"replies":[{"embeddable":true,"href":"https:\/\/reward.pt\/en\/wp-json\/wp\/v2\/comments?post=25361"}],"version-history":[{"count":1,"href":"https:\/\/reward.pt\/en\/wp-json\/wp\/v2\/posts\/25361\/revisions"}],"predecessor-version":[{"id":25363,"href":"https:\/\/reward.pt\/en\/wp-json\/wp\/v2\/posts\/25361\/revisions\/25363"}],"wp:featuredmedia":[{"embeddable":true,"href":"https:\/\/reward.pt\/en\/wp-json\/wp\/v2\/media\/25362"}],"wp:attachment":[{"href":"https:\/\/reward.pt\/en\/wp-json\/wp\/v2\/media?parent=25361"}],"wp:term":[{"taxonomy":"category","embeddable":true,"href":"https:\/\/reward.pt\/en\/wp-json\/wp\/v2\/categories?post=25361"},{"taxonomy":"post_tag","embeddable":true,"href":"https:\/\/reward.pt\/en\/wp-json\/wp\/v2\/tags?post=25361"}],"curies":[{"name":"wp","href":"https:\/\/api.w.org\/{rel}","templated":true}]}}