{"id":25407,"date":"2025-07-31T16:18:19","date_gmt":"2025-07-31T16:18:19","guid":{"rendered":"https:\/\/reward.pt\/?p=25407"},"modified":"2025-07-31T16:18:29","modified_gmt":"2025-07-31T16:18:29","slug":"agosto-2025-calendario-fiscal","status":"publish","type":"post","link":"https:\/\/reward.pt\/en\/agosto-2025-calendario-fiscal\/","title":{"rendered":"Agosto 2025 | Calend\u00e1rio fiscal"},"content":{"rendered":"<figure class=\"wp-block-embed is-type-video is-provider-youtube wp-block-embed-youtube wp-embed-aspect-16-9 wp-has-aspect-ratio\"><div class=\"wp-block-embed__wrapper\">\n<iframe loading=\"lazy\" title=\"Agosto 2025 | Calend\u00e1rio fiscal para empresas\" width=\"500\" height=\"281\" src=\"https:\/\/www.youtube.com\/embed\/3dAUWd9A2hI?feature=oembed\" frameborder=\"0\" allow=\"accelerometer; autoplay; clipboard-write; encrypted-media; gyroscope; picture-in-picture; web-share\" referrerpolicy=\"strict-origin-when-cross-origin\" allowfullscreen><\/iframe>\n<\/div><\/figure>\n\n\n\n<p>O Calend\u00e1rio Fiscal de Agosto 2025 \u00e9 um guia dos prazos, obriga\u00e7\u00f5es e pagamentos fiscais para todas as empresas. Abrange todas as obriga\u00e7\u00f5es para total compliance tribut\u00e1ria.<\/p>\n\n\n\n<p>O calend\u00e1rio fiscal \u00e9 atualizado mensalmente para permitir \u00e0s empresas evitar incumprimentos, atrasos e planear as suas finan\u00e7as de forma mais eficaz.<\/p>\n\n\n\n<p>N\u00e3o perca os prazos importantes em Agosto 2025 com o fiscal para empresas.<\/p>\n\n\n\n<p><\/p>\n\n\n\n<figure class=\"wp-block-table\"><table><thead><tr><th>Prazo limite<\/th><th>Obriga\u00e7\u00e3o \/ imposto<\/th><th>Observa\u00e7\u00f5es<\/th><\/tr><\/thead><tbody><tr><td><strong>At\u00e9 dia 15<\/strong><\/td><td>Intrastat<\/td><td>Envio da Declara\u00e7\u00e3o Intrastat referente \u00e0s opera\u00e7\u00f5es do m\u00eas anterior<\/td><\/tr><tr><td><strong>At\u00e9 dia 22<\/strong><\/td><td>Banco de Portugal<\/td><td>COPE &#8211; Comunica\u00e7\u00e3o de Opera\u00e7\u00f5es e Posi\u00e7\u00f5es com o Exterior relativas ao m\u00eas anterior<\/td><\/tr><tr><td><strong>At\u00e9 dia 25<\/strong><\/td><td>Seguran\u00e7a Social<\/td><td>Envio eletr\u00f3nico da declara\u00e7\u00e3o mensal de remunera\u00e7\u00f5es (DMR) \u00e0 SS relativa a contrbui\u00e7\u00f5es do m\u00eas anterior<\/td><\/tr><tr><td><strong>At\u00e9 dia 31<\/strong><\/td><td>IRS \/ IMT \/ IS<\/td><td>Envio eletr\u00f3nico da Declara\u00e7\u00e3o Modelo 11 &#8211; Not\u00e1rios e equiparados<\/td><\/tr><tr><td><\/td><td>IVA<\/td><td>Prazo para op\u00e7\u00e3o pagamento IVA das importa\u00e7\u00f5es de bens &#8211; Declara\u00e7\u00e3o Peri\u00f3dica Mensal<\/td><\/tr><tr><td><\/td><td>IRS \/ IRC<\/td><td>Envio da declara\u00e7\u00e3o e pagamento do IRS e IRC referente ao m\u00eas anterior<\/td><\/tr><tr><td><\/td><td>IS<\/td><td>Entrega da Declara\u00e7\u00e3o Mensal de Imposto do Selo e respetivo pagamento.<\/td><\/tr><tr><td><\/td><td>IVA<\/td><td>Envio da Declara\u00e7\u00e3o Recapitulativa para os Regimes normal mensal e normal trimestral (acima de 50.000\u20ac)<\/td><\/tr><tr><td><\/td><td>IRS \/ IRC \/ IVA<\/td><td>Comunica\u00e7\u00e3o eletr\u00f3nica dos elementos de faturas do m\u00eas anterior (SAF-T Fatura\u00e7\u00e3o)<\/td><\/tr><tr><td><\/td><td>IRS \/ IRC<\/td><td>Envio mensal \u00e0 AT da Declara\u00e7\u00e3o Mensal de Remunera\u00e7\u00f5es (m\u00eas anterior)<\/td><\/tr><tr><td><\/td><td>Seguran\u00e7a Social<\/td><td>Pagamento das contribui\u00e7\u00f5es para a Seguran\u00e7a Social<\/td><\/tr><tr><td><\/td><td>IVA<\/td><td>Entrega da Declara\u00e7\u00e3o P2 ou guia Modelo 1074 por retalhistas (2\u00ba trimestre)<\/td><\/tr><tr><td>At\u00e9 1 de Setembro<\/td><td>IUC<\/td><td>Pagamento do Imposto \u00danico de Circula\u00e7\u00e3o de agosto<\/td><\/tr><\/tbody><\/table><\/figure>","protected":false},"excerpt":{"rendered":"<p>O Calend\u00e1rio Fiscal de Agosto 2025 \u00e9 um guia dos prazos, obriga\u00e7\u00f5es e pagamentos fiscais para todas as empresas. Abrange todas as obriga\u00e7\u00f5es para total compliance tribut\u00e1ria. O calend\u00e1rio fiscal \u00e9 atualizado mensalmente para permitir \u00e0s empresas evitar incumprimentos, atrasos e planear as suas finan\u00e7as de forma mais eficaz. N\u00e3o perca os prazos importantes em [&hellip;]<\/p>","protected":false},"author":2,"featured_media":25410,"comment_status":"open","ping_status":"open","sticky":false,"template":"","format":"standard","meta":{"_acf_changed":false,"footnotes":""},"categories":[1235,3,8,27,171,519],"tags":[1685,1686],"class_list":["post-25407","post","type-post","status-publish","format-standard","has-post-thumbnail","hentry","category-calendario-fiscal","category-contabilidade","category-empreendedorismo","category-empresas","category-obrigacoes-fiscais","category-rubricas","tag-agosto-2025","tag-calendario-fiscal-empresas"],"acf":[],"_links":{"self":[{"href":"https:\/\/reward.pt\/en\/wp-json\/wp\/v2\/posts\/25407","targetHints":{"allow":["GET"]}}],"collection":[{"href":"https:\/\/reward.pt\/en\/wp-json\/wp\/v2\/posts"}],"about":[{"href":"https:\/\/reward.pt\/en\/wp-json\/wp\/v2\/types\/post"}],"author":[{"embeddable":true,"href":"https:\/\/reward.pt\/en\/wp-json\/wp\/v2\/users\/2"}],"replies":[{"embeddable":true,"href":"https:\/\/reward.pt\/en\/wp-json\/wp\/v2\/comments?post=25407"}],"version-history":[{"count":1,"href":"https:\/\/reward.pt\/en\/wp-json\/wp\/v2\/posts\/25407\/revisions"}],"predecessor-version":[{"id":25411,"href":"https:\/\/reward.pt\/en\/wp-json\/wp\/v2\/posts\/25407\/revisions\/25411"}],"wp:featuredmedia":[{"embeddable":true,"href":"https:\/\/reward.pt\/en\/wp-json\/wp\/v2\/media\/25410"}],"wp:attachment":[{"href":"https:\/\/reward.pt\/en\/wp-json\/wp\/v2\/media?parent=25407"}],"wp:term":[{"taxonomy":"category","embeddable":true,"href":"https:\/\/reward.pt\/en\/wp-json\/wp\/v2\/categories?post=25407"},{"taxonomy":"post_tag","embeddable":true,"href":"https:\/\/reward.pt\/en\/wp-json\/wp\/v2\/tags?post=25407"}],"curies":[{"name":"wp","href":"https:\/\/api.w.org\/{rel}","templated":true}]}}