{"id":25464,"date":"2025-09-25T09:06:42","date_gmt":"2025-09-25T09:06:42","guid":{"rendered":"https:\/\/reward.pt\/?p=25464"},"modified":"2025-09-25T09:06:50","modified_gmt":"2025-09-25T09:06:50","slug":"outubro-2025-calendario-fiscal-para-empresas","status":"publish","type":"post","link":"https:\/\/reward.pt\/en\/outubro-2025-calendario-fiscal-para-empresas\/","title":{"rendered":"Outubro 2025 | Calend\u00e1rio fiscal para empresas"},"content":{"rendered":"<figure class=\"wp-block-embed is-type-video is-provider-youtube wp-block-embed-youtube wp-embed-aspect-16-9 wp-has-aspect-ratio\"><div class=\"wp-block-embed__wrapper\">\n<iframe loading=\"lazy\" title=\"Outubro 2025 | Calend\u00e1rio fiscal para empresas\" width=\"500\" height=\"281\" src=\"https:\/\/www.youtube.com\/embed\/9iX9JjzTzuQ?feature=oembed\" frameborder=\"0\" allow=\"accelerometer; autoplay; clipboard-write; encrypted-media; gyroscope; picture-in-picture; web-share\" referrerpolicy=\"strict-origin-when-cross-origin\" allowfullscreen><\/iframe>\n<\/div><\/figure>\n\n\n\n<p>Outubro aproxima-se e, com ele, chegam v\u00e1rias obriga\u00e7\u00f5es fiscais para as empresas em Portugal.<\/p>\n\n\n\n<p>Para garantir que a sua empresa se mant\u00e9m em conformidade e evita coimas desnecess\u00e1rias, \u00e9 fundamental conhecer todos os prazos para a entrega de declara\u00e7\u00f5es e pagamento de impostos.<\/p>\n\n\n\n<p>Apresentamos o calend\u00e1rio fiscal para empresas com todas as datas importantes de outubro 2025.<\/p>\n\n\n\n<div style=\"height:35px\" aria-hidden=\"true\" class=\"wp-block-spacer\"><\/div>\n\n\n\n<h2 class=\"wp-block-heading\">Principais prazos fiscais em Outubro 2025<\/h2>\n\n\n\n<ul class=\"wp-block-list\">\n<li><strong>At\u00e9 6 de outubro<\/strong>: N\u00e3o se esque\u00e7a do envio eletr\u00f3nico dos dados das faturas de setembro (SAFT-PT) para as opera\u00e7\u00f5es sujeitas a IVA.<\/li>\n<\/ul>\n\n\n\n<ul class=\"wp-block-list\">\n<li><strong>At\u00e9 10 de outubro<\/strong>: \u00c9 a data-limite para o envio da Declara\u00e7\u00e3o Mensal de Remunera\u00e7\u00f5es (DMR) \u00e0 AT e \u00e0 Seguran\u00e7a Social.<\/li>\n<\/ul>\n\n\n\n<ul class=\"wp-block-list\">\n<li><strong>At\u00e9 15 de outubro<\/strong>: Uma data com v\u00e1rias obriga\u00e7\u00f5es, como o envio da declara\u00e7\u00e3o Intrastat, o prazo para a op\u00e7\u00e3o de pagamento do IVA das importa\u00e7\u00f5es e entrega de declara\u00e7\u00f5es relacionadas com IMT e IMI.<\/li>\n<\/ul>\n\n\n\n<ul class=\"wp-block-list\">\n<li><strong>At\u00e9 20 de outubro<\/strong>: Esta \u00e9 a data limite para o pagamento de v\u00e1rias contribui\u00e7\u00f5es, como as da Seguran\u00e7a Social (SS), o Imposto do Selo (IS) e o IRS\/IRC do m\u00eas anterior. Tamb\u00e9m \u00e9 o prazo para a entrega da Declara\u00e7\u00e3o Peri\u00f3dica de IVA do regime mensal.<\/li>\n<\/ul>\n\n\n\n<ul class=\"wp-block-list\">\n<li><strong>At\u00e9 21 de outubro:<\/strong> As empresas com opera\u00e7\u00f5es internacionais devem submeter a comunica\u00e7\u00e3o COPE ao Banco de Portugal.<\/li>\n<\/ul>\n\n\n\n<ul class=\"wp-block-list\">\n<li><strong>At\u00e9 27 de outubro<\/strong>: Data limite para o pagamento do IVA apurado no regime mensal.<\/li>\n<\/ul>\n\n\n\n<ul class=\"wp-block-list\">\n<li><strong>At\u00e9 31 de outubro:<\/strong> O \u00faltimo dia do m\u00eas traz o prazo para o pagamento do Imposto \u00danico de Circula\u00e7\u00e3o (IUC) de ve\u00edculos cujo anivers\u00e1rio de matr\u00edcula ocorra em outubro, bem como a entrega da Declara\u00e7\u00e3o Trimestral da SS para trabalhadores independentes e outras obriga\u00e7\u00f5es de IRC\/IRS e IVA.<\/li>\n<\/ul>\n\n\n\n<p><\/p>\n\n\n\n<h2 class=\"wp-block-heading\">Calend\u00e1rio fiscal de outubro 2025<\/h2>\n\n\n\n<figure class=\"wp-block-table\"><table><thead><tr><th>Data limite<\/th><th>Imposto \/ obriga\u00e7\u00e3o<\/th><th>Observa\u00e7\u00f5es<\/th><\/tr><\/thead><tbody><tr><td><strong>At\u00e9 dia 6<\/strong><\/td><td>IRS \/ IRC \/ IVA<\/td><td>Envio eletr\u00f3nico dos dados das faturas de setembro por entidades com sede ou domic\u00edlio fiscal em Portugal que realizem opera\u00e7\u00f5es sujeitas a IVA<\/td><\/tr><tr><td><strong>At\u00e9 dia 10<\/strong><\/td><td>IRS \/ IRC \/ SS<\/td><td>Envio eletr\u00f3nico da declara\u00e7\u00e3o mensal de remunera\u00e7\u00f5es (DMR) \u00e0 AT\/SS relativa a contrbui\u00e7\u00f5es do m\u00eas anterior<\/td><\/tr><tr><td><strong>At\u00e9 dia 15<\/strong><\/td><td>IRS\/IMT\/IS<\/td><td>Envio eletr\u00f3nico da Declara\u00e7\u00e3o Modelo 11 &#8211; Not\u00e1rios e equiparados<\/td><\/tr><tr><td><\/td><td>Intrastat<\/td><td>Envio da Dec. Intrastat das opera\u00e7\u00f5es do m\u00eas anterior<\/td><\/tr><tr><td><\/td><td>IVA<\/td><td>Prazo para op\u00e7\u00e3o de modalidade de pagamento do IVA das importa\u00e7\u00f5es<\/td><\/tr><tr><td><\/td><td>IMT<\/td><td>Envio eletr\u00f3nico ao M.N.E. de documentos de venda de im\u00f3veis portugueses fno estrangeiro (trimestre anterior)<\/td><\/tr><tr><td><\/td><td>IMI<\/td><td>Envio eletr\u00f3nico da Declara\u00e7\u00e3o Modelo 2 por fornecedores de \u00e1gua, energia e servi\u00e7o fixo de telefone (trimestre anterior)<\/td><\/tr><tr><td><strong>At\u00e9 dia 20<\/strong><\/td><td>IVA<\/td><td>Envio eletr\u00f3nico da Declara\u00e7\u00e3o Recapitulativa para opera\u00e7\u00f5es at\u00e9 50.000\u20ac &#8211; Regime normal trimestral<\/td><\/tr><tr><td><\/td><td>Imposto do Selo<\/td><td>Entrega da Declara\u00e7\u00e3o Mensal do Imposto do Selo e respetivo pagamento<\/td><\/tr><tr><td><\/td><td>IVA<\/td><td>Envio eletr\u00f3nico da Declara\u00e7\u00e3o Recapitulativa para opera\u00e7\u00f5es acima de 50.000\u20ac &#8211; Regime normal mensal \/ trimestral<\/td><\/tr><tr><td><\/td><td>IRS \/ IRC<\/td><td>Envio da declara\u00e7\u00e3o e pagamento do IRS e IRC, referentes ao m\u00eas anterior<\/td><\/tr><tr><td><\/td><td>IVA<\/td><td>Envio eletr\u00f3nico da Declara\u00e7\u00e3o Peri\u00f3dica e anexos (agosto) &#8211; Regime normal mensal<\/td><\/tr><tr><td><\/td><td>SS<\/td><td>Pagamento das contribui\u00e7\u00f5es para a Seguran\u00e7a Social<\/td><\/tr><tr><td><strong>At\u00e9 dia 21<\/strong><\/td><td>Banco de Portugal<\/td><td>COPE &#8211; Comunica\u00e7\u00e3o de Opera\u00e7\u00f5es e Posi\u00e7\u00f5es com o Exterior relativas ao m\u00eas anterior<\/td><\/tr><tr><td><strong>At\u00e9 dia 27<\/strong><\/td><td>IVA<\/td><td>Pagamento do IVA relativo \u00e0s opera\u00e7\u00f5es efetuadas em agosto &#8211; Regime normal mensal<\/td><\/tr><tr><td><strong>At\u00e9 dia 31<\/strong><\/td><td>IRC \/ IRS<\/td><td>Envio da Declara\u00e7\u00e3o Modelo 30 de rendimentos de sujeitos passivos n\u00e3o residentes (agosto)<\/td><\/tr><tr><td><\/td><td>IVA<\/td><td>Op\u00e7\u00e3o por regime de contabilidade de caixa em sede de IVA<\/td><\/tr><tr><td><\/td><td>IUC<\/td><td>Pagamento do IUC referente a Outubro 2025<\/td><\/tr><tr><td><\/td><td>SS<\/td><td>Envio da Declara\u00e7\u00e3o Trimestral por trabalhadores independentes (julho, agosto, setembro)<\/td><\/tr><\/tbody><\/table><\/figure>","protected":false},"excerpt":{"rendered":"<p>Outubro aproxima-se e, com ele, chegam v\u00e1rias obriga\u00e7\u00f5es fiscais para as empresas em Portugal. Para garantir que a sua empresa se mant\u00e9m em conformidade e evita coimas desnecess\u00e1rias, \u00e9 fundamental conhecer todos os prazos para a entrega de declara\u00e7\u00f5es e pagamento de impostos. Apresentamos o calend\u00e1rio fiscal para empresas com todas as datas importantes de [&hellip;]<\/p>","protected":false},"author":2,"featured_media":25466,"comment_status":"closed","ping_status":"open","sticky":false,"template":"","format":"standard","meta":{"_acf_changed":false,"footnotes":""},"categories":[1235,3,1,171,519],"tags":[1561,1717],"class_list":["post-25464","post","type-post","status-publish","format-standard","has-post-thumbnail","hentry","category-calendario-fiscal","category-contabilidade","category-noticias","category-obrigacoes-fiscais","category-rubricas","tag-calendario-fiscal-para-empresas","tag-outubro-2025"],"acf":[],"_links":{"self":[{"href":"https:\/\/reward.pt\/en\/wp-json\/wp\/v2\/posts\/25464","targetHints":{"allow":["GET"]}}],"collection":[{"href":"https:\/\/reward.pt\/en\/wp-json\/wp\/v2\/posts"}],"about":[{"href":"https:\/\/reward.pt\/en\/wp-json\/wp\/v2\/types\/post"}],"author":[{"embeddable":true,"href":"https:\/\/reward.pt\/en\/wp-json\/wp\/v2\/users\/2"}],"replies":[{"embeddable":true,"href":"https:\/\/reward.pt\/en\/wp-json\/wp\/v2\/comments?post=25464"}],"version-history":[{"count":1,"href":"https:\/\/reward.pt\/en\/wp-json\/wp\/v2\/posts\/25464\/revisions"}],"predecessor-version":[{"id":25467,"href":"https:\/\/reward.pt\/en\/wp-json\/wp\/v2\/posts\/25464\/revisions\/25467"}],"wp:featuredmedia":[{"embeddable":true,"href":"https:\/\/reward.pt\/en\/wp-json\/wp\/v2\/media\/25466"}],"wp:attachment":[{"href":"https:\/\/reward.pt\/en\/wp-json\/wp\/v2\/media?parent=25464"}],"wp:term":[{"taxonomy":"category","embeddable":true,"href":"https:\/\/reward.pt\/en\/wp-json\/wp\/v2\/categories?post=25464"},{"taxonomy":"post_tag","embeddable":true,"href":"https:\/\/reward.pt\/en\/wp-json\/wp\/v2\/tags?post=25464"}],"curies":[{"name":"wp","href":"https:\/\/api.w.org\/{rel}","templated":true}]}}