{"id":25505,"date":"2025-11-12T17:57:42","date_gmt":"2025-11-12T17:57:42","guid":{"rendered":"https:\/\/reward.pt\/?p=25505"},"modified":"2025-11-12T17:57:53","modified_gmt":"2025-11-12T17:57:53","slug":"reforco-do-ific-para-a-linha-ia-nas-pme","status":"publish","type":"post","link":"https:\/\/reward.pt\/en\/reforco-do-ific-para-a-linha-ia-nas-pme\/","title":{"rendered":"Refor\u00e7o do IFIC para a linha IA nas PME"},"content":{"rendered":"<p>O IFIC vai ser refor\u00e7ado em 617 milh\u00f5es de euros pelo Banco de Fomento devido \u00e0 reprograma\u00e7\u00e3o do PRR. Parte desse refor\u00e7o ser\u00e1 dedicado \u00e0 linha IA nas PME, com uma dota\u00e7\u00e3o original de 100 milh\u00f5es de euros, depois do sucesso na procura pelas PME.<\/p>\n\n\n\n<p>A informa\u00e7\u00e3o foi adiantada pelo ministro Castro Almeida, que indicou que existiram candidaturas de 850 milh\u00f5es para 100 milh\u00f5es de euros, o que significa que a procura superou a oferta em 8 vezes. Registaram-se 3805 candidaturas ao aviso e, para aproveitar a procura das empresas portuguesas por IA, ser\u00e1 posto \u201cmais dinheiro na intelig\u00eancia artificial\u201d com os 617 milh\u00f5es a acrescentar ao IFIC (n\u00e3o exclusivamente \u00e0 linha IA nas PME).<\/p>\n\n\n\n<p>O Governo est\u00e1 a organizar uma miss\u00e3o muito alargada de apoio \u00e0s PME para difundir a intelig\u00eancia artificial, em conjunto com o IAPMEI, CIP, universidades e centros de investiga\u00e7\u00e3o. Esta miss\u00e3o tem como objetivo impedir que as empresas portuguesas n\u00e3o acompanhem a ado\u00e7\u00e3o da IA nos seus processos e m\u00e9todos de produ\u00e7\u00e3o.<\/p>\n\n\n\n<p>Castro Almeida indica que ir\u00e3o \u201corganizar a\u00e7\u00f5es dirigidas aos diferentes clusters para mostrar potencialidades que as empresas t\u00eam no uso da IA\u201d. Considera tamb\u00e9m que existem projetos suficientes para aumentar a dota\u00e7\u00e3o do IFIC para 932 milh\u00f5es de euros.<\/p>\n\n\n\n<p>\u201cVamos organizar a\u00e7\u00f5es dirigidas aos diferentes clusters para mostrar potencialidades que as empresas t\u00eam no uso da intelig\u00eancia artificial. A CIP vai ajudar-nos, vai participar nessa miss\u00e3o, mas vamos tamb\u00e9m usar as universidades, os centros de investiga\u00e7\u00e3o para fazer a divulga\u00e7\u00e3o.\u201d Indica o ministro.<\/p>\n\n\n\n<p>Ainda foi apontado o alerta para um problema que sempre apontou ao PRR, cujo \u201cexcesso\u201d de fundos canalizados para o estado, em detrimento dos fundos canalizados para as empresas eram um pecado. Portugal estaria a desperdi\u00e7ar uma oportunidade de crescimento, principalmente em regi\u00f5es como Lisboa e Algarve, que t\u00eam menor elegibilidade nos fundos comunit\u00e1rios.<\/p>\n\n\n\n<p>\u201cMesmo que coloc\u00e1ssemos os 22 mil milh\u00f5es do PRR apenas em Lisboa, havia onde gastar. O problema n\u00e3o \u00e9 falta de infraestruturas, \u00e9 falta de rendimentos\u201d, afirmou, adiantando que os sal\u00e1rios e pens\u00f5es continuam baixos e o crescimento econ\u00f3mico \u201cs\u00f3 se faz com despesa\u201d.<\/p>\n\n\n\n<p>O governante considera que o Governo cometeu um erro ao privilegiar o investimento p\u00fablico, quando deveria ter apostado no refor\u00e7o da competitividade e inova\u00e7\u00e3o empresarial. A preocupa\u00e7\u00e3o atual reside na execu\u00e7\u00e3o das obras, com algum receio sobre a capacidade das empresas de constru\u00e7\u00e3o cumprirem os calend\u00e1rios PRR e Portugal 2030.<\/p>","protected":false},"excerpt":{"rendered":"<p>O IFIC vai ser refor\u00e7ado em 617 milh\u00f5es de euros pelo Banco de Fomento devido \u00e0 reprograma\u00e7\u00e3o do PRR. Parte desse refor\u00e7o ser\u00e1 dedicado \u00e0 linha IA nas PME, com uma dota\u00e7\u00e3o original de 100 milh\u00f5es de euros, depois do sucesso na procura pelas PME. A informa\u00e7\u00e3o foi adiantada pelo ministro Castro Almeida, que indicou [&hellip;]<\/p>","protected":false},"author":2,"featured_media":25506,"comment_status":"open","ping_status":"open","sticky":false,"template":"","format":"standard","meta":{"_acf_changed":false,"footnotes":""},"categories":[1,40,519,7],"tags":[1703],"class_list":["post-25505","post","type-post","status-publish","format-standard","has-post-thumbnail","hentry","category-noticias","category-prr","category-rubricas","category-sistemas-de-incentivos","tag-ific"],"acf":[],"_links":{"self":[{"href":"https:\/\/reward.pt\/en\/wp-json\/wp\/v2\/posts\/25505","targetHints":{"allow":["GET"]}}],"collection":[{"href":"https:\/\/reward.pt\/en\/wp-json\/wp\/v2\/posts"}],"about":[{"href":"https:\/\/reward.pt\/en\/wp-json\/wp\/v2\/types\/post"}],"author":[{"embeddable":true,"href":"https:\/\/reward.pt\/en\/wp-json\/wp\/v2\/users\/2"}],"replies":[{"embeddable":true,"href":"https:\/\/reward.pt\/en\/wp-json\/wp\/v2\/comments?post=25505"}],"version-history":[{"count":2,"href":"https:\/\/reward.pt\/en\/wp-json\/wp\/v2\/posts\/25505\/revisions"}],"predecessor-version":[{"id":25508,"href":"https:\/\/reward.pt\/en\/wp-json\/wp\/v2\/posts\/25505\/revisions\/25508"}],"wp:featuredmedia":[{"embeddable":true,"href":"https:\/\/reward.pt\/en\/wp-json\/wp\/v2\/media\/25506"}],"wp:attachment":[{"href":"https:\/\/reward.pt\/en\/wp-json\/wp\/v2\/media?parent=25505"}],"wp:term":[{"taxonomy":"category","embeddable":true,"href":"https:\/\/reward.pt\/en\/wp-json\/wp\/v2\/categories?post=25505"},{"taxonomy":"post_tag","embeddable":true,"href":"https:\/\/reward.pt\/en\/wp-json\/wp\/v2\/tags?post=25505"}],"curies":[{"name":"wp","href":"https:\/\/api.w.org\/{rel}","templated":true}]}}