{"id":25512,"date":"2025-12-02T12:19:36","date_gmt":"2025-12-02T12:19:36","guid":{"rendered":"https:\/\/reward.pt\/?p=25512"},"modified":"2025-12-02T12:25:00","modified_gmt":"2025-12-02T12:25:00","slug":"principais-novidades-do-oe2026-para-empresas","status":"publish","type":"post","link":"https:\/\/reward.pt\/en\/principais-novidades-do-oe2026-para-empresas\/","title":{"rendered":"Principais novidades do OE2026 para empresas"},"content":{"rendered":"<p>O OE2026 foi aprovado a 27 de novembro 2025 em vota\u00e7\u00e3o global e com v\u00e1rias altera\u00e7\u00f5es introduzidas na fase de especialidade. Entre as propostas deixadas pelos partidos, algumas medidas ir\u00e3o impactar mais as empresas.<\/p>\n\n\n\n<p>Aqui fica a lista das principais novidades do Or\u00e7amento do Estado 2026 para as empresas.<\/p>\n\n\n\n<div style=\"height:40px\" aria-hidden=\"true\" class=\"wp-block-spacer\"><\/div>\n\n\n\n<h2 class=\"wp-block-heading\">Descida da taxa de IRC para 19%<\/h2>\n\n\n\n<p>As empresas v\u00e3o pagar menos IRC em 2026 com a redu\u00e7\u00e3o de 1 ponto percentual da taxa (de 20% em 2025 para 19% em 2026). A redu\u00e7\u00e3o das PME e das Small Mid Caps, ou empresas de pequena-m\u00e9dia capitaliza\u00e7\u00e3o, a taxa de IRC aplic\u00e1vel aos primeiros 50 mil euros de mat\u00e9ria colet\u00e1vel ser\u00e1 de 15%.<\/p>\n\n\n\n<p>A proposta foi aprovada em setembro 2025 e deve custar aproximadamente 300 milh\u00f5es de euros por ano, segundo previs\u00f5es governamentais. \u00c9 uma reforma fiscal assente na redu\u00e7\u00e3o gradual da derrama estadual, com um papel determinante para aliviar a carga fiscal e promover o investimento, emprego, sal\u00e1rios e crescimento da economia.<\/p>\n\n\n\n<div style=\"height:40px\" aria-hidden=\"true\" class=\"wp-block-spacer\"><\/div>\n\n\n\n<h2 class=\"wp-block-heading\">Suspens\u00e3o do agravamento das tributa\u00e7\u00f5es aut\u00f3nomas<\/h2>\n\n\n\n<p>As empresas com preju\u00edzos n\u00e3o ir\u00e3o sofrer uma penaliza\u00e7\u00e3o de 10% nas tributa\u00e7\u00f5es aut\u00f3nomas em IRC em 2026, de acordo com a proposta de altera\u00e7\u00e3o aprovada. A norma do c\u00f3digo de IRC tem estado suspensa transitoriamente desde a pandemia e n\u00e3o ser\u00e1 reativada no pr\u00f3ximo ano.<\/p>\n\n\n\n<p>Trata-se de um imposto adicional aplicado sobre certas despesas e\/ou encargos das empresas, em especial sobre as viaturas usadas pelas sociedades. Determina que as taxas de tributa\u00e7\u00e3o aut\u00f3noma s\u00e3o elevadas em 10% para as empresas que no ano fiscal em causa apresentem preju\u00edzo fiscal, exceto nos primeiros 2 anos de atividade.<\/p>\n\n\n\n<div style=\"height:40px\" aria-hidden=\"true\" class=\"wp-block-spacer\"><\/div>\n\n\n\n<h2 class=\"wp-block-heading\">Alargamento do benef\u00edcio de IRC \u00e0s empresas na Zona Franca da Madeira<\/h2>\n\n\n\n<p>O benef\u00edcio fiscal em sede de IRC \u00e0s empresa que operam na Zona Franca da Madeira foi alargado at\u00e9 31 de dezembro 2033. Tal se deve \u00e0 aprova\u00e7\u00e3o da proposta de altera\u00e7\u00e3o anteriormente apresentada e que prolonga o regime at\u00e9 2033.<\/p>\n\n\n\n<p>Assim sendo, \u201cos rendimentos das entidades licenciadas para operar na Zona Franca da Madeira a partir de 1 de janeiro de 2015 e at\u00e9 31 de dezembro 2026 s\u00e3o tributados em IRC at\u00e9 31 de dezembro de 2033, \u00e0 taxa de 5%\u201d. Os s\u00f3cios e\/ou acionistas das sociedades licenciadas para operar na ZFM tamb\u00e9m gozam de isen\u00e7\u00e3o de IRS oiu IRC at\u00e9 31 de dezembro 2033.<\/p>\n\n\n\n<div style=\"height:40px\" aria-hidden=\"true\" class=\"wp-block-spacer\"><\/div>\n\n\n\n<h2 class=\"wp-block-heading\">Refor\u00e7o dos mecanismos de fundos comunit\u00e1rios<\/h2>\n\n\n\n<p>O OE2026 tamb\u00e9m trar\u00e1 um refor\u00e7o dos mecanismos dispon\u00edveis de fundos comunit\u00e1rios, com aten\u00e7\u00e3o refor\u00e7ada \u00e0s necessidades das microempresas, PME e startups. O objetivo \u00e9 permitir que neg\u00f3cios com potencial possam chegar mais longe atrav\u00e9s de mais investimento, mais inova\u00e7\u00e3o e mais cria\u00e7\u00e3o de valor acrescentado.<\/p>\n\n\n\n<p>O ramo agroalimentar mant\u00e9m os apoios, estabelecendo como prioridades o desenvolvimento produtivo, rendimento e renova\u00e7\u00e3o geracional na agricultura e pescas. O executivo governamental tamb\u00e9m ir\u00e1 acelerar a execu\u00e7\u00e3o de fundos e reduzir o tempo m\u00e9dio de decis\u00e3o nas candidaturas Portugal 2030 (m\u00e1ximo de 30 dias).<\/p>\n\n\n\n<div style=\"height:40px\" aria-hidden=\"true\" class=\"wp-block-spacer\"><\/div>\n\n\n\n<h2 class=\"wp-block-heading\">Adiamento da obrigatoriedade de apresenta\u00e7\u00e3o de SAF-T da contabilidade<\/h2>\n\n\n\n<p>Foi novamente adiada pelo governo a obrigatoriedade de entrega do ficheiro SAF-T (PT) da contabilidade, que re\u00fane toda a informa\u00e7\u00e3o contabil\u00edstica e fiscal de uma empresa. Nos termos definidos pela Portaria n.\u00ba 31\/2019, de 24 de janeiro, \u00e9 aplic\u00e1vel a 2027 e seguintes, a entregar em 2028 ou em per\u00edodos seguintes. A obrigatoriedade de apresenta\u00e7\u00e3o do ficheiro SAF-T da contabilidade estava prevista para os per\u00edodos a partir de 2026 (respetiva entrega em 2027).<\/p>\n\n\n\n<p>A fatura\u00e7\u00e3o eletr\u00f3nica tamb\u00e9m foi alvo de adiamento pois \u201cat\u00e9 dia 31 de dezembro 2026 ser\u00e3o aceites faturas em ficheiro PDF, sendo consideradas como faturas eletr\u00f3nicas para todos os efeitos previstos na legisla\u00e7\u00e3o\u201d.<\/p>\n\n\n\n<p>A medida de fatura\u00e7\u00e3o eletr\u00f3nica j\u00e1 \u00e9 aplicada nas grandes empresas desde 2021, mas para as restantes empresas (PME) tem sido adiada desde 2022, pelo que o prazo atualmente fixado para ades\u00e3o \u00e0 fatura\u00e7\u00e3o eletr\u00f3nica era 1 de janeiro 2026.<\/p>\n\n\n\n<div style=\"height:40px\" aria-hidden=\"true\" class=\"wp-block-spacer\"><\/div>\n\n\n\n<h2 class=\"wp-block-heading\">Cria\u00e7\u00e3o de regime de grupos de IVA<\/h2>\n\n\n\n<p>Como j\u00e1 informado anteriormente, em janeiro 2026 vai entrar em vigor o <a href=\"https:\/\/reward.pt\/en\/grupos-de-iva-aprovados-o-que-e-quando-comeca-qual-o-objetivo-como-funciona\/\">regime de grupos de IVA<\/a> para os grupos econ\u00f3micos consolidarem valores do imposto a pagar ou recuperar perante o Estado. Esta medida vai consolidar saldos de IVA a pagar e recuperar entre empresas do mesmo grupo e estava prevista no programa \u201c<a href=\"https:\/\/reward.pt\/en\/programa-acelerar-a-economia-governo-releva-dados-sobre-execucao\/\">Acelerar a economia<\/a>\u201d de 2024, composto por&nbsp;<a href=\"https:\/\/reward.pt\/en\/todas-as-60-medidas-do-programa-acelerar-a-economia\/\">60 medidas<\/a>.<\/p>\n\n\n\n<p>A ades\u00e3o aos Grupos de IVA \u00e9 facultativa, mas, caso as empresas decidam aderir ao regime, devem permanecer no mesmo por um per\u00edodo m\u00ednimo de 3 anos. Aplica-se a grupos de sociedades que cumpram requisitos como:<\/p>\n\n\n\n<ul class=\"wp-block-list\">\n<li>A entidade dominante deter participa\u00e7\u00e3o (direta ou indireta) de &gt;75% do capital de outras entidades dominadas;<\/li>\n\n\n\n<li>Os &gt;75% podem ter a forma de participa\u00e7\u00f5es diretas e indiretas, incluindo atrav\u00e9s de empresas da UE\/EEE quando existe coopera\u00e7\u00e3o administativa<\/li>\n\n\n\n<li>A participa\u00e7\u00e3o da entidade dominante nas entidades dominadas lhe confira mais de 50% dos direitos de voto<\/li>\n\n\n\n<li>As empresas devem possuir objetivos semelhantes ou ligados e uma dire\u00e7\u00e3o comum (ou seguir a mesma estrat\u00e9gia)<\/li>\n\n\n\n<li>A posi\u00e7\u00e3o da entidade dominante seja mantida por per\u00edodo superior a 1 ano<\/li>\n\n\n\n<li>Cada empresa deve ter sede ou estabelecimento est\u00e1vel em territ\u00f3rio portugu\u00eas<\/li>\n\n\n\n<li>Cada empresa deve realizar opera\u00e7\u00f5es com direito a deduzir IVA e estar no regime mensal de IVA (se n\u00e3o estiver, a AT pode enquadrar)<\/li>\n\n\n\n<li>Uma empresa n\u00e3o pode estar em dois grupos em simult\u00e2neo<\/li>\n\n\n\n<li>A empresa dominante n\u00e3o pode ser dominada por outra empresa com sede em Portugal<\/li>\n<\/ul>\n\n\n\n<div style=\"height:40px\" aria-hidden=\"true\" class=\"wp-block-spacer\"><\/div>\n\n\n\n<h2 class=\"wp-block-heading\">Altera\u00e7\u00f5es ao SIFIDE e fim do SIFIDE indireto<\/h2>\n\n\n\n<p>O Governo avan\u00e7ou com altera\u00e7\u00f5es ao SIFIDE, o benef\u00edcio fiscal sobre I&amp;D. O SIFIDE indireto, atrav\u00e9s de fundos de investimento, n\u00e3o vai continuar (ao contr\u00e1rio do SIFIDE direto). Assim sendo, o governo aumentou o prazo para uso do stock dispon\u00edvel nos fundos, de 3 para 5 anos, mas n\u00e3o ser\u00e3o permitidas novas entradas a partir de 1 de janeiro 2026.<\/p>","protected":false},"excerpt":{"rendered":"<p>O OE2026 foi aprovado a 27 de novembro 2025 em vota\u00e7\u00e3o global e com v\u00e1rias altera\u00e7\u00f5es introduzidas na fase de especialidade. Entre as propostas deixadas pelos partidos, algumas medidas ir\u00e3o impactar mais as empresas. Aqui fica a lista das principais novidades do Or\u00e7amento do Estado 2026 para as empresas. Descida da taxa de IRC para [&hellip;]<\/p>","protected":false},"author":2,"featured_media":25515,"comment_status":"closed","ping_status":"open","sticky":false,"template":"","format":"standard","meta":{"_acf_changed":false,"footnotes":""},"categories":[3,809,8,27,19,1,519],"tags":[68,1730],"class_list":["post-25512","post","type-post","status-publish","format-standard","has-post-thumbnail","hentry","category-contabilidade","category-destaque","category-empreendedorismo","category-empresas","category-guias-reward-consulting","category-noticias","category-rubricas","tag-empresas","tag-oe2026"],"acf":[],"_links":{"self":[{"href":"https:\/\/reward.pt\/en\/wp-json\/wp\/v2\/posts\/25512","targetHints":{"allow":["GET"]}}],"collection":[{"href":"https:\/\/reward.pt\/en\/wp-json\/wp\/v2\/posts"}],"about":[{"href":"https:\/\/reward.pt\/en\/wp-json\/wp\/v2\/types\/post"}],"author":[{"embeddable":true,"href":"https:\/\/reward.pt\/en\/wp-json\/wp\/v2\/users\/2"}],"replies":[{"embeddable":true,"href":"https:\/\/reward.pt\/en\/wp-json\/wp\/v2\/comments?post=25512"}],"version-history":[{"count":1,"href":"https:\/\/reward.pt\/en\/wp-json\/wp\/v2\/posts\/25512\/revisions"}],"predecessor-version":[{"id":25514,"href":"https:\/\/reward.pt\/en\/wp-json\/wp\/v2\/posts\/25512\/revisions\/25514"}],"wp:featuredmedia":[{"embeddable":true,"href":"https:\/\/reward.pt\/en\/wp-json\/wp\/v2\/media\/25515"}],"wp:attachment":[{"href":"https:\/\/reward.pt\/en\/wp-json\/wp\/v2\/media?parent=25512"}],"wp:term":[{"taxonomy":"category","embeddable":true,"href":"https:\/\/reward.pt\/en\/wp-json\/wp\/v2\/categories?post=25512"},{"taxonomy":"post_tag","embeddable":true,"href":"https:\/\/reward.pt\/en\/wp-json\/wp\/v2\/tags?post=25512"}],"curies":[{"name":"wp","href":"https:\/\/api.w.org\/{rel}","templated":true}]}}